


{"id":124439,"date":"2026-09-04T18:44:45","date_gmt":"2026-09-04T21:44:45","guid":{"rendered":"https:\/\/terradomandu.com.br\/?p=124439"},"modified":"2026-09-04T21:18:18","modified_gmt":"2026-09-05T00:18:18","slug":"acidente-entre-moto-e-carro-em-pouso-alegre-deixa-vitima-e-moto-e-apreendida","status":"publish","type":"post","link":"https:\/\/terradomandu.com.br\/index.php\/2026\/09\/04\/acidente-entre-moto-e-carro-em-pouso-alegre-deixa-vitima-e-moto-e-apreendida\/","title":{"rendered":"Acidente entre moto e carro em Pouso Alegre deixa v\u00edtima e moto \u00e9 apreendida"},"content":{"rendered":"<p><iframe loading=\"lazy\" title=\"Motociclista fica ferido em batida entre moto e carro em Pouso Alegre e tem ve\u00edculo apreendido\" width=\"500\" height=\"281\" src=\"https:\/\/www.youtube.com\/embed\/Ew9jTalFdzc?feature=oembed\" frameborder=\"0\" allow=\"accelerometer; autoplay; clipboard-write; encrypted-media; gyroscope; picture-in-picture; web-share\" referrerpolicy=\"strict-origin-when-cross-origin\" allowfullscreen><\/iframe><\/p>\n<p>Um motociclista de 36 anos foi socorrido pelo Samu no acidente entre moto e carro. A batida aconteceu por volta de 13h, em uma das vias mais movimentadas de Pouso Alegre, a Avenida Prefeito Olavo Gomes de Oliveira, na regi\u00e3o do Foch.<\/p>\n<p>O acidente mobilizou ainda a Pol\u00edcia Militar e agente municipais de tr\u00e2nsito.<br \/>\nSegundo o Samu, a v\u00edtima teve ferimentos leves e sentia dor na regi\u00e3o do quadril. O homem foi levado para o pronto socorro local.<\/p>\n<p>A PM apreendeu a moto dele, j\u00e1 que a documenta\u00e7\u00e3o estava atrasada. Vale lembrar que aqui em Minas Gerais j\u00e1 \u00e9 exigido desde 1\u00ba de setembro que os motoristas estejam com o licenciamento do ve\u00edculo quitado no exerc\u00edcio 2026, com placas finais 1, 2 e 3.<\/p>\n<p>As demais placas ter\u00e3o vencimento a partir de 1\u00ba de outubro e 1\u00ba de novembro. Dirigir sem esse documento em dia \u00e9 infra\u00e7\u00e3o grav\u00edssima com 7 pontos na CNH, multa de R$ 293,47 e remo\u00e7\u00e3o do ve\u00edculo.<\/p>\n<div id=\"attachment_124440\" style=\"width: 950px\" class=\"wp-caption aligncenter\"><img loading=\"lazy\" decoding=\"async\" aria-describedby=\"caption-attachment-124440\" class=\"wp-image-124440 size-full\" src=\"http:\/\/terradomandu.com.br\/wp-content\/uploads\/2026\/09\/Batida-entre-moto-e-carro-na-regiao-do-Foch-tem-moto-apreendida-e-vitima-leve.-Imagem-Prefeitura.jpeg\" alt=\"\" width=\"940\" height=\"529\" srcset=\"https:\/\/terradomandu.com.br\/wp-content\/uploads\/2026\/09\/Batida-entre-moto-e-carro-na-regiao-do-Foch-tem-moto-apreendida-e-vitima-leve.-Imagem-Prefeitura.jpeg 940w, https:\/\/terradomandu.com.br\/wp-content\/uploads\/2026\/09\/Batida-entre-moto-e-carro-na-regiao-do-Foch-tem-moto-apreendida-e-vitima-leve.-Imagem-Prefeitura-300x169.jpeg 300w, https:\/\/terradomandu.com.br\/wp-content\/uploads\/2026\/09\/Batida-entre-moto-e-carro-na-regiao-do-Foch-tem-moto-apreendida-e-vitima-leve.-Imagem-Prefeitura-768x432.jpeg 768w\" sizes=\"auto, (max-width: 940px) 100vw, 940px\" \/><p id=\"caption-attachment-124440\" class=\"wp-caption-text\">Acidente entre moto e carro termina com motociclista socorrido e moto apreendida. Imagem Prefeitura de Pouso Alegre.<\/p><\/div>\n<div class=\"fb-background-color\">\n\t\t\t  <div \n\t\t\t  \tclass = \"fb-comments\" \n\t\t\t  \tdata-href = \"https:\/\/terradomandu.com.br\/index.php\/2026\/09\/04\/acidente-entre-moto-e-carro-em-pouso-alegre-deixa-vitima-e-moto-e-apreendida\/\"\n\t\t\t  \tdata-numposts = \"10\"\n\t\t\t  \tdata-lazy = \"true\"\n\t\t\t\tdata-colorscheme = \"light\"\n\t\t\t\tdata-order-by = \"social\"\n\t\t\t\tdata-mobile=true>\n\t\t\t  <\/div><\/div>\n\t\t  <style>\n\t\t    .fb-background-color {\n\t\t\t\tbackground: #ffffff !important;\n\t\t\t}\n\t\t\t.fb_iframe_widget_fluid_desktop iframe {\n\t\t\t    width: 100% !important;\n\t\t\t}\n\t\t  <\/style>\n\t\t  ","protected":false},"excerpt":{"rendered":"<p>Um motociclista de 36 anos foi socorrido pelo Samu no acidente entre moto e carro. A batida aconteceu por volta de 13h, em uma das vias mais movimentadas de Pouso Alegre, a Avenida Prefeito Olavo Gomes de Oliveira, na regi\u00e3o do Foch. O acidente mobilizou ainda a Pol\u00edcia Militar e agente municipais de tr\u00e2nsito. Segundo [&hellip;]<\/p>\n","protected":false},"author":15,"featured_media":124440,"comment_status":"open","ping_status":"closed","sticky":false,"template":"","format":"standard","meta":{"_acf_changed":false,"kia_subtitle":"Motociclista de 36 anos foi socorrido pelo Samu em uma das avenidas mais movimentadas da cidade. Moto estava com documenta\u00e7\u00e3o atrasada.","_jetpack_newsletter_access":"","_jetpack_dont_email_post_to_subs":false,"_jetpack_newsletter_tier_id":0,"_jetpack_memberships_contains_paywalled_content":false,"_jetpack_feature_clip_id":0,"_jetpack_memberships_contains_paid_content":false,"footnotes":"","jetpack_post_was_ever_published":false},"categories":[20],"tags":[9721],"class_list":["post-124439","post","type-post","status-publish","format-standard","has-post-thumbnail","hentry","category-noticia","tag-documento-estava-atrasado"],"acf":[],"yoast_head":"<!-- This site is optimized with the Yoast SEO plugin v27.9 - https:\/\/yoast.com\/product\/yoast-seo-wordpress\/ -->\n<title>Acidente entre moto e carro em Pouso Alegre deixa v\u00edtima e moto \u00e9 apreendida<\/title>\n<meta name=\"description\" content=\"Homem de 36 anos foi socorrido pelo Samu ap\u00f3s batida entre carro e moto, em uma das avenidas mais movimentadas de Pouso Alegre. Moto estava com documenta\u00e7\u00e3o atrasada.\" \/>\n<meta name=\"robots\" content=\"index, follow, max-snippet:-1, max-image-preview:large, max-video-preview:-1\" \/>\n<link rel=\"canonical\" href=\"https:\/\/terradomandu.com.br\/index.php\/2026\/09\/04\/acidente-entre-moto-e-carro-em-pouso-alegre-deixa-vitima-e-moto-e-apreendida\/\" \/>\n<meta property=\"og:locale\" content=\"pt_BR\" \/>\n<meta property=\"og:type\" content=\"article\" \/>\n<meta property=\"og:title\" content=\"Acidente entre moto e carro em Pouso Alegre deixa v\u00edtima e moto \u00e9 apreendida\" \/>\n<meta property=\"og:description\" content=\"Homem de 36 anos foi socorrido pelo Samu ap\u00f3s batida entre carro e moto, em uma das avenidas mais movimentadas de Pouso Alegre. Moto estava com documenta\u00e7\u00e3o atrasada.\" \/>\n<meta property=\"og:url\" content=\"https:\/\/terradomandu.com.br\/index.php\/2026\/09\/04\/acidente-entre-moto-e-carro-em-pouso-alegre-deixa-vitima-e-moto-e-apreendida\/\" \/>\n<meta property=\"og:site_name\" content=\"Terra do Mandu - Not\u00edcias de Pouso Alegre e regi\u00e3o\" \/>\n<meta property=\"article:publisher\" content=\"https:\/\/www.facebook.com\/terradomandu\/\" \/>\n<meta property=\"article:published_time\" content=\"2026-09-04T21:44:45+00:00\" \/>\n<meta property=\"article:modified_time\" content=\"2026-09-05T00:18:18+00:00\" \/>\n<meta property=\"og:image\" content=\"http:\/\/terradomandu.com.br\/wp-content\/uploads\/2026\/09\/Batida-entre-moto-e-carro-na-regiao-do-Foch-tem-moto-apreendida-e-vitima-leve.-Imagem-Prefeitura.jpeg\" \/>\n\t<meta property=\"og:image:width\" content=\"940\" \/>\n\t<meta property=\"og:image:height\" content=\"529\" \/>\n\t<meta property=\"og:image:type\" content=\"image\/jpeg\" \/>\n<meta name=\"author\" content=\"Nayara Andery\" \/>\n<meta name=\"twitter:card\" content=\"summary_large_image\" \/>\n<meta name=\"twitter:creator\" content=\"@terradomandu\" \/>\n<meta name=\"twitter:site\" content=\"@terradomandu\" \/>\n<meta name=\"twitter:label1\" content=\"Escrito por\" \/>\n\t<meta name=\"twitter:data1\" content=\"Nayara Andery\" \/>\n\t<meta name=\"twitter:label2\" content=\"Est. tempo de leitura\" \/>\n\t<meta name=\"twitter:data2\" content=\"2 minutos\" \/>\n<script type=\"application\/ld+json\" class=\"yoast-schema-graph\">{\"@context\":\"https:\\\/\\\/schema.org\",\"@graph\":[{\"@type\":\"Article\",\"@id\":\"https:\\\/\\\/terradomandu.com.br\\\/index.php\\\/2026\\\/09\\\/04\\\/acidente-entre-moto-e-carro-em-pouso-alegre-deixa-vitima-e-moto-e-apreendida\\\/#article\",\"isPartOf\":{\"@id\":\"https:\\\/\\\/terradomandu.com.br\\\/index.php\\\/2026\\\/09\\\/04\\\/acidente-entre-moto-e-carro-em-pouso-alegre-deixa-vitima-e-moto-e-apreendida\\\/\"},\"author\":{\"name\":\"Nayara Andery\",\"@id\":\"https:\\\/\\\/terradomandu.com.br\\\/#\\\/schema\\\/person\\\/061b2b0225000e5ec3b1ae824adef593\"},\"headline\":\"Acidente entre moto e carro em Pouso Alegre deixa v\u00edtima e moto \u00e9 apreendida\",\"datePublished\":\"2026-09-04T21:44:45+00:00\",\"dateModified\":\"2026-09-05T00:18:18+00:00\",\"mainEntityOfPage\":{\"@id\":\"https:\\\/\\\/terradomandu.com.br\\\/index.php\\\/2026\\\/09\\\/04\\\/acidente-entre-moto-e-carro-em-pouso-alegre-deixa-vitima-e-moto-e-apreendida\\\/\"},\"wordCount\":205,\"commentCount\":0,\"publisher\":{\"@id\":\"https:\\\/\\\/terradomandu.com.br\\\/#organization\"},\"image\":{\"@id\":\"https:\\\/\\\/terradomandu.com.br\\\/index.php\\\/2026\\\/09\\\/04\\\/acidente-entre-moto-e-carro-em-pouso-alegre-deixa-vitima-e-moto-e-apreendida\\\/#primaryimage\"},\"thumbnailUrl\":\"https:\\\/\\\/terradomandu.com.br\\\/wp-content\\\/uploads\\\/2026\\\/09\\\/Batida-entre-moto-e-carro-na-regiao-do-Foch-tem-moto-apreendida-e-vitima-leve.-Imagem-Prefeitura.jpeg\",\"keywords\":[\"Documento estava atrasado\"],\"articleSection\":[\"Not\u00edcia\"],\"inLanguage\":\"pt-BR\",\"potentialAction\":[{\"@type\":\"CommentAction\",\"name\":\"Comment\",\"target\":[\"https:\\\/\\\/terradomandu.com.br\\\/index.php\\\/2026\\\/09\\\/04\\\/acidente-entre-moto-e-carro-em-pouso-alegre-deixa-vitima-e-moto-e-apreendida\\\/#respond\"]}]},{\"@type\":\"WebPage\",\"@id\":\"https:\\\/\\\/terradomandu.com.br\\\/index.php\\\/2026\\\/09\\\/04\\\/acidente-entre-moto-e-carro-em-pouso-alegre-deixa-vitima-e-moto-e-apreendida\\\/\",\"url\":\"https:\\\/\\\/terradomandu.com.br\\\/index.php\\\/2026\\\/09\\\/04\\\/acidente-entre-moto-e-carro-em-pouso-alegre-deixa-vitima-e-moto-e-apreendida\\\/\",\"name\":\"Acidente entre moto e carro em Pouso Alegre deixa v\u00edtima e moto \u00e9 apreendida\",\"isPartOf\":{\"@id\":\"https:\\\/\\\/terradomandu.com.br\\\/#website\"},\"primaryImageOfPage\":{\"@id\":\"https:\\\/\\\/terradomandu.com.br\\\/index.php\\\/2026\\\/09\\\/04\\\/acidente-entre-moto-e-carro-em-pouso-alegre-deixa-vitima-e-moto-e-apreendida\\\/#primaryimage\"},\"image\":{\"@id\":\"https:\\\/\\\/terradomandu.com.br\\\/index.php\\\/2026\\\/09\\\/04\\\/acidente-entre-moto-e-carro-em-pouso-alegre-deixa-vitima-e-moto-e-apreendida\\\/#primaryimage\"},\"thumbnailUrl\":\"https:\\\/\\\/terradomandu.com.br\\\/wp-content\\\/uploads\\\/2026\\\/09\\\/Batida-entre-moto-e-carro-na-regiao-do-Foch-tem-moto-apreendida-e-vitima-leve.-Imagem-Prefeitura.jpeg\",\"datePublished\":\"2026-09-04T21:44:45+00:00\",\"dateModified\":\"2026-09-05T00:18:18+00:00\",\"description\":\"Homem de 36 anos foi socorrido pelo Samu ap\u00f3s batida entre carro e moto, em uma das avenidas mais movimentadas de Pouso Alegre. Moto estava com documenta\u00e7\u00e3o atrasada.\",\"breadcrumb\":{\"@id\":\"https:\\\/\\\/terradomandu.com.br\\\/index.php\\\/2026\\\/09\\\/04\\\/acidente-entre-moto-e-carro-em-pouso-alegre-deixa-vitima-e-moto-e-apreendida\\\/#breadcrumb\"},\"inLanguage\":\"pt-BR\",\"potentialAction\":[{\"@type\":\"ReadAction\",\"target\":[\"https:\\\/\\\/terradomandu.com.br\\\/index.php\\\/2026\\\/09\\\/04\\\/acidente-entre-moto-e-carro-em-pouso-alegre-deixa-vitima-e-moto-e-apreendida\\\/\"]}]},{\"@type\":\"ImageObject\",\"inLanguage\":\"pt-BR\",\"@id\":\"https:\\\/\\\/terradomandu.com.br\\\/index.php\\\/2026\\\/09\\\/04\\\/acidente-entre-moto-e-carro-em-pouso-alegre-deixa-vitima-e-moto-e-apreendida\\\/#primaryimage\",\"url\":\"https:\\\/\\\/terradomandu.com.br\\\/wp-content\\\/uploads\\\/2026\\\/09\\\/Batida-entre-moto-e-carro-na-regiao-do-Foch-tem-moto-apreendida-e-vitima-leve.-Imagem-Prefeitura.jpeg\",\"contentUrl\":\"https:\\\/\\\/terradomandu.com.br\\\/wp-content\\\/uploads\\\/2026\\\/09\\\/Batida-entre-moto-e-carro-na-regiao-do-Foch-tem-moto-apreendida-e-vitima-leve.-Imagem-Prefeitura.jpeg\",\"width\":940,\"height\":529},{\"@type\":\"BreadcrumbList\",\"@id\":\"https:\\\/\\\/terradomandu.com.br\\\/index.php\\\/2026\\\/09\\\/04\\\/acidente-entre-moto-e-carro-em-pouso-alegre-deixa-vitima-e-moto-e-apreendida\\\/#breadcrumb\",\"itemListElement\":[{\"@type\":\"ListItem\",\"position\":1,\"name\":\"In\u00edcio\",\"item\":\"https:\\\/\\\/terradomandu.com.br\\\/\"},{\"@type\":\"ListItem\",\"position\":2,\"name\":\"Acidente entre moto e carro em Pouso Alegre deixa v\u00edtima e moto \u00e9 apreendida\"}]},{\"@type\":\"WebSite\",\"@id\":\"https:\\\/\\\/terradomandu.com.br\\\/#website\",\"url\":\"https:\\\/\\\/terradomandu.com.br\\\/\",\"name\":\"Terra do Mandu - Not\u00edcias de Pouso Alegre e regi\u00e3o\",\"description\":\"Not\u00edcias de Pouso Alegre e regi\u00e3o. Terra do Mandu \u00e9 jornalismo s\u00e9rio e conte\u00fado pr\u00f3prio.\",\"publisher\":{\"@id\":\"https:\\\/\\\/terradomandu.com.br\\\/#organization\"},\"potentialAction\":[{\"@type\":\"SearchAction\",\"target\":{\"@type\":\"EntryPoint\",\"urlTemplate\":\"https:\\\/\\\/terradomandu.com.br\\\/?s={search_term_string}\"},\"query-input\":{\"@type\":\"PropertyValueSpecification\",\"valueRequired\":true,\"valueName\":\"search_term_string\"}}],\"inLanguage\":\"pt-BR\"},{\"@type\":\"Organization\",\"@id\":\"https:\\\/\\\/terradomandu.com.br\\\/#organization\",\"name\":\"TERRA DO MANDU - NOT\u00cdCIAS DE POUSO ALEGRE E SUL DE MINAS\",\"url\":\"https:\\\/\\\/terradomandu.com.br\\\/\",\"logo\":{\"@type\":\"ImageObject\",\"inLanguage\":\"pt-BR\",\"@id\":\"https:\\\/\\\/terradomandu.com.br\\\/#\\\/schema\\\/logo\\\/image\\\/\",\"url\":\"https:\\\/\\\/terradomandu.com.br\\\/wp-content\\\/uploads\\\/2020\\\/10\\\/logo_azul-1.png\",\"contentUrl\":\"https:\\\/\\\/terradomandu.com.br\\\/wp-content\\\/uploads\\\/2020\\\/10\\\/logo_azul-1.png\",\"width\":1080,\"height\":1080,\"caption\":\"TERRA DO MANDU - NOT\u00cdCIAS DE POUSO ALEGRE E SUL DE MINAS\"},\"image\":{\"@id\":\"https:\\\/\\\/terradomandu.com.br\\\/#\\\/schema\\\/logo\\\/image\\\/\"},\"sameAs\":[\"https:\\\/\\\/www.facebook.com\\\/terradomandu\\\/\",\"https:\\\/\\\/x.com\\\/terradomandu\",\"https:\\\/\\\/www.instagram.com\\\/terradomandu\",\"https:\\\/\\\/www.youtube.com\\\/terradomandu\"]},{\"@type\":\"Person\",\"@id\":\"https:\\\/\\\/terradomandu.com.br\\\/#\\\/schema\\\/person\\\/061b2b0225000e5ec3b1ae824adef593\",\"name\":\"Nayara Andery\",\"image\":{\"@type\":\"ImageObject\",\"inLanguage\":\"pt-BR\",\"@id\":\"https:\\\/\\\/secure.gravatar.com\\\/avatar\\\/cb9f581aa88d54cff130ae816a216b38fe51f4485b5382d335bce4533d72d3e3?s=96&d=mm&r=g\",\"url\":\"https:\\\/\\\/secure.gravatar.com\\\/avatar\\\/cb9f581aa88d54cff130ae816a216b38fe51f4485b5382d335bce4533d72d3e3?s=96&d=mm&r=g\",\"contentUrl\":\"https:\\\/\\\/secure.gravatar.com\\\/avatar\\\/cb9f581aa88d54cff130ae816a216b38fe51f4485b5382d335bce4533d72d3e3?s=96&d=mm&r=g\",\"caption\":\"Nayara Andery\"},\"url\":\"https:\\\/\\\/terradomandu.com.br\\\/index.php\\\/author\\\/nayara\\\/\"}]}<\/script>\n<!-- \/ Yoast SEO plugin. -->","yoast_head_json":{"title":"Acidente entre moto e carro em Pouso Alegre deixa v\u00edtima e moto \u00e9 apreendida","description":"Homem de 36 anos foi socorrido pelo Samu ap\u00f3s batida entre carro e moto, em uma das avenidas mais movimentadas de Pouso Alegre. Moto estava com documenta\u00e7\u00e3o atrasada.","robots":{"index":"index","follow":"follow","max-snippet":"max-snippet:-1","max-image-preview":"max-image-preview:large","max-video-preview":"max-video-preview:-1"},"canonical":"https:\/\/terradomandu.com.br\/index.php\/2026\/09\/04\/acidente-entre-moto-e-carro-em-pouso-alegre-deixa-vitima-e-moto-e-apreendida\/","og_locale":"pt_BR","og_type":"article","og_title":"Acidente entre moto e carro em Pouso Alegre deixa v\u00edtima e moto \u00e9 apreendida","og_description":"Homem de 36 anos foi socorrido pelo Samu ap\u00f3s batida entre carro e moto, em uma das avenidas mais movimentadas de Pouso Alegre. Moto estava com documenta\u00e7\u00e3o atrasada.","og_url":"https:\/\/terradomandu.com.br\/index.php\/2026\/09\/04\/acidente-entre-moto-e-carro-em-pouso-alegre-deixa-vitima-e-moto-e-apreendida\/","og_site_name":"Terra do Mandu - Not\u00edcias de Pouso Alegre e regi\u00e3o","article_publisher":"https:\/\/www.facebook.com\/terradomandu\/","article_published_time":"2026-09-04T21:44:45+00:00","article_modified_time":"2026-09-05T00:18:18+00:00","og_image":[{"width":940,"height":529,"url":"http:\/\/terradomandu.com.br\/wp-content\/uploads\/2026\/09\/Batida-entre-moto-e-carro-na-regiao-do-Foch-tem-moto-apreendida-e-vitima-leve.-Imagem-Prefeitura.jpeg","type":"image\/jpeg"}],"author":"Nayara Andery","twitter_card":"summary_large_image","twitter_creator":"@terradomandu","twitter_site":"@terradomandu","twitter_misc":{"Escrito por":"Nayara Andery","Est. tempo de leitura":"2 minutos"},"schema":{"@context":"https:\/\/schema.org","@graph":[{"@type":"Article","@id":"https:\/\/terradomandu.com.br\/index.php\/2026\/09\/04\/acidente-entre-moto-e-carro-em-pouso-alegre-deixa-vitima-e-moto-e-apreendida\/#article","isPartOf":{"@id":"https:\/\/terradomandu.com.br\/index.php\/2026\/09\/04\/acidente-entre-moto-e-carro-em-pouso-alegre-deixa-vitima-e-moto-e-apreendida\/"},"author":{"name":"Nayara Andery","@id":"https:\/\/terradomandu.com.br\/#\/schema\/person\/061b2b0225000e5ec3b1ae824adef593"},"headline":"Acidente entre moto e carro em Pouso Alegre deixa v\u00edtima e moto \u00e9 apreendida","datePublished":"2026-09-04T21:44:45+00:00","dateModified":"2026-09-05T00:18:18+00:00","mainEntityOfPage":{"@id":"https:\/\/terradomandu.com.br\/index.php\/2026\/09\/04\/acidente-entre-moto-e-carro-em-pouso-alegre-deixa-vitima-e-moto-e-apreendida\/"},"wordCount":205,"commentCount":0,"publisher":{"@id":"https:\/\/terradomandu.com.br\/#organization"},"image":{"@id":"https:\/\/terradomandu.com.br\/index.php\/2026\/09\/04\/acidente-entre-moto-e-carro-em-pouso-alegre-deixa-vitima-e-moto-e-apreendida\/#primaryimage"},"thumbnailUrl":"https:\/\/terradomandu.com.br\/wp-content\/uploads\/2026\/09\/Batida-entre-moto-e-carro-na-regiao-do-Foch-tem-moto-apreendida-e-vitima-leve.-Imagem-Prefeitura.jpeg","keywords":["Documento estava atrasado"],"articleSection":["Not\u00edcia"],"inLanguage":"pt-BR","potentialAction":[{"@type":"CommentAction","name":"Comment","target":["https:\/\/terradomandu.com.br\/index.php\/2026\/09\/04\/acidente-entre-moto-e-carro-em-pouso-alegre-deixa-vitima-e-moto-e-apreendida\/#respond"]}]},{"@type":"WebPage","@id":"https:\/\/terradomandu.com.br\/index.php\/2026\/09\/04\/acidente-entre-moto-e-carro-em-pouso-alegre-deixa-vitima-e-moto-e-apreendida\/","url":"https:\/\/terradomandu.com.br\/index.php\/2026\/09\/04\/acidente-entre-moto-e-carro-em-pouso-alegre-deixa-vitima-e-moto-e-apreendida\/","name":"Acidente entre moto e carro em Pouso Alegre deixa v\u00edtima e moto \u00e9 apreendida","isPartOf":{"@id":"https:\/\/terradomandu.com.br\/#website"},"primaryImageOfPage":{"@id":"https:\/\/terradomandu.com.br\/index.php\/2026\/09\/04\/acidente-entre-moto-e-carro-em-pouso-alegre-deixa-vitima-e-moto-e-apreendida\/#primaryimage"},"image":{"@id":"https:\/\/terradomandu.com.br\/index.php\/2026\/09\/04\/acidente-entre-moto-e-carro-em-pouso-alegre-deixa-vitima-e-moto-e-apreendida\/#primaryimage"},"thumbnailUrl":"https:\/\/terradomandu.com.br\/wp-content\/uploads\/2026\/09\/Batida-entre-moto-e-carro-na-regiao-do-Foch-tem-moto-apreendida-e-vitima-leve.-Imagem-Prefeitura.jpeg","datePublished":"2026-09-04T21:44:45+00:00","dateModified":"2026-09-05T00:18:18+00:00","description":"Homem de 36 anos foi socorrido pelo Samu ap\u00f3s batida entre carro e moto, em uma das avenidas mais movimentadas de Pouso Alegre. Moto estava com documenta\u00e7\u00e3o atrasada.","breadcrumb":{"@id":"https:\/\/terradomandu.com.br\/index.php\/2026\/09\/04\/acidente-entre-moto-e-carro-em-pouso-alegre-deixa-vitima-e-moto-e-apreendida\/#breadcrumb"},"inLanguage":"pt-BR","potentialAction":[{"@type":"ReadAction","target":["https:\/\/terradomandu.com.br\/index.php\/2026\/09\/04\/acidente-entre-moto-e-carro-em-pouso-alegre-deixa-vitima-e-moto-e-apreendida\/"]}]},{"@type":"ImageObject","inLanguage":"pt-BR","@id":"https:\/\/terradomandu.com.br\/index.php\/2026\/09\/04\/acidente-entre-moto-e-carro-em-pouso-alegre-deixa-vitima-e-moto-e-apreendida\/#primaryimage","url":"https:\/\/terradomandu.com.br\/wp-content\/uploads\/2026\/09\/Batida-entre-moto-e-carro-na-regiao-do-Foch-tem-moto-apreendida-e-vitima-leve.-Imagem-Prefeitura.jpeg","contentUrl":"https:\/\/terradomandu.com.br\/wp-content\/uploads\/2026\/09\/Batida-entre-moto-e-carro-na-regiao-do-Foch-tem-moto-apreendida-e-vitima-leve.-Imagem-Prefeitura.jpeg","width":940,"height":529},{"@type":"BreadcrumbList","@id":"https:\/\/terradomandu.com.br\/index.php\/2026\/09\/04\/acidente-entre-moto-e-carro-em-pouso-alegre-deixa-vitima-e-moto-e-apreendida\/#breadcrumb","itemListElement":[{"@type":"ListItem","position":1,"name":"In\u00edcio","item":"https:\/\/terradomandu.com.br\/"},{"@type":"ListItem","position":2,"name":"Acidente entre moto e carro em Pouso Alegre deixa v\u00edtima e moto \u00e9 apreendida"}]},{"@type":"WebSite","@id":"https:\/\/terradomandu.com.br\/#website","url":"https:\/\/terradomandu.com.br\/","name":"Terra do Mandu - Not\u00edcias de Pouso Alegre e regi\u00e3o","description":"Not\u00edcias de Pouso Alegre e regi\u00e3o. Terra do Mandu \u00e9 jornalismo s\u00e9rio e conte\u00fado pr\u00f3prio.","publisher":{"@id":"https:\/\/terradomandu.com.br\/#organization"},"potentialAction":[{"@type":"SearchAction","target":{"@type":"EntryPoint","urlTemplate":"https:\/\/terradomandu.com.br\/?s={search_term_string}"},"query-input":{"@type":"PropertyValueSpecification","valueRequired":true,"valueName":"search_term_string"}}],"inLanguage":"pt-BR"},{"@type":"Organization","@id":"https:\/\/terradomandu.com.br\/#organization","name":"TERRA DO MANDU - NOT\u00cdCIAS DE POUSO ALEGRE E SUL DE MINAS","url":"https:\/\/terradomandu.com.br\/","logo":{"@type":"ImageObject","inLanguage":"pt-BR","@id":"https:\/\/terradomandu.com.br\/#\/schema\/logo\/image\/","url":"https:\/\/terradomandu.com.br\/wp-content\/uploads\/2020\/10\/logo_azul-1.png","contentUrl":"https:\/\/terradomandu.com.br\/wp-content\/uploads\/2020\/10\/logo_azul-1.png","width":1080,"height":1080,"caption":"TERRA DO MANDU - NOT\u00cdCIAS DE POUSO ALEGRE E SUL DE MINAS"},"image":{"@id":"https:\/\/terradomandu.com.br\/#\/schema\/logo\/image\/"},"sameAs":["https:\/\/www.facebook.com\/terradomandu\/","https:\/\/x.com\/terradomandu","https:\/\/www.instagram.com\/terradomandu","https:\/\/www.youtube.com\/terradomandu"]},{"@type":"Person","@id":"https:\/\/terradomandu.com.br\/#\/schema\/person\/061b2b0225000e5ec3b1ae824adef593","name":"Nayara Andery","image":{"@type":"ImageObject","inLanguage":"pt-BR","@id":"https:\/\/secure.gravatar.com\/avatar\/cb9f581aa88d54cff130ae816a216b38fe51f4485b5382d335bce4533d72d3e3?s=96&d=mm&r=g","url":"https:\/\/secure.gravatar.com\/avatar\/cb9f581aa88d54cff130ae816a216b38fe51f4485b5382d335bce4533d72d3e3?s=96&d=mm&r=g","contentUrl":"https:\/\/secure.gravatar.com\/avatar\/cb9f581aa88d54cff130ae816a216b38fe51f4485b5382d335bce4533d72d3e3?s=96&d=mm&r=g","caption":"Nayara Andery"},"url":"https:\/\/terradomandu.com.br\/index.php\/author\/nayara\/"}]}},"jetpack_featured_media_url":"https:\/\/terradomandu.com.br\/wp-content\/uploads\/2026\/09\/Batida-entre-moto-e-carro-na-regiao-do-Foch-tem-moto-apreendida-e-vitima-leve.-Imagem-Prefeitura.jpeg","jetpack_sharing_enabled":true,"_links":{"self":[{"href":"https:\/\/terradomandu.com.br\/index.php\/wp-json\/wp\/v2\/posts\/124439","targetHints":{"allow":["GET"]}}],"collection":[{"href":"https:\/\/terradomandu.com.br\/index.php\/wp-json\/wp\/v2\/posts"}],"about":[{"href":"https:\/\/terradomandu.com.br\/index.php\/wp-json\/wp\/v2\/types\/post"}],"author":[{"embeddable":true,"href":"https:\/\/terradomandu.com.br\/index.php\/wp-json\/wp\/v2\/users\/15"}],"replies":[{"embeddable":true,"href":"https:\/\/terradomandu.com.br\/index.php\/wp-json\/wp\/v2\/comments?post=124439"}],"version-history":[{"count":2,"href":"https:\/\/terradomandu.com.br\/index.php\/wp-json\/wp\/v2\/posts\/124439\/revisions"}],"predecessor-version":[{"id":124463,"href":"https:\/\/terradomandu.com.br\/index.php\/wp-json\/wp\/v2\/posts\/124439\/revisions\/124463"}],"wp:featuredmedia":[{"embeddable":true,"href":"https:\/\/terradomandu.com.br\/index.php\/wp-json\/wp\/v2\/media\/124440"}],"wp:attachment":[{"href":"https:\/\/terradomandu.com.br\/index.php\/wp-json\/wp\/v2\/media?parent=124439"}],"wp:term":[{"taxonomy":"category","embeddable":true,"href":"https:\/\/terradomandu.com.br\/index.php\/wp-json\/wp\/v2\/categories?post=124439"},{"taxonomy":"post_tag","embeddable":true,"href":"https:\/\/terradomandu.com.br\/index.php\/wp-json\/wp\/v2\/tags?post=124439"}],"curies":[{"name":"wp","href":"https:\/\/api.w.org\/{rel}","templated":true}]}}