


{"id":124428,"date":"2026-09-04T15:54:49","date_gmt":"2026-09-04T18:54:49","guid":{"rendered":"https:\/\/terradomandu.com.br\/?p=124428"},"modified":"2026-09-04T15:54:49","modified_gmt":"2026-09-04T18:54:49","slug":"feriadao-da-independencia-lota-estradas-do-extremo-sul-de-minas","status":"publish","type":"post","link":"https:\/\/terradomandu.com.br\/index.php\/2026\/09\/04\/feriadao-da-independencia-lota-estradas-do-extremo-sul-de-minas\/","title":{"rendered":"Feriad\u00e3o da Independ\u00eancia lota estradas do extremo Sul de Minas"},"content":{"rendered":"<div id=\"attachment_124434\" style=\"width: 830px\" class=\"wp-caption aligncenter\"><img loading=\"lazy\" decoding=\"async\" aria-describedby=\"caption-attachment-124434\" class=\"wp-image-124434 size-full\" src=\"http:\/\/terradomandu.com.br\/wp-content\/uploads\/2026\/09\/7acaec51-6125-4b41-981c-e7c94ba45709.jpg\" alt=\"Feriad\u00e3o da Independ\u00eancia lota estradas do extremo Sul de Minas\" width=\"820\" height=\"461\" srcset=\"https:\/\/terradomandu.com.br\/wp-content\/uploads\/2026\/09\/7acaec51-6125-4b41-981c-e7c94ba45709.jpg 820w, https:\/\/terradomandu.com.br\/wp-content\/uploads\/2026\/09\/7acaec51-6125-4b41-981c-e7c94ba45709-300x169.jpg 300w, https:\/\/terradomandu.com.br\/wp-content\/uploads\/2026\/09\/7acaec51-6125-4b41-981c-e7c94ba45709-768x432.jpg 768w\" sizes=\"auto, (max-width: 820px) 100vw, 820px\" \/><p id=\"caption-attachment-124434\" class=\"wp-caption-text\"><em>BR-459 tem alto fluxo de ve\u00edculos, uma vez que \u00e9 passagem para quem busca o litoral e pelo Hacktown que acontece em Santa Rita do Sapuca\u00ed \/ Foto: Iago Almeida<\/em><\/p><\/div>\n<p class=\"isSelectedEnd\">O feriado da Independ\u00eancia, na pr\u00f3xima segunda-feira (7\/9), deve aumentar o movimento nas principais rodovias que cortam Minas Gerais. Para garantir mais seguran\u00e7a e fluidez no tr\u00e2nsito, diferentes \u00f3rg\u00e3os e concession\u00e1rias prepararam opera\u00e7\u00f5es especiais entre esta sexta-feira (4\/9) e o in\u00edcio da pr\u00f3xima semana.<\/p>\n<p class=\"isSelectedEnd\">As a\u00e7\u00f5es envolvem a Pol\u00edcia Rodovi\u00e1ria Federal (PRF), respons\u00e1vel pela fiscaliza\u00e7\u00e3o das rodovias federais, al\u00e9m das concession\u00e1rias EPR Vias do Caf\u00e9 e EPR Sul de Minas e da Motiva Minas_SP, que administra a Rodovia Fern\u00e3o Dias (BR-381).<\/p>\n<p class=\"isSelectedEnd\">A PRF realiza a Opera\u00e7\u00e3o Independ\u00eancia entre os dias 4 e 7 de setembro, com refor\u00e7o no policiamento e na fiscaliza\u00e7\u00e3o das rodovias federais de Minas Gerais.\u00a0A atua\u00e7\u00e3o ser\u00e1 concentrada principalmente nos trechos com maior incid\u00eancia de acidentes.<\/p>\n<p class=\"isSelectedEnd\">Entre as infra\u00e7\u00f5es que estar\u00e3o no foco da fiscaliza\u00e7\u00e3o est\u00e3o excesso de velocidade, ultrapassagens proibidas, dire\u00e7\u00e3o sob efeito de \u00e1lcool, uso de celular ao volante e falta de equipamentos de seguran\u00e7a, como cinto e cadeirinhas.<\/p>\n<p class=\"isSelectedEnd\">Al\u00e9m da fiscaliza\u00e7\u00e3o, a PRF tamb\u00e9m realizar\u00e1 a\u00e7\u00f5es educativas e refor\u00e7ar\u00e1 o combate \u00e0 criminalidade, com foco na apreens\u00e3o de drogas e armas ilegais, recupera\u00e7\u00e3o de ve\u00edculos furtados ou roubados e pris\u00e3o de criminosos.<\/p>\n<div id=\"attachment_124431\" style=\"width: 830px\" class=\"wp-caption aligncenter\"><img loading=\"lazy\" decoding=\"async\" aria-describedby=\"caption-attachment-124431\" class=\"wp-image-124431 size-full\" src=\"http:\/\/terradomandu.com.br\/wp-content\/uploads\/2026\/09\/prf.jpg\" alt=\"\" width=\"820\" height=\"461\" srcset=\"https:\/\/terradomandu.com.br\/wp-content\/uploads\/2026\/09\/prf.jpg 820w, https:\/\/terradomandu.com.br\/wp-content\/uploads\/2026\/09\/prf-300x169.jpg 300w, https:\/\/terradomandu.com.br\/wp-content\/uploads\/2026\/09\/prf-768x432.jpg 768w\" sizes=\"auto, (max-width: 820px) 100vw, 820px\" \/><p id=\"caption-attachment-124431\" class=\"wp-caption-text\">Foto: PRF<\/p><\/div>\n<h4>Restri\u00e7\u00e3o para ve\u00edculos de carga<\/h4>\n<p class=\"isSelectedEnd\">Durante o feriado, alguns ve\u00edculos de carga ter\u00e3o o tr\u00e1fego restringido em rodovias federais de pista simples.A restri\u00e7\u00e3o vale para ve\u00edculos ou combina\u00e7\u00f5es de ve\u00edculos que ultrapassem qualquer um dos seguintes limites:<\/p>\n<ul data-spread=\"false\">\n<li>2,6 metros de largura;<\/li>\n<li>4,4 metros de altura;<\/li>\n<li>19,8 metros de comprimento;<\/li>\n<li>58,5 toneladas de PBTC.<\/li>\n<\/ul>\n<p class=\"isSelectedEnd\">Os hor\u00e1rios de restri\u00e7\u00e3o s\u00e3o:<\/p>\n<p class=\"isSelectedEnd\">Sexta-feira (4): das 16h \u00e0s 22h<br \/>\nS\u00e1bado (5): das 6h \u00e0s 12h<br \/>\nSegunda-feira (7): das 16h \u00e0s 22h<\/p>\n<p class=\"isSelectedEnd\">O descumprimento da determina\u00e7\u00e3o pode resultar em multa de R$ 130,16, quatro pontos na CNH e reten\u00e7\u00e3o do ve\u00edculo.<\/p>\n<h3>EPR prev\u00ea 315 mil ve\u00edculos nas rodovias<\/h3>\n<p class=\"isSelectedEnd\">Nas rodovias administradas pela EPR Sul de Minas, como a BR-459, MG-290 e MG-173, a opera\u00e7\u00e3o especial ser\u00e1 realizada de 4 a 8 de setembro. As concession\u00e1rias estimam a circula\u00e7\u00e3o de aproximadamente 315 mil ve\u00edculos durante o per\u00edodo, um aumento de 13,4% no fluxo.<\/p>\n<p class=\"isSelectedEnd\">Entre os ve\u00edculos de passeio, a previs\u00e3o \u00e9 de crescimento de 22%. J\u00e1 o movimento de ve\u00edculos comerciais deve cair 31%.\u00a0A sexta-feira (4) deve concentrar o maior movimento, com previs\u00e3o de aproximadamente 95,3 mil ve\u00edculos. Para a segunda-feira (7), quando muitos motoristas retornam para casa, s\u00e3o esperados cerca de 86,3 mil ve\u00edculos.<\/p>\n<div id=\"attachment_124433\" style=\"width: 830px\" class=\"wp-caption aligncenter\"><img loading=\"lazy\" decoding=\"async\" aria-describedby=\"caption-attachment-124433\" class=\"wp-image-124433 size-full\" src=\"http:\/\/terradomandu.com.br\/wp-content\/uploads\/2026\/09\/e866a256-504f-4393-a6b1-be2a9e69c4bc.jpg\" alt=\"\" width=\"820\" height=\"461\" srcset=\"https:\/\/terradomandu.com.br\/wp-content\/uploads\/2026\/09\/e866a256-504f-4393-a6b1-be2a9e69c4bc.jpg 820w, https:\/\/terradomandu.com.br\/wp-content\/uploads\/2026\/09\/e866a256-504f-4393-a6b1-be2a9e69c4bc-300x169.jpg 300w, https:\/\/terradomandu.com.br\/wp-content\/uploads\/2026\/09\/e866a256-504f-4393-a6b1-be2a9e69c4bc-768x432.jpg 768w\" sizes=\"auto, (max-width: 820px) 100vw, 820px\" \/><p id=\"caption-attachment-124433\" class=\"wp-caption-text\">Foto: EPR Sul de Minas<\/p><\/div>\n<p class=\"isSelectedEnd\">As concession\u00e1rias ter\u00e3o equipes refor\u00e7adas e monitoramento ininterrupto. A estrutura contar\u00e1 com 13 ambul\u00e2ncias, oito guinchos leves, sete guinchos pesados, dois guindautos, cinco caminh\u00f5es-pipa e 16 viaturas de inspe\u00e7\u00e3o de tr\u00e1fego.<\/p>\n<p class=\"isSelectedEnd\">O atendimento aos usu\u00e1rios ser\u00e1 mantido 24 horas pelo telefone 0800 290 0459.<\/p>\n<h3>Fern\u00e3o Dias deve receber mais de 1 milh\u00e3o de ve\u00edculos<\/h3>\n<p class=\"isSelectedEnd\">Na Rodovia Fern\u00e3o Dias, entre S\u00e3o Paulo e Belo Horizonte, a Motiva Minas_SP estima que aproximadamente 1,094 milh\u00e3o de ve\u00edculos circulem durante a Opera\u00e7\u00e3o Independ\u00eancia. Os hor\u00e1rios previstos de maior movimento s\u00e3o:<\/p>\n<p class=\"isSelectedEnd\"><strong>Sa\u00edda do feriado<\/strong><\/p>\n<ul data-spread=\"false\">\n<li>Sexta-feira (4): das 14h \u00e0s 17h;<\/li>\n<li>S\u00e1bado (5): das 10h \u00e0s 16h.<\/li>\n<\/ul>\n<p class=\"isSelectedEnd\"><strong>Retorno<\/strong><\/p>\n<ul data-spread=\"false\">\n<li>Segunda-feira (7): das 9h \u00e0s 16h.<\/li>\n<\/ul>\n<div id=\"attachment_124432\" style=\"width: 830px\" class=\"wp-caption aligncenter\"><img loading=\"lazy\" decoding=\"async\" aria-describedby=\"caption-attachment-124432\" class=\"wp-image-124432 size-full\" src=\"http:\/\/terradomandu.com.br\/wp-content\/uploads\/2026\/09\/motiva.jpg\" alt=\"\" width=\"820\" height=\"461\" srcset=\"https:\/\/terradomandu.com.br\/wp-content\/uploads\/2026\/09\/motiva.jpg 820w, https:\/\/terradomandu.com.br\/wp-content\/uploads\/2026\/09\/motiva-300x169.jpg 300w, https:\/\/terradomandu.com.br\/wp-content\/uploads\/2026\/09\/motiva-768x432.jpg 768w\" sizes=\"auto, (max-width: 820px) 100vw, 820px\" \/><p id=\"caption-attachment-124432\" class=\"wp-caption-text\">Foto: Motiva Minas_SP<\/p><\/div>\n<p class=\"isSelectedEnd\">A opera\u00e7\u00e3o na Fern\u00e3o Dias ocorre em um per\u00edodo de aten\u00e7\u00e3o para o risco de queimadas \u00e0s margens da rodovia. Vegeta\u00e7\u00e3o seca, baixa umidade do ar e ventos podem favorecer o surgimento e a propaga\u00e7\u00e3o de inc\u00eandios.<\/p>\n<p class=\"isSelectedEnd\">A orienta\u00e7\u00e3o \u00e9 que os motoristas n\u00e3o joguem bitucas de cigarro pela janela, n\u00e3o ateiem fogo em lixo e n\u00e3o realizem queimadas pr\u00f3ximas \u00e0 rodovia.<\/p>\n<p class=\"isSelectedEnd\">Em caso de fuma\u00e7a, inc\u00eandio ou outra situa\u00e7\u00e3o de risco na Fern\u00e3o Dias, o contato da Motiva Minas_SP \u00e9 o 0800 283 0381, dispon\u00edvel 24 horas. O Corpo de Bombeiros tamb\u00e9m pode ser acionado pelo 193.<\/p>\n<h3>Cuidados antes de pegar a estrada<\/h3>\n<p class=\"isSelectedEnd\">Independentemente da rodovia utilizada, os motoristas devem fazer uma revis\u00e3o do ve\u00edculo antes da viagem, principalmente nos pneus, freios, far\u00f3is e limpadores de para-brisa.<\/p>\n<p class=\"isSelectedEnd\">Durante o trajeto, \u00e9 importante respeitar os limites de velocidade e a sinaliza\u00e7\u00e3o, manter dist\u00e2ncia segura do ve\u00edculo da frente e utilizar o cinto de seguran\u00e7a.<\/p>\n<p class=\"isSelectedEnd\">Em caso de chuva, a recomenda\u00e7\u00e3o \u00e9 reduzir a velocidade, aumentar a dist\u00e2ncia entre os ve\u00edculos e evitar ultrapassagens, manobras e frenagens bruscas.<\/p>\n<p class=\"isSelectedEnd\">Tamb\u00e9m \u00e9 preciso redobrar a aten\u00e7\u00e3o ao encontrar equipes trabalhando na pista ou no acostamento. A orienta\u00e7\u00e3o \u00e9 reduzir a velocidade e, sempre que poss\u00edvel e seguro, mudar de faixa para manter dist\u00e2ncia de viaturas, ambul\u00e2ncias e guinchos.<\/p>\n<p>Na Fern\u00e3o Dias, essa orienta\u00e7\u00e3o faz parte do Movimento Afaste-se, que busca aumentar a seguran\u00e7a dos profissionais que trabalham no atendimento aos usu\u00e1rios da rodovia.<\/p>\n<div class=\"fb-background-color\">\n\t\t\t  <div \n\t\t\t  \tclass = \"fb-comments\" \n\t\t\t  \tdata-href = \"https:\/\/terradomandu.com.br\/index.php\/2026\/09\/04\/feriadao-da-independencia-lota-estradas-do-extremo-sul-de-minas\/\"\n\t\t\t  \tdata-numposts = \"10\"\n\t\t\t  \tdata-lazy = \"true\"\n\t\t\t\tdata-colorscheme = \"light\"\n\t\t\t\tdata-order-by = \"social\"\n\t\t\t\tdata-mobile=true>\n\t\t\t  <\/div><\/div>\n\t\t  <style>\n\t\t    .fb-background-color {\n\t\t\t\tbackground: #ffffff !important;\n\t\t\t}\n\t\t\t.fb_iframe_widget_fluid_desktop iframe {\n\t\t\t    width: 100% !important;\n\t\t\t}\n\t\t  <\/style>\n\t\t  ","protected":false},"excerpt":{"rendered":"<p>O feriado da Independ\u00eancia, na pr\u00f3xima segunda-feira (7\/9), deve aumentar o movimento nas principais rodovias que cortam Minas Gerais. Para garantir mais seguran\u00e7a e fluidez no tr\u00e2nsito, diferentes \u00f3rg\u00e3os e concession\u00e1rias prepararam opera\u00e7\u00f5es especiais entre esta sexta-feira (4\/9) e o in\u00edcio da pr\u00f3xima semana. As a\u00e7\u00f5es envolvem a Pol\u00edcia Rodovi\u00e1ria Federal (PRF), respons\u00e1vel pela fiscaliza\u00e7\u00e3o [&hellip;]<\/p>\n","protected":false},"author":17,"featured_media":124434,"comment_status":"open","ping_status":"closed","sticky":false,"template":"","format":"standard","meta":{"_acf_changed":false,"kia_subtitle":"BR-459, MG-173 e MG-290 devem ter aumento de 13,4% no fluxo. Na Fern\u00e3o Dias, mais de 1 milh\u00e3o de ve\u00edculos s\u00e3o esperados. PRF realiza a Opera\u00e7\u00e3o Independ\u00eancia.","_jetpack_newsletter_access":"","_jetpack_dont_email_post_to_subs":false,"_jetpack_newsletter_tier_id":0,"_jetpack_memberships_contains_paywalled_content":false,"_jetpack_feature_clip_id":0,"_jetpack_memberships_contains_paid_content":false,"footnotes":"","jetpack_post_was_ever_published":false},"categories":[526],"tags":[4079],"class_list":["post-124428","post","type-post","status-publish","format-standard","has-post-thumbnail","hentry","category-destaque","tag-feriado-prolongado"],"acf":[],"yoast_head":"<!-- This site is optimized with the Yoast SEO plugin v27.9 - https:\/\/yoast.com\/product\/yoast-seo-wordpress\/ -->\n<title>Feriad\u00e3o da Independ\u00eancia lota estradas do extremo Sul de Minas<\/title>\n<meta name=\"description\" content=\"BR-459, MG-173 e MG-290 devem ter aumento de 13,4% no fluxo. Na Fern\u00e3o Dias, mais de 1 milh\u00e3o de ve\u00edculos s\u00e3o esperados. PRF realiza a Opera\u00e7\u00e3o Independ\u00eancia.\" \/>\n<meta name=\"robots\" content=\"index, follow, max-snippet:-1, max-image-preview:large, max-video-preview:-1\" \/>\n<link rel=\"canonical\" href=\"https:\/\/terradomandu.com.br\/index.php\/2026\/09\/04\/feriadao-da-independencia-lota-estradas-do-extremo-sul-de-minas\/\" \/>\n<meta property=\"og:locale\" content=\"pt_BR\" \/>\n<meta property=\"og:type\" content=\"article\" \/>\n<meta property=\"og:title\" content=\"Feriad\u00e3o da Independ\u00eancia lota estradas do extremo Sul de Minas\" \/>\n<meta property=\"og:description\" content=\"BR-459, MG-173 e MG-290 devem ter aumento de 13,4% no fluxo. Na Fern\u00e3o Dias, mais de 1 milh\u00e3o de ve\u00edculos s\u00e3o esperados. PRF realiza a Opera\u00e7\u00e3o Independ\u00eancia.\" \/>\n<meta property=\"og:url\" content=\"https:\/\/terradomandu.com.br\/index.php\/2026\/09\/04\/feriadao-da-independencia-lota-estradas-do-extremo-sul-de-minas\/\" \/>\n<meta property=\"og:site_name\" content=\"Terra do Mandu - Not\u00edcias de Pouso Alegre e regi\u00e3o\" \/>\n<meta property=\"article:publisher\" content=\"https:\/\/www.facebook.com\/terradomandu\/\" \/>\n<meta property=\"article:published_time\" content=\"2026-09-04T18:54:49+00:00\" \/>\n<meta property=\"og:image\" content=\"http:\/\/terradomandu.com.br\/wp-content\/uploads\/2026\/09\/7acaec51-6125-4b41-981c-e7c94ba45709.jpg\" \/>\n\t<meta property=\"og:image:width\" content=\"820\" \/>\n\t<meta property=\"og:image:height\" content=\"461\" \/>\n\t<meta property=\"og:image:type\" content=\"image\/jpeg\" \/>\n<meta name=\"author\" content=\"Iago Almeida\" \/>\n<meta name=\"twitter:card\" content=\"summary_large_image\" \/>\n<meta name=\"twitter:creator\" content=\"@terradomandu\" \/>\n<meta name=\"twitter:site\" content=\"@terradomandu\" \/>\n<meta name=\"twitter:label1\" content=\"Escrito por\" \/>\n\t<meta name=\"twitter:data1\" content=\"Iago Almeida\" \/>\n\t<meta name=\"twitter:label2\" content=\"Est. tempo de leitura\" \/>\n\t<meta name=\"twitter:data2\" content=\"6 minutos\" \/>\n<script type=\"application\/ld+json\" class=\"yoast-schema-graph\">{\"@context\":\"https:\\\/\\\/schema.org\",\"@graph\":[{\"@type\":\"Article\",\"@id\":\"https:\\\/\\\/terradomandu.com.br\\\/index.php\\\/2026\\\/09\\\/04\\\/feriadao-da-independencia-lota-estradas-do-extremo-sul-de-minas\\\/#article\",\"isPartOf\":{\"@id\":\"https:\\\/\\\/terradomandu.com.br\\\/index.php\\\/2026\\\/09\\\/04\\\/feriadao-da-independencia-lota-estradas-do-extremo-sul-de-minas\\\/\"},\"author\":{\"name\":\"Iago Almeida\",\"@id\":\"https:\\\/\\\/terradomandu.com.br\\\/#\\\/schema\\\/person\\\/85e4925923043514fb783fc0d9b0643f\"},\"headline\":\"Feriad\u00e3o da Independ\u00eancia lota estradas do extremo Sul de Minas\",\"datePublished\":\"2026-09-04T18:54:49+00:00\",\"mainEntityOfPage\":{\"@id\":\"https:\\\/\\\/terradomandu.com.br\\\/index.php\\\/2026\\\/09\\\/04\\\/feriadao-da-independencia-lota-estradas-do-extremo-sul-de-minas\\\/\"},\"wordCount\":898,\"commentCount\":0,\"publisher\":{\"@id\":\"https:\\\/\\\/terradomandu.com.br\\\/#organization\"},\"image\":{\"@id\":\"https:\\\/\\\/terradomandu.com.br\\\/index.php\\\/2026\\\/09\\\/04\\\/feriadao-da-independencia-lota-estradas-do-extremo-sul-de-minas\\\/#primaryimage\"},\"thumbnailUrl\":\"https:\\\/\\\/terradomandu.com.br\\\/wp-content\\\/uploads\\\/2026\\\/09\\\/7acaec51-6125-4b41-981c-e7c94ba45709.jpg\",\"keywords\":[\"Feriado 'prolongado'\"],\"articleSection\":[\"DESTAQUE\"],\"inLanguage\":\"pt-BR\",\"potentialAction\":[{\"@type\":\"CommentAction\",\"name\":\"Comment\",\"target\":[\"https:\\\/\\\/terradomandu.com.br\\\/index.php\\\/2026\\\/09\\\/04\\\/feriadao-da-independencia-lota-estradas-do-extremo-sul-de-minas\\\/#respond\"]}]},{\"@type\":\"WebPage\",\"@id\":\"https:\\\/\\\/terradomandu.com.br\\\/index.php\\\/2026\\\/09\\\/04\\\/feriadao-da-independencia-lota-estradas-do-extremo-sul-de-minas\\\/\",\"url\":\"https:\\\/\\\/terradomandu.com.br\\\/index.php\\\/2026\\\/09\\\/04\\\/feriadao-da-independencia-lota-estradas-do-extremo-sul-de-minas\\\/\",\"name\":\"Feriad\u00e3o da Independ\u00eancia lota estradas do extremo Sul de Minas\",\"isPartOf\":{\"@id\":\"https:\\\/\\\/terradomandu.com.br\\\/#website\"},\"primaryImageOfPage\":{\"@id\":\"https:\\\/\\\/terradomandu.com.br\\\/index.php\\\/2026\\\/09\\\/04\\\/feriadao-da-independencia-lota-estradas-do-extremo-sul-de-minas\\\/#primaryimage\"},\"image\":{\"@id\":\"https:\\\/\\\/terradomandu.com.br\\\/index.php\\\/2026\\\/09\\\/04\\\/feriadao-da-independencia-lota-estradas-do-extremo-sul-de-minas\\\/#primaryimage\"},\"thumbnailUrl\":\"https:\\\/\\\/terradomandu.com.br\\\/wp-content\\\/uploads\\\/2026\\\/09\\\/7acaec51-6125-4b41-981c-e7c94ba45709.jpg\",\"datePublished\":\"2026-09-04T18:54:49+00:00\",\"description\":\"BR-459, MG-173 e MG-290 devem ter aumento de 13,4% no fluxo. Na Fern\u00e3o Dias, mais de 1 milh\u00e3o de ve\u00edculos s\u00e3o esperados. PRF realiza a Opera\u00e7\u00e3o Independ\u00eancia.\",\"breadcrumb\":{\"@id\":\"https:\\\/\\\/terradomandu.com.br\\\/index.php\\\/2026\\\/09\\\/04\\\/feriadao-da-independencia-lota-estradas-do-extremo-sul-de-minas\\\/#breadcrumb\"},\"inLanguage\":\"pt-BR\",\"potentialAction\":[{\"@type\":\"ReadAction\",\"target\":[\"https:\\\/\\\/terradomandu.com.br\\\/index.php\\\/2026\\\/09\\\/04\\\/feriadao-da-independencia-lota-estradas-do-extremo-sul-de-minas\\\/\"]}]},{\"@type\":\"ImageObject\",\"inLanguage\":\"pt-BR\",\"@id\":\"https:\\\/\\\/terradomandu.com.br\\\/index.php\\\/2026\\\/09\\\/04\\\/feriadao-da-independencia-lota-estradas-do-extremo-sul-de-minas\\\/#primaryimage\",\"url\":\"https:\\\/\\\/terradomandu.com.br\\\/wp-content\\\/uploads\\\/2026\\\/09\\\/7acaec51-6125-4b41-981c-e7c94ba45709.jpg\",\"contentUrl\":\"https:\\\/\\\/terradomandu.com.br\\\/wp-content\\\/uploads\\\/2026\\\/09\\\/7acaec51-6125-4b41-981c-e7c94ba45709.jpg\",\"width\":820,\"height\":461,\"caption\":\"Feriad\u00e3o da Independ\u00eancia lota estradas do extremo Sul de Minas\"},{\"@type\":\"BreadcrumbList\",\"@id\":\"https:\\\/\\\/terradomandu.com.br\\\/index.php\\\/2026\\\/09\\\/04\\\/feriadao-da-independencia-lota-estradas-do-extremo-sul-de-minas\\\/#breadcrumb\",\"itemListElement\":[{\"@type\":\"ListItem\",\"position\":1,\"name\":\"In\u00edcio\",\"item\":\"https:\\\/\\\/terradomandu.com.br\\\/\"},{\"@type\":\"ListItem\",\"position\":2,\"name\":\"Feriad\u00e3o da Independ\u00eancia lota estradas do extremo Sul de Minas\"}]},{\"@type\":\"WebSite\",\"@id\":\"https:\\\/\\\/terradomandu.com.br\\\/#website\",\"url\":\"https:\\\/\\\/terradomandu.com.br\\\/\",\"name\":\"Terra do Mandu - Not\u00edcias de Pouso Alegre e regi\u00e3o\",\"description\":\"Not\u00edcias de Pouso Alegre e regi\u00e3o. Terra do Mandu \u00e9 jornalismo s\u00e9rio e conte\u00fado pr\u00f3prio.\",\"publisher\":{\"@id\":\"https:\\\/\\\/terradomandu.com.br\\\/#organization\"},\"potentialAction\":[{\"@type\":\"SearchAction\",\"target\":{\"@type\":\"EntryPoint\",\"urlTemplate\":\"https:\\\/\\\/terradomandu.com.br\\\/?s={search_term_string}\"},\"query-input\":{\"@type\":\"PropertyValueSpecification\",\"valueRequired\":true,\"valueName\":\"search_term_string\"}}],\"inLanguage\":\"pt-BR\"},{\"@type\":\"Organization\",\"@id\":\"https:\\\/\\\/terradomandu.com.br\\\/#organization\",\"name\":\"TERRA DO MANDU - NOT\u00cdCIAS DE POUSO ALEGRE E SUL DE MINAS\",\"url\":\"https:\\\/\\\/terradomandu.com.br\\\/\",\"logo\":{\"@type\":\"ImageObject\",\"inLanguage\":\"pt-BR\",\"@id\":\"https:\\\/\\\/terradomandu.com.br\\\/#\\\/schema\\\/logo\\\/image\\\/\",\"url\":\"https:\\\/\\\/terradomandu.com.br\\\/wp-content\\\/uploads\\\/2020\\\/10\\\/logo_azul-1.png\",\"contentUrl\":\"https:\\\/\\\/terradomandu.com.br\\\/wp-content\\\/uploads\\\/2020\\\/10\\\/logo_azul-1.png\",\"width\":1080,\"height\":1080,\"caption\":\"TERRA DO MANDU - NOT\u00cdCIAS DE POUSO ALEGRE E SUL DE MINAS\"},\"image\":{\"@id\":\"https:\\\/\\\/terradomandu.com.br\\\/#\\\/schema\\\/logo\\\/image\\\/\"},\"sameAs\":[\"https:\\\/\\\/www.facebook.com\\\/terradomandu\\\/\",\"https:\\\/\\\/x.com\\\/terradomandu\",\"https:\\\/\\\/www.instagram.com\\\/terradomandu\",\"https:\\\/\\\/www.youtube.com\\\/terradomandu\"]},{\"@type\":\"Person\",\"@id\":\"https:\\\/\\\/terradomandu.com.br\\\/#\\\/schema\\\/person\\\/85e4925923043514fb783fc0d9b0643f\",\"name\":\"Iago Almeida\",\"image\":{\"@type\":\"ImageObject\",\"inLanguage\":\"pt-BR\",\"@id\":\"https:\\\/\\\/secure.gravatar.com\\\/avatar\\\/1c0d735e1391113652fee430a32ef5febd55afc9d31a33f95e354727dbdbedd9?s=96&d=mm&r=g\",\"url\":\"https:\\\/\\\/secure.gravatar.com\\\/avatar\\\/1c0d735e1391113652fee430a32ef5febd55afc9d31a33f95e354727dbdbedd9?s=96&d=mm&r=g\",\"contentUrl\":\"https:\\\/\\\/secure.gravatar.com\\\/avatar\\\/1c0d735e1391113652fee430a32ef5febd55afc9d31a33f95e354727dbdbedd9?s=96&d=mm&r=g\",\"caption\":\"Iago Almeida\"},\"sameAs\":[\"https:\\\/\\\/terradomandu.com.br\"],\"url\":\"https:\\\/\\\/terradomandu.com.br\\\/index.php\\\/author\\\/iago\\\/\"}]}<\/script>\n<!-- \/ Yoast SEO plugin. -->","yoast_head_json":{"title":"Feriad\u00e3o da Independ\u00eancia lota estradas do extremo Sul de Minas","description":"BR-459, MG-173 e MG-290 devem ter aumento de 13,4% no fluxo. Na Fern\u00e3o Dias, mais de 1 milh\u00e3o de ve\u00edculos s\u00e3o esperados. PRF realiza a Opera\u00e7\u00e3o Independ\u00eancia.","robots":{"index":"index","follow":"follow","max-snippet":"max-snippet:-1","max-image-preview":"max-image-preview:large","max-video-preview":"max-video-preview:-1"},"canonical":"https:\/\/terradomandu.com.br\/index.php\/2026\/09\/04\/feriadao-da-independencia-lota-estradas-do-extremo-sul-de-minas\/","og_locale":"pt_BR","og_type":"article","og_title":"Feriad\u00e3o da Independ\u00eancia lota estradas do extremo Sul de Minas","og_description":"BR-459, MG-173 e MG-290 devem ter aumento de 13,4% no fluxo. Na Fern\u00e3o Dias, mais de 1 milh\u00e3o de ve\u00edculos s\u00e3o esperados. PRF realiza a Opera\u00e7\u00e3o Independ\u00eancia.","og_url":"https:\/\/terradomandu.com.br\/index.php\/2026\/09\/04\/feriadao-da-independencia-lota-estradas-do-extremo-sul-de-minas\/","og_site_name":"Terra do Mandu - Not\u00edcias de Pouso Alegre e regi\u00e3o","article_publisher":"https:\/\/www.facebook.com\/terradomandu\/","article_published_time":"2026-09-04T18:54:49+00:00","og_image":[{"width":820,"height":461,"url":"http:\/\/terradomandu.com.br\/wp-content\/uploads\/2026\/09\/7acaec51-6125-4b41-981c-e7c94ba45709.jpg","type":"image\/jpeg"}],"author":"Iago Almeida","twitter_card":"summary_large_image","twitter_creator":"@terradomandu","twitter_site":"@terradomandu","twitter_misc":{"Escrito por":"Iago Almeida","Est. tempo de leitura":"6 minutos"},"schema":{"@context":"https:\/\/schema.org","@graph":[{"@type":"Article","@id":"https:\/\/terradomandu.com.br\/index.php\/2026\/09\/04\/feriadao-da-independencia-lota-estradas-do-extremo-sul-de-minas\/#article","isPartOf":{"@id":"https:\/\/terradomandu.com.br\/index.php\/2026\/09\/04\/feriadao-da-independencia-lota-estradas-do-extremo-sul-de-minas\/"},"author":{"name":"Iago Almeida","@id":"https:\/\/terradomandu.com.br\/#\/schema\/person\/85e4925923043514fb783fc0d9b0643f"},"headline":"Feriad\u00e3o da Independ\u00eancia lota estradas do extremo Sul de Minas","datePublished":"2026-09-04T18:54:49+00:00","mainEntityOfPage":{"@id":"https:\/\/terradomandu.com.br\/index.php\/2026\/09\/04\/feriadao-da-independencia-lota-estradas-do-extremo-sul-de-minas\/"},"wordCount":898,"commentCount":0,"publisher":{"@id":"https:\/\/terradomandu.com.br\/#organization"},"image":{"@id":"https:\/\/terradomandu.com.br\/index.php\/2026\/09\/04\/feriadao-da-independencia-lota-estradas-do-extremo-sul-de-minas\/#primaryimage"},"thumbnailUrl":"https:\/\/terradomandu.com.br\/wp-content\/uploads\/2026\/09\/7acaec51-6125-4b41-981c-e7c94ba45709.jpg","keywords":["Feriado 'prolongado'"],"articleSection":["DESTAQUE"],"inLanguage":"pt-BR","potentialAction":[{"@type":"CommentAction","name":"Comment","target":["https:\/\/terradomandu.com.br\/index.php\/2026\/09\/04\/feriadao-da-independencia-lota-estradas-do-extremo-sul-de-minas\/#respond"]}]},{"@type":"WebPage","@id":"https:\/\/terradomandu.com.br\/index.php\/2026\/09\/04\/feriadao-da-independencia-lota-estradas-do-extremo-sul-de-minas\/","url":"https:\/\/terradomandu.com.br\/index.php\/2026\/09\/04\/feriadao-da-independencia-lota-estradas-do-extremo-sul-de-minas\/","name":"Feriad\u00e3o da Independ\u00eancia lota estradas do extremo Sul de Minas","isPartOf":{"@id":"https:\/\/terradomandu.com.br\/#website"},"primaryImageOfPage":{"@id":"https:\/\/terradomandu.com.br\/index.php\/2026\/09\/04\/feriadao-da-independencia-lota-estradas-do-extremo-sul-de-minas\/#primaryimage"},"image":{"@id":"https:\/\/terradomandu.com.br\/index.php\/2026\/09\/04\/feriadao-da-independencia-lota-estradas-do-extremo-sul-de-minas\/#primaryimage"},"thumbnailUrl":"https:\/\/terradomandu.com.br\/wp-content\/uploads\/2026\/09\/7acaec51-6125-4b41-981c-e7c94ba45709.jpg","datePublished":"2026-09-04T18:54:49+00:00","description":"BR-459, MG-173 e MG-290 devem ter aumento de 13,4% no fluxo. Na Fern\u00e3o Dias, mais de 1 milh\u00e3o de ve\u00edculos s\u00e3o esperados. PRF realiza a Opera\u00e7\u00e3o Independ\u00eancia.","breadcrumb":{"@id":"https:\/\/terradomandu.com.br\/index.php\/2026\/09\/04\/feriadao-da-independencia-lota-estradas-do-extremo-sul-de-minas\/#breadcrumb"},"inLanguage":"pt-BR","potentialAction":[{"@type":"ReadAction","target":["https:\/\/terradomandu.com.br\/index.php\/2026\/09\/04\/feriadao-da-independencia-lota-estradas-do-extremo-sul-de-minas\/"]}]},{"@type":"ImageObject","inLanguage":"pt-BR","@id":"https:\/\/terradomandu.com.br\/index.php\/2026\/09\/04\/feriadao-da-independencia-lota-estradas-do-extremo-sul-de-minas\/#primaryimage","url":"https:\/\/terradomandu.com.br\/wp-content\/uploads\/2026\/09\/7acaec51-6125-4b41-981c-e7c94ba45709.jpg","contentUrl":"https:\/\/terradomandu.com.br\/wp-content\/uploads\/2026\/09\/7acaec51-6125-4b41-981c-e7c94ba45709.jpg","width":820,"height":461,"caption":"Feriad\u00e3o da Independ\u00eancia lota estradas do extremo Sul de Minas"},{"@type":"BreadcrumbList","@id":"https:\/\/terradomandu.com.br\/index.php\/2026\/09\/04\/feriadao-da-independencia-lota-estradas-do-extremo-sul-de-minas\/#breadcrumb","itemListElement":[{"@type":"ListItem","position":1,"name":"In\u00edcio","item":"https:\/\/terradomandu.com.br\/"},{"@type":"ListItem","position":2,"name":"Feriad\u00e3o da Independ\u00eancia lota estradas do extremo Sul de Minas"}]},{"@type":"WebSite","@id":"https:\/\/terradomandu.com.br\/#website","url":"https:\/\/terradomandu.com.br\/","name":"Terra do Mandu - Not\u00edcias de Pouso Alegre e regi\u00e3o","description":"Not\u00edcias de Pouso Alegre e regi\u00e3o. Terra do Mandu \u00e9 jornalismo s\u00e9rio e conte\u00fado pr\u00f3prio.","publisher":{"@id":"https:\/\/terradomandu.com.br\/#organization"},"potentialAction":[{"@type":"SearchAction","target":{"@type":"EntryPoint","urlTemplate":"https:\/\/terradomandu.com.br\/?s={search_term_string}"},"query-input":{"@type":"PropertyValueSpecification","valueRequired":true,"valueName":"search_term_string"}}],"inLanguage":"pt-BR"},{"@type":"Organization","@id":"https:\/\/terradomandu.com.br\/#organization","name":"TERRA DO MANDU - NOT\u00cdCIAS DE POUSO ALEGRE E SUL DE MINAS","url":"https:\/\/terradomandu.com.br\/","logo":{"@type":"ImageObject","inLanguage":"pt-BR","@id":"https:\/\/terradomandu.com.br\/#\/schema\/logo\/image\/","url":"https:\/\/terradomandu.com.br\/wp-content\/uploads\/2020\/10\/logo_azul-1.png","contentUrl":"https:\/\/terradomandu.com.br\/wp-content\/uploads\/2020\/10\/logo_azul-1.png","width":1080,"height":1080,"caption":"TERRA DO MANDU - NOT\u00cdCIAS DE POUSO ALEGRE E SUL DE MINAS"},"image":{"@id":"https:\/\/terradomandu.com.br\/#\/schema\/logo\/image\/"},"sameAs":["https:\/\/www.facebook.com\/terradomandu\/","https:\/\/x.com\/terradomandu","https:\/\/www.instagram.com\/terradomandu","https:\/\/www.youtube.com\/terradomandu"]},{"@type":"Person","@id":"https:\/\/terradomandu.com.br\/#\/schema\/person\/85e4925923043514fb783fc0d9b0643f","name":"Iago Almeida","image":{"@type":"ImageObject","inLanguage":"pt-BR","@id":"https:\/\/secure.gravatar.com\/avatar\/1c0d735e1391113652fee430a32ef5febd55afc9d31a33f95e354727dbdbedd9?s=96&d=mm&r=g","url":"https:\/\/secure.gravatar.com\/avatar\/1c0d735e1391113652fee430a32ef5febd55afc9d31a33f95e354727dbdbedd9?s=96&d=mm&r=g","contentUrl":"https:\/\/secure.gravatar.com\/avatar\/1c0d735e1391113652fee430a32ef5febd55afc9d31a33f95e354727dbdbedd9?s=96&d=mm&r=g","caption":"Iago Almeida"},"sameAs":["https:\/\/terradomandu.com.br"],"url":"https:\/\/terradomandu.com.br\/index.php\/author\/iago\/"}]}},"jetpack_featured_media_url":"https:\/\/terradomandu.com.br\/wp-content\/uploads\/2026\/09\/7acaec51-6125-4b41-981c-e7c94ba45709.jpg","jetpack_sharing_enabled":true,"_links":{"self":[{"href":"https:\/\/terradomandu.com.br\/index.php\/wp-json\/wp\/v2\/posts\/124428","targetHints":{"allow":["GET"]}}],"collection":[{"href":"https:\/\/terradomandu.com.br\/index.php\/wp-json\/wp\/v2\/posts"}],"about":[{"href":"https:\/\/terradomandu.com.br\/index.php\/wp-json\/wp\/v2\/types\/post"}],"author":[{"embeddable":true,"href":"https:\/\/terradomandu.com.br\/index.php\/wp-json\/wp\/v2\/users\/17"}],"replies":[{"embeddable":true,"href":"https:\/\/terradomandu.com.br\/index.php\/wp-json\/wp\/v2\/comments?post=124428"}],"version-history":[{"count":2,"href":"https:\/\/terradomandu.com.br\/index.php\/wp-json\/wp\/v2\/posts\/124428\/revisions"}],"predecessor-version":[{"id":124437,"href":"https:\/\/terradomandu.com.br\/index.php\/wp-json\/wp\/v2\/posts\/124428\/revisions\/124437"}],"wp:featuredmedia":[{"embeddable":true,"href":"https:\/\/terradomandu.com.br\/index.php\/wp-json\/wp\/v2\/media\/124434"}],"wp:attachment":[{"href":"https:\/\/terradomandu.com.br\/index.php\/wp-json\/wp\/v2\/media?parent=124428"}],"wp:term":[{"taxonomy":"category","embeddable":true,"href":"https:\/\/terradomandu.com.br\/index.php\/wp-json\/wp\/v2\/categories?post=124428"},{"taxonomy":"post_tag","embeddable":true,"href":"https:\/\/terradomandu.com.br\/index.php\/wp-json\/wp\/v2\/tags?post=124428"}],"curies":[{"name":"wp","href":"https:\/\/api.w.org\/{rel}","templated":true}]}}