


{"id":124408,"date":"2026-09-03T18:00:02","date_gmt":"2026-09-03T21:00:02","guid":{"rendered":"https:\/\/terradomandu.com.br\/?p=124408"},"modified":"2026-09-03T19:35:07","modified_gmt":"2026-09-03T22:35:07","slug":"operacao-de-combate-ao-crime-organizado-em-prende-tres-pessoas-em-pouso-alegre","status":"publish","type":"post","link":"https:\/\/terradomandu.com.br\/index.php\/2026\/09\/03\/operacao-de-combate-ao-crime-organizado-em-prende-tres-pessoas-em-pouso-alegre\/","title":{"rendered":"Opera\u00e7\u00e3o de combate ao crime organizado prende tr\u00eas homens; um seria quem aplicava puni\u00e7\u00f5es"},"content":{"rendered":"<p>https:\/\/youtu.be\/d3M9T-h3iOs<\/p>\n<p>Pouso Alegre \u00e9 foco de uma opera\u00e7\u00e3o de combate ao crime organizado, nesta quinta-feira (03\/9). A a\u00e7\u00e3o conjunta do Minist\u00e9rio P\u00fablico de Minas Gerais (MPMG) e Pol\u00edcia Militar (PMMG) prendeu tr\u00eas pessoas e apreendeu um adolescente. Um dos presos \u00e9 apontado como respons\u00e1vel pelas puni\u00e7\u00f5es violentas relativas ao tr\u00e1fico de drogas.<\/p>\n<p>A Opera\u00e7\u00e3o Prima Actio tem como foco organiza\u00e7\u00e3o criminosa, tr\u00e1fico de drogas, corrup\u00e7\u00e3o de menores, disparo e porte ilegal de armas de fogo. Equipes do MPMG e PM cumpriram mandados de pris\u00e3o e de busca e apreens\u00e3o em quatro pontos estrat\u00e9gicos do bairro S\u00e3o Crist\u00f3v\u00e3o e outras regi\u00f5es, durante a manh\u00e3.<\/p>\n<p>O alvo engloba cinco pessoas. Tr\u00eas homens foram presos e a interna\u00e7\u00e3o provis\u00f3ria foi determinada para dois adolescentes de 17 anos. Um est\u00e1 apreendido e o outro foragido.<\/p>\n<p>Os materiais apreendidos incluem 24 muni\u00e7\u00f5es calibre 9mm, sete celulares, um notebook, duas m\u00e1quinas de cart\u00e3o, duas balan\u00e7as de precis\u00e3o, um coldre com cinto, embalagens e R$ 512 em dinheiro.<\/p>\n<p>As drogas apreendidas s\u00e3o uma por\u00e7\u00e3o de maconha, uma por\u00e7\u00e3o de haxixe e uma pedra de crack.\u00a0Todo material apreendido ser\u00e1 encaminhado para an\u00e1lise das autoridades competentes.<\/p>\n<p><img loading=\"lazy\" decoding=\"async\" class=\"aligncenter size-full wp-image-124409\" src=\"http:\/\/terradomandu.com.br\/wp-content\/uploads\/2026\/09\/MPMG-1.jpeg\" alt=\"\" width=\"940\" height=\"627\" srcset=\"https:\/\/terradomandu.com.br\/wp-content\/uploads\/2026\/09\/MPMG-1.jpeg 940w, https:\/\/terradomandu.com.br\/wp-content\/uploads\/2026\/09\/MPMG-1-300x200.jpeg 300w, https:\/\/terradomandu.com.br\/wp-content\/uploads\/2026\/09\/MPMG-1-768x512.jpeg 768w\" sizes=\"auto, (max-width: 940px) 100vw, 940px\" \/><\/p>\n<h2>Como a organiza\u00e7\u00e3o criminosa agia<\/h2>\n<p>O MPMG esclareceu com exclusividade ao Terra do Mandu como a organiza\u00e7\u00e3o criminosa agia e os detalhes da investiga\u00e7\u00e3o. A opera\u00e7\u00e3o come\u00e7ou em mar\u00e7o com uma a\u00e7\u00e3o controlada da Ag\u00eancia de Intelig\u00eancia do 20\u00ba Batalh\u00e3o da Pol\u00edcia Militar e teve autoriza\u00e7\u00e3o do Juiz da Vara de Garantias de Pouso Alegre.<\/p>\n<p>&#8220;Atrav\u00e9s da investiga\u00e7\u00e3o, foram angariados ind\u00edcios da exist\u00eancia de estrutura criminosa organizada voltada ao tr\u00e1fico il\u00edcito de drogas e ao controle territorial no bairro S\u00e3o Crist\u00f3v\u00e3o, no munic\u00edpio de Pouso Alegre\/MG, com reflexos em \u00e1reas adjacentes, com a utiliza\u00e7\u00e3o, inclusive, de menores e armas de fogo&#8221;, explica o MPMG.<\/p>\n<p>A investiga\u00e7\u00e3o apontou que os menores vendiam constantemente drogas. A regi\u00e3o da pracinha da Avenida Dezenove de Outubro seria o ponto fixo para a comercializa\u00e7\u00e3o dos entorpecentes.<\/p>\n<p>Os homens presos se dividiam nas fun\u00e7\u00f5es da estrutura criminosa. Um era o l\u00edder do n\u00facleo e fazia a gest\u00e3o.\u00a0O segundo homem, seria o bra\u00e7o direito dele, o ajudando na supervis\u00e3o dos pontos de venda e distribui\u00e7\u00e3o de drogas aos vendedores.<\/p>\n<p>O terceiro tinha como fun\u00e7\u00e3o a ger\u00eancia e &#8216;disciplina&#8217; do ponto de tr\u00e1fico. Ele \u00e9 apontado como a figura central para impor puni\u00e7\u00f5es violentas no local.<\/p>\n<p><img loading=\"lazy\" decoding=\"async\" class=\"aligncenter size-full wp-image-124410\" src=\"http:\/\/terradomandu.com.br\/wp-content\/uploads\/2026\/09\/MPMG.jpeg\" alt=\"\" width=\"940\" height=\"529\" srcset=\"https:\/\/terradomandu.com.br\/wp-content\/uploads\/2026\/09\/MPMG.jpeg 940w, https:\/\/terradomandu.com.br\/wp-content\/uploads\/2026\/09\/MPMG-300x169.jpeg 300w, https:\/\/terradomandu.com.br\/wp-content\/uploads\/2026\/09\/MPMG-768x432.jpeg 768w\" sizes=\"auto, (max-width: 940px) 100vw, 940px\" \/><\/p>\n<div class=\"fb-background-color\">\n\t\t\t  <div \n\t\t\t  \tclass = \"fb-comments\" \n\t\t\t  \tdata-href = \"https:\/\/terradomandu.com.br\/index.php\/2026\/09\/03\/operacao-de-combate-ao-crime-organizado-em-prende-tres-pessoas-em-pouso-alegre\/\"\n\t\t\t  \tdata-numposts = \"10\"\n\t\t\t  \tdata-lazy = \"true\"\n\t\t\t\tdata-colorscheme = \"light\"\n\t\t\t\tdata-order-by = \"social\"\n\t\t\t\tdata-mobile=true>\n\t\t\t  <\/div><\/div>\n\t\t  <style>\n\t\t    .fb-background-color {\n\t\t\t\tbackground: #ffffff !important;\n\t\t\t}\n\t\t\t.fb_iframe_widget_fluid_desktop iframe {\n\t\t\t    width: 100% !important;\n\t\t\t}\n\t\t  <\/style>\n\t\t  ","protected":false},"excerpt":{"rendered":"<p>https:\/\/youtu.be\/d3M9T-h3iOs Pouso Alegre \u00e9 foco de uma opera\u00e7\u00e3o de combate ao crime organizado, nesta quinta-feira (03\/9). A a\u00e7\u00e3o conjunta do Minist\u00e9rio P\u00fablico de Minas Gerais (MPMG) e Pol\u00edcia Militar (PMMG) prendeu tr\u00eas pessoas e apreendeu um adolescente. Um dos presos \u00e9 apontado como respons\u00e1vel pelas puni\u00e7\u00f5es violentas relativas ao tr\u00e1fico de drogas. A Opera\u00e7\u00e3o Prima [&hellip;]<\/p>\n","protected":false},"author":15,"featured_media":124409,"comment_status":"open","ping_status":"closed","sticky":false,"template":"","format":"standard","meta":{"_acf_changed":false,"kia_subtitle":"Um dos presos seria respons\u00e1vel por puni\u00e7\u00f5es violentas para impor disciplina no tr\u00e1fico. MPMG e PM apreenderam muni\u00e7\u00f5es, equipamentos e drogas nesta quinta-feira.","_jetpack_newsletter_access":"","_jetpack_dont_email_post_to_subs":false,"_jetpack_newsletter_tier_id":0,"_jetpack_memberships_contains_paywalled_content":false,"_jetpack_feature_clip_id":0,"_jetpack_memberships_contains_paid_content":false,"footnotes":"","jetpack_post_was_ever_published":false},"categories":[526],"tags":[709],"class_list":["post-124408","post","type-post","status-publish","format-standard","has-post-thumbnail","hentry","category-destaque","tag-em-pouso-alegre"],"acf":[],"yoast_head":"<!-- This site is optimized with the Yoast SEO plugin v27.9 - https:\/\/yoast.com\/product\/yoast-seo-wordpress\/ -->\n<title>Opera\u00e7\u00e3o de combate ao crime organizado prende tr\u00eas pessoas em Pouso Alegre<\/title>\n<meta name=\"description\" content=\"Opera\u00e7\u00e3o do MPMG e PM combate crime organizado em Pouso Alegre e apreende muni\u00e7\u00f5es, equipamentos e drogas. Tr\u00eas pessoas s\u00e3o presas e menor \u00e9 aprendido.\" \/>\n<meta name=\"robots\" content=\"index, follow, max-snippet:-1, max-image-preview:large, max-video-preview:-1\" \/>\n<link rel=\"canonical\" href=\"https:\/\/terradomandu.com.br\/index.php\/2026\/09\/03\/operacao-de-combate-ao-crime-organizado-em-prende-tres-pessoas-em-pouso-alegre\/\" \/>\n<meta property=\"og:locale\" content=\"pt_BR\" \/>\n<meta property=\"og:type\" content=\"article\" \/>\n<meta property=\"og:title\" content=\"Opera\u00e7\u00e3o de combate ao crime organizado prende tr\u00eas pessoas em Pouso Alegre\" \/>\n<meta property=\"og:description\" content=\"Opera\u00e7\u00e3o do MPMG e PM combate crime organizado em Pouso Alegre e apreende muni\u00e7\u00f5es, equipamentos e drogas. Tr\u00eas pessoas s\u00e3o presas e menor \u00e9 aprendido.\" \/>\n<meta property=\"og:url\" content=\"https:\/\/terradomandu.com.br\/index.php\/2026\/09\/03\/operacao-de-combate-ao-crime-organizado-em-prende-tres-pessoas-em-pouso-alegre\/\" \/>\n<meta property=\"og:site_name\" content=\"Terra do Mandu - Not\u00edcias de Pouso Alegre e regi\u00e3o\" \/>\n<meta property=\"article:publisher\" content=\"https:\/\/www.facebook.com\/terradomandu\/\" \/>\n<meta property=\"article:published_time\" content=\"2026-09-03T21:00:02+00:00\" \/>\n<meta property=\"article:modified_time\" content=\"2026-09-03T22:35:07+00:00\" \/>\n<meta property=\"og:image\" content=\"http:\/\/terradomandu.com.br\/wp-content\/uploads\/2026\/09\/MPMG-1.jpeg\" \/>\n\t<meta property=\"og:image:width\" content=\"940\" \/>\n\t<meta property=\"og:image:height\" content=\"627\" \/>\n\t<meta property=\"og:image:type\" content=\"image\/jpeg\" \/>\n<meta name=\"author\" content=\"Nayara Andery\" \/>\n<meta name=\"twitter:card\" content=\"summary_large_image\" \/>\n<meta name=\"twitter:creator\" content=\"@terradomandu\" \/>\n<meta name=\"twitter:site\" content=\"@terradomandu\" \/>\n<meta name=\"twitter:label1\" content=\"Escrito por\" \/>\n\t<meta name=\"twitter:data1\" content=\"Nayara Andery\" \/>\n\t<meta name=\"twitter:label2\" content=\"Est. tempo de leitura\" \/>\n\t<meta name=\"twitter:data2\" content=\"3 minutos\" \/>\n<script type=\"application\/ld+json\" class=\"yoast-schema-graph\">{\"@context\":\"https:\\\/\\\/schema.org\",\"@graph\":[{\"@type\":\"Article\",\"@id\":\"https:\\\/\\\/terradomandu.com.br\\\/index.php\\\/2026\\\/09\\\/03\\\/operacao-de-combate-ao-crime-organizado-em-prende-tres-pessoas-em-pouso-alegre\\\/#article\",\"isPartOf\":{\"@id\":\"https:\\\/\\\/terradomandu.com.br\\\/index.php\\\/2026\\\/09\\\/03\\\/operacao-de-combate-ao-crime-organizado-em-prende-tres-pessoas-em-pouso-alegre\\\/\"},\"author\":{\"name\":\"Nayara Andery\",\"@id\":\"https:\\\/\\\/terradomandu.com.br\\\/#\\\/schema\\\/person\\\/061b2b0225000e5ec3b1ae824adef593\"},\"headline\":\"Opera\u00e7\u00e3o de combate ao crime organizado prende tr\u00eas homens; um seria quem aplicava puni\u00e7\u00f5es\",\"datePublished\":\"2026-09-03T21:00:02+00:00\",\"dateModified\":\"2026-09-03T22:35:07+00:00\",\"mainEntityOfPage\":{\"@id\":\"https:\\\/\\\/terradomandu.com.br\\\/index.php\\\/2026\\\/09\\\/03\\\/operacao-de-combate-ao-crime-organizado-em-prende-tres-pessoas-em-pouso-alegre\\\/\"},\"wordCount\":472,\"commentCount\":0,\"publisher\":{\"@id\":\"https:\\\/\\\/terradomandu.com.br\\\/#organization\"},\"image\":{\"@id\":\"https:\\\/\\\/terradomandu.com.br\\\/index.php\\\/2026\\\/09\\\/03\\\/operacao-de-combate-ao-crime-organizado-em-prende-tres-pessoas-em-pouso-alegre\\\/#primaryimage\"},\"thumbnailUrl\":\"https:\\\/\\\/terradomandu.com.br\\\/wp-content\\\/uploads\\\/2026\\\/09\\\/MPMG-1.jpeg\",\"keywords\":[\"Em Pouso Alegre\"],\"articleSection\":[\"DESTAQUE\"],\"inLanguage\":\"pt-BR\",\"potentialAction\":[{\"@type\":\"CommentAction\",\"name\":\"Comment\",\"target\":[\"https:\\\/\\\/terradomandu.com.br\\\/index.php\\\/2026\\\/09\\\/03\\\/operacao-de-combate-ao-crime-organizado-em-prende-tres-pessoas-em-pouso-alegre\\\/#respond\"]}]},{\"@type\":\"WebPage\",\"@id\":\"https:\\\/\\\/terradomandu.com.br\\\/index.php\\\/2026\\\/09\\\/03\\\/operacao-de-combate-ao-crime-organizado-em-prende-tres-pessoas-em-pouso-alegre\\\/\",\"url\":\"https:\\\/\\\/terradomandu.com.br\\\/index.php\\\/2026\\\/09\\\/03\\\/operacao-de-combate-ao-crime-organizado-em-prende-tres-pessoas-em-pouso-alegre\\\/\",\"name\":\"Opera\u00e7\u00e3o de combate ao crime organizado prende tr\u00eas pessoas em Pouso Alegre\",\"isPartOf\":{\"@id\":\"https:\\\/\\\/terradomandu.com.br\\\/#website\"},\"primaryImageOfPage\":{\"@id\":\"https:\\\/\\\/terradomandu.com.br\\\/index.php\\\/2026\\\/09\\\/03\\\/operacao-de-combate-ao-crime-organizado-em-prende-tres-pessoas-em-pouso-alegre\\\/#primaryimage\"},\"image\":{\"@id\":\"https:\\\/\\\/terradomandu.com.br\\\/index.php\\\/2026\\\/09\\\/03\\\/operacao-de-combate-ao-crime-organizado-em-prende-tres-pessoas-em-pouso-alegre\\\/#primaryimage\"},\"thumbnailUrl\":\"https:\\\/\\\/terradomandu.com.br\\\/wp-content\\\/uploads\\\/2026\\\/09\\\/MPMG-1.jpeg\",\"datePublished\":\"2026-09-03T21:00:02+00:00\",\"dateModified\":\"2026-09-03T22:35:07+00:00\",\"description\":\"Opera\u00e7\u00e3o do MPMG e PM combate crime organizado em Pouso Alegre e apreende muni\u00e7\u00f5es, equipamentos e drogas. Tr\u00eas pessoas s\u00e3o presas e menor \u00e9 aprendido.\",\"breadcrumb\":{\"@id\":\"https:\\\/\\\/terradomandu.com.br\\\/index.php\\\/2026\\\/09\\\/03\\\/operacao-de-combate-ao-crime-organizado-em-prende-tres-pessoas-em-pouso-alegre\\\/#breadcrumb\"},\"inLanguage\":\"pt-BR\",\"potentialAction\":[{\"@type\":\"ReadAction\",\"target\":[\"https:\\\/\\\/terradomandu.com.br\\\/index.php\\\/2026\\\/09\\\/03\\\/operacao-de-combate-ao-crime-organizado-em-prende-tres-pessoas-em-pouso-alegre\\\/\"]}]},{\"@type\":\"ImageObject\",\"inLanguage\":\"pt-BR\",\"@id\":\"https:\\\/\\\/terradomandu.com.br\\\/index.php\\\/2026\\\/09\\\/03\\\/operacao-de-combate-ao-crime-organizado-em-prende-tres-pessoas-em-pouso-alegre\\\/#primaryimage\",\"url\":\"https:\\\/\\\/terradomandu.com.br\\\/wp-content\\\/uploads\\\/2026\\\/09\\\/MPMG-1.jpeg\",\"contentUrl\":\"https:\\\/\\\/terradomandu.com.br\\\/wp-content\\\/uploads\\\/2026\\\/09\\\/MPMG-1.jpeg\",\"width\":940,\"height\":627},{\"@type\":\"BreadcrumbList\",\"@id\":\"https:\\\/\\\/terradomandu.com.br\\\/index.php\\\/2026\\\/09\\\/03\\\/operacao-de-combate-ao-crime-organizado-em-prende-tres-pessoas-em-pouso-alegre\\\/#breadcrumb\",\"itemListElement\":[{\"@type\":\"ListItem\",\"position\":1,\"name\":\"In\u00edcio\",\"item\":\"https:\\\/\\\/terradomandu.com.br\\\/\"},{\"@type\":\"ListItem\",\"position\":2,\"name\":\"Opera\u00e7\u00e3o de combate ao crime organizado prende tr\u00eas homens; um seria quem aplicava puni\u00e7\u00f5es\"}]},{\"@type\":\"WebSite\",\"@id\":\"https:\\\/\\\/terradomandu.com.br\\\/#website\",\"url\":\"https:\\\/\\\/terradomandu.com.br\\\/\",\"name\":\"Terra do Mandu - Not\u00edcias de Pouso Alegre e regi\u00e3o\",\"description\":\"Not\u00edcias de Pouso Alegre e regi\u00e3o. Terra do Mandu \u00e9 jornalismo s\u00e9rio e conte\u00fado pr\u00f3prio.\",\"publisher\":{\"@id\":\"https:\\\/\\\/terradomandu.com.br\\\/#organization\"},\"potentialAction\":[{\"@type\":\"SearchAction\",\"target\":{\"@type\":\"EntryPoint\",\"urlTemplate\":\"https:\\\/\\\/terradomandu.com.br\\\/?s={search_term_string}\"},\"query-input\":{\"@type\":\"PropertyValueSpecification\",\"valueRequired\":true,\"valueName\":\"search_term_string\"}}],\"inLanguage\":\"pt-BR\"},{\"@type\":\"Organization\",\"@id\":\"https:\\\/\\\/terradomandu.com.br\\\/#organization\",\"name\":\"TERRA DO MANDU - NOT\u00cdCIAS DE POUSO ALEGRE E SUL DE MINAS\",\"url\":\"https:\\\/\\\/terradomandu.com.br\\\/\",\"logo\":{\"@type\":\"ImageObject\",\"inLanguage\":\"pt-BR\",\"@id\":\"https:\\\/\\\/terradomandu.com.br\\\/#\\\/schema\\\/logo\\\/image\\\/\",\"url\":\"https:\\\/\\\/terradomandu.com.br\\\/wp-content\\\/uploads\\\/2020\\\/10\\\/logo_azul-1.png\",\"contentUrl\":\"https:\\\/\\\/terradomandu.com.br\\\/wp-content\\\/uploads\\\/2020\\\/10\\\/logo_azul-1.png\",\"width\":1080,\"height\":1080,\"caption\":\"TERRA DO MANDU - NOT\u00cdCIAS DE POUSO ALEGRE E SUL DE MINAS\"},\"image\":{\"@id\":\"https:\\\/\\\/terradomandu.com.br\\\/#\\\/schema\\\/logo\\\/image\\\/\"},\"sameAs\":[\"https:\\\/\\\/www.facebook.com\\\/terradomandu\\\/\",\"https:\\\/\\\/x.com\\\/terradomandu\",\"https:\\\/\\\/www.instagram.com\\\/terradomandu\",\"https:\\\/\\\/www.youtube.com\\\/terradomandu\"]},{\"@type\":\"Person\",\"@id\":\"https:\\\/\\\/terradomandu.com.br\\\/#\\\/schema\\\/person\\\/061b2b0225000e5ec3b1ae824adef593\",\"name\":\"Nayara Andery\",\"image\":{\"@type\":\"ImageObject\",\"inLanguage\":\"pt-BR\",\"@id\":\"https:\\\/\\\/secure.gravatar.com\\\/avatar\\\/cb9f581aa88d54cff130ae816a216b38fe51f4485b5382d335bce4533d72d3e3?s=96&d=mm&r=g\",\"url\":\"https:\\\/\\\/secure.gravatar.com\\\/avatar\\\/cb9f581aa88d54cff130ae816a216b38fe51f4485b5382d335bce4533d72d3e3?s=96&d=mm&r=g\",\"contentUrl\":\"https:\\\/\\\/secure.gravatar.com\\\/avatar\\\/cb9f581aa88d54cff130ae816a216b38fe51f4485b5382d335bce4533d72d3e3?s=96&d=mm&r=g\",\"caption\":\"Nayara Andery\"},\"url\":\"https:\\\/\\\/terradomandu.com.br\\\/index.php\\\/author\\\/nayara\\\/\"}]}<\/script>\n<!-- \/ Yoast SEO plugin. -->","yoast_head_json":{"title":"Opera\u00e7\u00e3o de combate ao crime organizado prende tr\u00eas pessoas em Pouso Alegre","description":"Opera\u00e7\u00e3o do MPMG e PM combate crime organizado em Pouso Alegre e apreende muni\u00e7\u00f5es, equipamentos e drogas. Tr\u00eas pessoas s\u00e3o presas e menor \u00e9 aprendido.","robots":{"index":"index","follow":"follow","max-snippet":"max-snippet:-1","max-image-preview":"max-image-preview:large","max-video-preview":"max-video-preview:-1"},"canonical":"https:\/\/terradomandu.com.br\/index.php\/2026\/09\/03\/operacao-de-combate-ao-crime-organizado-em-prende-tres-pessoas-em-pouso-alegre\/","og_locale":"pt_BR","og_type":"article","og_title":"Opera\u00e7\u00e3o de combate ao crime organizado prende tr\u00eas pessoas em Pouso Alegre","og_description":"Opera\u00e7\u00e3o do MPMG e PM combate crime organizado em Pouso Alegre e apreende muni\u00e7\u00f5es, equipamentos e drogas. Tr\u00eas pessoas s\u00e3o presas e menor \u00e9 aprendido.","og_url":"https:\/\/terradomandu.com.br\/index.php\/2026\/09\/03\/operacao-de-combate-ao-crime-organizado-em-prende-tres-pessoas-em-pouso-alegre\/","og_site_name":"Terra do Mandu - Not\u00edcias de Pouso Alegre e regi\u00e3o","article_publisher":"https:\/\/www.facebook.com\/terradomandu\/","article_published_time":"2026-09-03T21:00:02+00:00","article_modified_time":"2026-09-03T22:35:07+00:00","og_image":[{"width":940,"height":627,"url":"http:\/\/terradomandu.com.br\/wp-content\/uploads\/2026\/09\/MPMG-1.jpeg","type":"image\/jpeg"}],"author":"Nayara Andery","twitter_card":"summary_large_image","twitter_creator":"@terradomandu","twitter_site":"@terradomandu","twitter_misc":{"Escrito por":"Nayara Andery","Est. tempo de leitura":"3 minutos"},"schema":{"@context":"https:\/\/schema.org","@graph":[{"@type":"Article","@id":"https:\/\/terradomandu.com.br\/index.php\/2026\/09\/03\/operacao-de-combate-ao-crime-organizado-em-prende-tres-pessoas-em-pouso-alegre\/#article","isPartOf":{"@id":"https:\/\/terradomandu.com.br\/index.php\/2026\/09\/03\/operacao-de-combate-ao-crime-organizado-em-prende-tres-pessoas-em-pouso-alegre\/"},"author":{"name":"Nayara Andery","@id":"https:\/\/terradomandu.com.br\/#\/schema\/person\/061b2b0225000e5ec3b1ae824adef593"},"headline":"Opera\u00e7\u00e3o de combate ao crime organizado prende tr\u00eas homens; um seria quem aplicava puni\u00e7\u00f5es","datePublished":"2026-09-03T21:00:02+00:00","dateModified":"2026-09-03T22:35:07+00:00","mainEntityOfPage":{"@id":"https:\/\/terradomandu.com.br\/index.php\/2026\/09\/03\/operacao-de-combate-ao-crime-organizado-em-prende-tres-pessoas-em-pouso-alegre\/"},"wordCount":472,"commentCount":0,"publisher":{"@id":"https:\/\/terradomandu.com.br\/#organization"},"image":{"@id":"https:\/\/terradomandu.com.br\/index.php\/2026\/09\/03\/operacao-de-combate-ao-crime-organizado-em-prende-tres-pessoas-em-pouso-alegre\/#primaryimage"},"thumbnailUrl":"https:\/\/terradomandu.com.br\/wp-content\/uploads\/2026\/09\/MPMG-1.jpeg","keywords":["Em Pouso Alegre"],"articleSection":["DESTAQUE"],"inLanguage":"pt-BR","potentialAction":[{"@type":"CommentAction","name":"Comment","target":["https:\/\/terradomandu.com.br\/index.php\/2026\/09\/03\/operacao-de-combate-ao-crime-organizado-em-prende-tres-pessoas-em-pouso-alegre\/#respond"]}]},{"@type":"WebPage","@id":"https:\/\/terradomandu.com.br\/index.php\/2026\/09\/03\/operacao-de-combate-ao-crime-organizado-em-prende-tres-pessoas-em-pouso-alegre\/","url":"https:\/\/terradomandu.com.br\/index.php\/2026\/09\/03\/operacao-de-combate-ao-crime-organizado-em-prende-tres-pessoas-em-pouso-alegre\/","name":"Opera\u00e7\u00e3o de combate ao crime organizado prende tr\u00eas pessoas em Pouso Alegre","isPartOf":{"@id":"https:\/\/terradomandu.com.br\/#website"},"primaryImageOfPage":{"@id":"https:\/\/terradomandu.com.br\/index.php\/2026\/09\/03\/operacao-de-combate-ao-crime-organizado-em-prende-tres-pessoas-em-pouso-alegre\/#primaryimage"},"image":{"@id":"https:\/\/terradomandu.com.br\/index.php\/2026\/09\/03\/operacao-de-combate-ao-crime-organizado-em-prende-tres-pessoas-em-pouso-alegre\/#primaryimage"},"thumbnailUrl":"https:\/\/terradomandu.com.br\/wp-content\/uploads\/2026\/09\/MPMG-1.jpeg","datePublished":"2026-09-03T21:00:02+00:00","dateModified":"2026-09-03T22:35:07+00:00","description":"Opera\u00e7\u00e3o do MPMG e PM combate crime organizado em Pouso Alegre e apreende muni\u00e7\u00f5es, equipamentos e drogas. Tr\u00eas pessoas s\u00e3o presas e menor \u00e9 aprendido.","breadcrumb":{"@id":"https:\/\/terradomandu.com.br\/index.php\/2026\/09\/03\/operacao-de-combate-ao-crime-organizado-em-prende-tres-pessoas-em-pouso-alegre\/#breadcrumb"},"inLanguage":"pt-BR","potentialAction":[{"@type":"ReadAction","target":["https:\/\/terradomandu.com.br\/index.php\/2026\/09\/03\/operacao-de-combate-ao-crime-organizado-em-prende-tres-pessoas-em-pouso-alegre\/"]}]},{"@type":"ImageObject","inLanguage":"pt-BR","@id":"https:\/\/terradomandu.com.br\/index.php\/2026\/09\/03\/operacao-de-combate-ao-crime-organizado-em-prende-tres-pessoas-em-pouso-alegre\/#primaryimage","url":"https:\/\/terradomandu.com.br\/wp-content\/uploads\/2026\/09\/MPMG-1.jpeg","contentUrl":"https:\/\/terradomandu.com.br\/wp-content\/uploads\/2026\/09\/MPMG-1.jpeg","width":940,"height":627},{"@type":"BreadcrumbList","@id":"https:\/\/terradomandu.com.br\/index.php\/2026\/09\/03\/operacao-de-combate-ao-crime-organizado-em-prende-tres-pessoas-em-pouso-alegre\/#breadcrumb","itemListElement":[{"@type":"ListItem","position":1,"name":"In\u00edcio","item":"https:\/\/terradomandu.com.br\/"},{"@type":"ListItem","position":2,"name":"Opera\u00e7\u00e3o de combate ao crime organizado prende tr\u00eas homens; um seria quem aplicava puni\u00e7\u00f5es"}]},{"@type":"WebSite","@id":"https:\/\/terradomandu.com.br\/#website","url":"https:\/\/terradomandu.com.br\/","name":"Terra do Mandu - Not\u00edcias de Pouso Alegre e regi\u00e3o","description":"Not\u00edcias de Pouso Alegre e regi\u00e3o. Terra do Mandu \u00e9 jornalismo s\u00e9rio e conte\u00fado pr\u00f3prio.","publisher":{"@id":"https:\/\/terradomandu.com.br\/#organization"},"potentialAction":[{"@type":"SearchAction","target":{"@type":"EntryPoint","urlTemplate":"https:\/\/terradomandu.com.br\/?s={search_term_string}"},"query-input":{"@type":"PropertyValueSpecification","valueRequired":true,"valueName":"search_term_string"}}],"inLanguage":"pt-BR"},{"@type":"Organization","@id":"https:\/\/terradomandu.com.br\/#organization","name":"TERRA DO MANDU - NOT\u00cdCIAS DE POUSO ALEGRE E SUL DE MINAS","url":"https:\/\/terradomandu.com.br\/","logo":{"@type":"ImageObject","inLanguage":"pt-BR","@id":"https:\/\/terradomandu.com.br\/#\/schema\/logo\/image\/","url":"https:\/\/terradomandu.com.br\/wp-content\/uploads\/2020\/10\/logo_azul-1.png","contentUrl":"https:\/\/terradomandu.com.br\/wp-content\/uploads\/2020\/10\/logo_azul-1.png","width":1080,"height":1080,"caption":"TERRA DO MANDU - NOT\u00cdCIAS DE POUSO ALEGRE E SUL DE MINAS"},"image":{"@id":"https:\/\/terradomandu.com.br\/#\/schema\/logo\/image\/"},"sameAs":["https:\/\/www.facebook.com\/terradomandu\/","https:\/\/x.com\/terradomandu","https:\/\/www.instagram.com\/terradomandu","https:\/\/www.youtube.com\/terradomandu"]},{"@type":"Person","@id":"https:\/\/terradomandu.com.br\/#\/schema\/person\/061b2b0225000e5ec3b1ae824adef593","name":"Nayara Andery","image":{"@type":"ImageObject","inLanguage":"pt-BR","@id":"https:\/\/secure.gravatar.com\/avatar\/cb9f581aa88d54cff130ae816a216b38fe51f4485b5382d335bce4533d72d3e3?s=96&d=mm&r=g","url":"https:\/\/secure.gravatar.com\/avatar\/cb9f581aa88d54cff130ae816a216b38fe51f4485b5382d335bce4533d72d3e3?s=96&d=mm&r=g","contentUrl":"https:\/\/secure.gravatar.com\/avatar\/cb9f581aa88d54cff130ae816a216b38fe51f4485b5382d335bce4533d72d3e3?s=96&d=mm&r=g","caption":"Nayara Andery"},"url":"https:\/\/terradomandu.com.br\/index.php\/author\/nayara\/"}]}},"jetpack_featured_media_url":"https:\/\/terradomandu.com.br\/wp-content\/uploads\/2026\/09\/MPMG-1.jpeg","jetpack_sharing_enabled":true,"_links":{"self":[{"href":"https:\/\/terradomandu.com.br\/index.php\/wp-json\/wp\/v2\/posts\/124408","targetHints":{"allow":["GET"]}}],"collection":[{"href":"https:\/\/terradomandu.com.br\/index.php\/wp-json\/wp\/v2\/posts"}],"about":[{"href":"https:\/\/terradomandu.com.br\/index.php\/wp-json\/wp\/v2\/types\/post"}],"author":[{"embeddable":true,"href":"https:\/\/terradomandu.com.br\/index.php\/wp-json\/wp\/v2\/users\/15"}],"replies":[{"embeddable":true,"href":"https:\/\/terradomandu.com.br\/index.php\/wp-json\/wp\/v2\/comments?post=124408"}],"version-history":[{"count":9,"href":"https:\/\/terradomandu.com.br\/index.php\/wp-json\/wp\/v2\/posts\/124408\/revisions"}],"predecessor-version":[{"id":124420,"href":"https:\/\/terradomandu.com.br\/index.php\/wp-json\/wp\/v2\/posts\/124408\/revisions\/124420"}],"wp:featuredmedia":[{"embeddable":true,"href":"https:\/\/terradomandu.com.br\/index.php\/wp-json\/wp\/v2\/media\/124409"}],"wp:attachment":[{"href":"https:\/\/terradomandu.com.br\/index.php\/wp-json\/wp\/v2\/media?parent=124408"}],"wp:term":[{"taxonomy":"category","embeddable":true,"href":"https:\/\/terradomandu.com.br\/index.php\/wp-json\/wp\/v2\/categories?post=124408"},{"taxonomy":"post_tag","embeddable":true,"href":"https:\/\/terradomandu.com.br\/index.php\/wp-json\/wp\/v2\/tags?post=124408"}],"curies":[{"name":"wp","href":"https:\/\/api.w.org\/{rel}","templated":true}]}}