


{"id":124406,"date":"2026-09-04T09:31:36","date_gmt":"2026-09-04T12:31:36","guid":{"rendered":"https:\/\/terradomandu.com.br\/?p=124406"},"modified":"2026-09-04T09:31:37","modified_gmt":"2026-09-04T12:31:37","slug":"festival-samba-pagode-traz-vava-e-marcio-do-karametade-a-cachoeira-de-minas","status":"publish","type":"post","link":"https:\/\/terradomandu.com.br\/index.php\/2026\/09\/04\/festival-samba-pagode-traz-vava-e-marcio-do-karametade-a-cachoeira-de-minas\/","title":{"rendered":"Festival Samba &#038; Pagode traz Vav\u00e1 e M\u00e1rcio do Karametade a Cachoeira de Minas"},"content":{"rendered":"<p><iframe loading=\"lazy\" title=\"Festival samba &amp; pagode traz Vav\u00e1 e M\u00e1rcio do Karametade e Renato Milagres em Cachoeira de Minas\" width=\"500\" height=\"281\" src=\"https:\/\/www.youtube.com\/embed\/FT-EcprzmqM?feature=oembed\" frameborder=\"0\" allow=\"accelerometer; autoplay; clipboard-write; encrypted-media; gyroscope; picture-in-picture; web-share\" referrerpolicy=\"strict-origin-when-cross-origin\" allowfullscreen><\/iframe><\/p>\n<p class=\"PDq2pG_selectionAnchorContainer\" data-start=\"202\" data-end=\"568\">Cachoeira de Minas\/MG recebe o 1\u00ba Festival Samba &amp; Pagode neste domingo (6\/9), com m\u00fasicos que marcaram gera\u00e7\u00f5es. Os g\u00eameos Vav\u00e1 &amp; M\u00e1rcio, refer\u00eancia no vocal do Karametade s\u00e3o a atra\u00e7\u00e3o principal junto com Renato Milagres, sobrinho e afilhado de Zeca Pagodinho.<\/p>\n<p data-start=\"202\" data-end=\"568\">O evento foi criado para trazer as refer\u00eancias do samba e pagode \u00e0 popula\u00e7\u00e3o e turistas, na cidade que \u00e9 conhecida como a Terra da Fogueira, no Sul de Minas. A data escolhida \u00e9 a v\u00e9spera do feriado da Independ\u00eancia do Brasil, para que o p\u00fablico possa aproveitar ainda mais.<\/p>\n<p data-start=\"202\" data-end=\"568\">O festival vai come\u00e7ar \u00e0s 12h e se estende at\u00e9 19h, no Bosque do Clube de Campo Catadupas. A programa\u00e7\u00e3o \u00e9 voltada para reunir fam\u00edlias, amigos e quem gosta de curtir o fim de semana na regi\u00e3o.<\/p>\n<p data-start=\"202\" data-end=\"568\">A venda de ingressos est\u00e1 na reta final. As \u00faltimas unidades de ingressos dispon\u00edveis s\u00e3o vendidos na <a href=\"https:\/\/www.sympla.com.br\/evento\/1-festival-samba-pagode-cachoeira-de-minas\/3484549?referrer=terradomandu.com.br&amp;referrer=terradomandu.com.br\" target=\"_blank\" rel=\"noopener\">plataforma oficial sympla.com.br<\/a>.<\/p>\n<h3 data-start=\"570\" data-end=\"847\">Atra\u00e7\u00f5es<\/h3>\n<p data-start=\"570\" data-end=\"847\">A programa\u00e7\u00e3o inclui show com o artista local<strong> Wesley Neguinho<\/strong>. Os cantores reconhecidos nacionalmente que sobem ao palco s\u00e3o <strong>Renato Milagres<\/strong>, que al\u00e9m de sobrinho \u00e9 afilhado de Zeca Pagodinho e <strong>Vav\u00e1 &amp; M\u00e1rcio<\/strong>, que atualmente est\u00e3o juntos em novos projetos musicais.<\/p>\n<p data-start=\"570\" data-end=\"847\">Todo o evento \u00e9 cercado por uma \u00e1rea verde e conta com pra\u00e7a de alimenta\u00e7\u00e3o, \u00e1rea kids e camarote empresarial. Um dos organizadores \u00e9 Vivaldi Barbosa. Ele fala que o festival deve receber 700 pessoas. A limita\u00e7\u00e3o de p\u00fablico \u00e9 para garantir mais conforto, organiza\u00e7\u00e3o e tranquilidade para quem vai curtir a festa.<\/p>\n<h3 data-section-id=\"1ly2pm\" data-start=\"1076\" data-end=\"1116\">Evento vai entrar para calend\u00e1rio da cidade<\/h3>\n<p data-start=\"1118\" data-end=\"1300\">Vivaldi conta que o festival nasceu devido aos moradores sentirem falta de um evento de samba e pagode. Ele que ama esse g\u00eanero musical percebeu essa lacuna e quis ousar trazer uma programa\u00e7\u00e3o diferente \u00e0 Terra da Fogueira, que geralmente recebe shows sertanejos.<\/p>\n<p data-start=\"1118\" data-end=\"1300\">O intuito sempre foi lan\u00e7ar um festival em que solteiros, casais, jovens, pessoas mais velhas e inclusive quem tem filhos e quer uma boa festa organizada pudessem curtir juntos.<\/p>\n<p data-start=\"1755\" data-end=\"1992\">A ideia deu t\u00e3o certo que conquistou as pessoas da regi\u00e3o. Tem venda de ingressos para pessoas de Pouso Alegre, Concei\u00e7\u00e3o dos Ouros, Parais\u00f3polis e Santa Rita do Sapuca\u00ed e mais munic\u00edpios.<\/p>\n<p data-start=\"1755\" data-end=\"1992\">E a organiza\u00e7\u00e3o confirmou que a segunda edi\u00e7\u00e3o ser\u00e1 em 2027, colocando o evento no calend\u00e1rio cultural da cidade. Vivaldi explica que o pr\u00f3ximo passo ser\u00e1 confirmar as atra\u00e7\u00f5es do ano que vem, com foco em grupos de renome nacional.<\/p>\n<p data-start=\"2540\" data-end=\"2696\">Mais que uma festa, o evento tem car\u00e1ter social. Parte do valor dos ingressos ser\u00e1 revertida para ajudar <strong data-start=\"2643\" data-end=\"2695\">institui\u00e7\u00f5es filantr\u00f3picas de Cachoeira de Minas<\/strong>.<\/p>\n<p data-start=\"2883\" data-end=\"3045\">Quem quiser ajudar tamb\u00e9m pode doar <strong data-start=\"2950\" data-end=\"2973\">1 kg de alimento<\/strong> no dia do evento. As doa\u00e7\u00f5es ser\u00e3o destinadas a institui\u00e7\u00f5es da cidade.<\/p>\n<p data-start=\"3047\" data-end=\"3328\"><em>\u201cConseguimos bastante patroc\u00ednio e o pessoal foi muito sol\u00edcito com o evento. Parte dessa renda ser\u00e1 destinada para institui\u00e7\u00f5es de Cachoeira de Minas. Vamos conversar com o secret\u00e1rio respons\u00e1vel para entender qual institui\u00e7\u00e3o est\u00e1 necessitando mais no momento\u201d,<\/em> explicou Vivaldi.<\/p>\n<h3 data-section-id=\"1gbgmj1\" data-start=\"3330\" data-end=\"3343\">Ingressos<\/h3>\n<p data-start=\"3345\" data-end=\"3493\">Os ingressos come\u00e7aram a ser vendidos por <strong data-start=\"3387\" data-end=\"3396\">R$ 30<\/strong>, em um valor promocional, e atualmente est\u00e3o na faixa de <strong data-start=\"3454\" data-end=\"3463\">R$ 50<\/strong>, j\u00e1 na reta final das vendas.\u00a0A organiza\u00e7\u00e3o refor\u00e7a que a quantidade \u00e9 limitada a 700 participantes.<\/p>\n<p data-start=\"3567\" data-end=\"3746\">Para quem mora fora de Cachoeira de Minas, os ingressos podem ser adquiridos pela plataforma <a href=\"https:\/\/www.sympla.com.br\/evento\/1-festival-samba-pagode-cachoeira-de-minas\/3484549?utm_source=ig&amp;utm_medium=social&amp;utm_content=link_in_bio&amp;fbclid=PAcGRvZgJleHRuA2FlbQIxMQBzcnRjBmFwcF9pZA85MzY2MTk3NDMzOTI0NTkAAacsLZdbN2R7pAS1XqAUiC2X04m58-REChZVHTUjCZh-BydWj_P16bfufiM2GA_aem_fVCjOEhRCf-_VTolzFSIEg&amp;utm_id=97760_v0_s00_e0_tv3&amp;referrer=l.instagram.com&amp;referrer=l.instagram.com\"><strong data-start=\"3660\" data-end=\"3670\">Sympla<\/strong><\/a>. Tamb\u00e9m existem pontos f\u00edsicos de venda na cidade e em Concei\u00e7\u00e3o dos Ouros.<\/p>\n<p data-start=\"3954\" data-end=\"4081\">Al\u00e9m dos shows, o festival contar\u00e1 com <strong data-start=\"3993\" data-end=\"4006\">\u00e1rea kids<\/strong>, pra\u00e7a de alimenta\u00e7\u00e3o e camarote empresarial destinado aos patrocinadores.\u00a0A escolha do Bosque do Clube de Campo Catadupas tamb\u00e9m faz parte da proposta de oferecer uma experi\u00eancia diferente ao p\u00fablico, aproveitando a \u00e1rea arborizada do local.<\/p>\n<div class=\"fb-background-color\">\n\t\t\t  <div \n\t\t\t  \tclass = \"fb-comments\" \n\t\t\t  \tdata-href = \"https:\/\/terradomandu.com.br\/index.php\/2026\/09\/04\/festival-samba-pagode-traz-vava-e-marcio-do-karametade-a-cachoeira-de-minas\/\"\n\t\t\t  \tdata-numposts = \"10\"\n\t\t\t  \tdata-lazy = \"true\"\n\t\t\t\tdata-colorscheme = \"light\"\n\t\t\t\tdata-order-by = \"social\"\n\t\t\t\tdata-mobile=true>\n\t\t\t  <\/div><\/div>\n\t\t  <style>\n\t\t    .fb-background-color {\n\t\t\t\tbackground: #ffffff !important;\n\t\t\t}\n\t\t\t.fb_iframe_widget_fluid_desktop iframe {\n\t\t\t    width: 100% !important;\n\t\t\t}\n\t\t  <\/style>\n\t\t  ","protected":false},"excerpt":{"rendered":"<p>Cachoeira de Minas\/MG recebe o 1\u00ba Festival Samba &amp; Pagode neste domingo (6\/9), com m\u00fasicos que marcaram gera\u00e7\u00f5es. Os g\u00eameos Vav\u00e1 &amp; M\u00e1rcio, refer\u00eancia no vocal do Karametade s\u00e3o a atra\u00e7\u00e3o principal junto com Renato Milagres, sobrinho e afilhado de Zeca Pagodinho. O evento foi criado para trazer as refer\u00eancias do samba e pagode \u00e0 [&hellip;]<\/p>\n","protected":false},"author":15,"featured_media":123585,"comment_status":"open","ping_status":"closed","sticky":false,"template":"","format":"standard","meta":{"_acf_changed":false,"kia_subtitle":"1\u00aa edi\u00e7\u00e3o do festival ser\u00e1 neste domingo (06\/9) no Clube Catadupas, a partir de 12h. Entre as atra\u00e7\u00f5es est\u00e1 o cantor Renato Milagres, sobrinho de Zeca Pagodinho.","_jetpack_newsletter_access":"","_jetpack_dont_email_post_to_subs":false,"_jetpack_newsletter_tier_id":0,"_jetpack_memberships_contains_paywalled_content":false,"_jetpack_feature_clip_id":0,"_jetpack_memberships_contains_paid_content":false,"footnotes":"","jetpack_post_was_ever_published":false},"categories":[526],"tags":[4703],"class_list":["post-124406","post","type-post","status-publish","format-standard","has-post-thumbnail","hentry","category-destaque","tag-no-domingo"],"acf":[],"yoast_head":"<!-- This site is optimized with the Yoast SEO plugin v27.9 - https:\/\/yoast.com\/product\/yoast-seo-wordpress\/ -->\n<title>Festival Samba &amp; Pagode traz Vav\u00e1 e M\u00e1rcio do Karametade a Cachoeira de Minas<\/title>\n<meta name=\"robots\" content=\"index, follow, max-snippet:-1, max-image-preview:large, max-video-preview:-1\" \/>\n<link rel=\"canonical\" href=\"https:\/\/terradomandu.com.br\/index.php\/2026\/09\/04\/festival-samba-pagode-traz-vava-e-marcio-do-karametade-a-cachoeira-de-minas\/\" \/>\n<meta property=\"og:locale\" content=\"pt_BR\" \/>\n<meta property=\"og:type\" content=\"article\" \/>\n<meta property=\"og:title\" content=\"Festival Samba &amp; Pagode traz Vav\u00e1 e M\u00e1rcio do Karametade a Cachoeira de Minas\" \/>\n<meta property=\"og:description\" content=\"Cachoeira de Minas\/MG recebe o 1\u00ba Festival Samba &amp; Pagode neste domingo (6\/9), com m\u00fasicos que marcaram gera\u00e7\u00f5es. Os g\u00eameos Vav\u00e1 &amp; M\u00e1rcio, refer\u00eancia no vocal do Karametade s\u00e3o a atra\u00e7\u00e3o principal junto com Renato Milagres, sobrinho e afilhado de Zeca Pagodinho. O evento foi criado para trazer as refer\u00eancias do samba e pagode \u00e0 [&hellip;]\" \/>\n<meta property=\"og:url\" content=\"https:\/\/terradomandu.com.br\/index.php\/2026\/09\/04\/festival-samba-pagode-traz-vava-e-marcio-do-karametade-a-cachoeira-de-minas\/\" \/>\n<meta property=\"og:site_name\" content=\"Terra do Mandu - Not\u00edcias de Pouso Alegre e regi\u00e3o\" \/>\n<meta property=\"article:publisher\" content=\"https:\/\/www.facebook.com\/terradomandu\/\" \/>\n<meta property=\"article:published_time\" content=\"2026-09-04T12:31:36+00:00\" \/>\n<meta property=\"article:modified_time\" content=\"2026-09-04T12:31:37+00:00\" \/>\n<meta property=\"og:image\" content=\"http:\/\/terradomandu.com.br\/wp-content\/uploads\/2026\/08\/Snapinta.App_565224424_18433830934096281_8677158650378127916_n.jpg\" \/>\n\t<meta property=\"og:image:width\" content=\"820\" \/>\n\t<meta property=\"og:image:height\" content=\"461\" \/>\n\t<meta property=\"og:image:type\" content=\"image\/jpeg\" \/>\n<meta name=\"author\" content=\"Nayara Andery\" \/>\n<meta name=\"twitter:card\" content=\"summary_large_image\" \/>\n<meta name=\"twitter:creator\" content=\"@terradomandu\" \/>\n<meta name=\"twitter:site\" content=\"@terradomandu\" \/>\n<meta name=\"twitter:label1\" content=\"Escrito por\" \/>\n\t<meta name=\"twitter:data1\" content=\"Nayara Andery\" \/>\n\t<meta name=\"twitter:label2\" content=\"Est. tempo de leitura\" \/>\n\t<meta name=\"twitter:data2\" content=\"4 minutos\" \/>\n<script type=\"application\/ld+json\" class=\"yoast-schema-graph\">{\"@context\":\"https:\\\/\\\/schema.org\",\"@graph\":[{\"@type\":\"Article\",\"@id\":\"https:\\\/\\\/terradomandu.com.br\\\/index.php\\\/2026\\\/09\\\/04\\\/festival-samba-pagode-traz-vava-e-marcio-do-karametade-a-cachoeira-de-minas\\\/#article\",\"isPartOf\":{\"@id\":\"https:\\\/\\\/terradomandu.com.br\\\/index.php\\\/2026\\\/09\\\/04\\\/festival-samba-pagode-traz-vava-e-marcio-do-karametade-a-cachoeira-de-minas\\\/\"},\"author\":{\"name\":\"Nayara Andery\",\"@id\":\"https:\\\/\\\/terradomandu.com.br\\\/#\\\/schema\\\/person\\\/061b2b0225000e5ec3b1ae824adef593\"},\"headline\":\"Festival Samba &#038; Pagode traz Vav\u00e1 e M\u00e1rcio do Karametade a Cachoeira de Minas\",\"datePublished\":\"2026-09-04T12:31:36+00:00\",\"dateModified\":\"2026-09-04T12:31:37+00:00\",\"mainEntityOfPage\":{\"@id\":\"https:\\\/\\\/terradomandu.com.br\\\/index.php\\\/2026\\\/09\\\/04\\\/festival-samba-pagode-traz-vava-e-marcio-do-karametade-a-cachoeira-de-minas\\\/\"},\"wordCount\":670,\"commentCount\":0,\"publisher\":{\"@id\":\"https:\\\/\\\/terradomandu.com.br\\\/#organization\"},\"image\":{\"@id\":\"https:\\\/\\\/terradomandu.com.br\\\/index.php\\\/2026\\\/09\\\/04\\\/festival-samba-pagode-traz-vava-e-marcio-do-karametade-a-cachoeira-de-minas\\\/#primaryimage\"},\"thumbnailUrl\":\"https:\\\/\\\/terradomandu.com.br\\\/wp-content\\\/uploads\\\/2026\\\/08\\\/Snapinta.App_565224424_18433830934096281_8677158650378127916_n.jpg\",\"keywords\":[\"No domingo\"],\"articleSection\":[\"DESTAQUE\"],\"inLanguage\":\"pt-BR\",\"potentialAction\":[{\"@type\":\"CommentAction\",\"name\":\"Comment\",\"target\":[\"https:\\\/\\\/terradomandu.com.br\\\/index.php\\\/2026\\\/09\\\/04\\\/festival-samba-pagode-traz-vava-e-marcio-do-karametade-a-cachoeira-de-minas\\\/#respond\"]}]},{\"@type\":\"WebPage\",\"@id\":\"https:\\\/\\\/terradomandu.com.br\\\/index.php\\\/2026\\\/09\\\/04\\\/festival-samba-pagode-traz-vava-e-marcio-do-karametade-a-cachoeira-de-minas\\\/\",\"url\":\"https:\\\/\\\/terradomandu.com.br\\\/index.php\\\/2026\\\/09\\\/04\\\/festival-samba-pagode-traz-vava-e-marcio-do-karametade-a-cachoeira-de-minas\\\/\",\"name\":\"Festival Samba & Pagode traz Vav\u00e1 e M\u00e1rcio do Karametade a Cachoeira de Minas\",\"isPartOf\":{\"@id\":\"https:\\\/\\\/terradomandu.com.br\\\/#website\"},\"primaryImageOfPage\":{\"@id\":\"https:\\\/\\\/terradomandu.com.br\\\/index.php\\\/2026\\\/09\\\/04\\\/festival-samba-pagode-traz-vava-e-marcio-do-karametade-a-cachoeira-de-minas\\\/#primaryimage\"},\"image\":{\"@id\":\"https:\\\/\\\/terradomandu.com.br\\\/index.php\\\/2026\\\/09\\\/04\\\/festival-samba-pagode-traz-vava-e-marcio-do-karametade-a-cachoeira-de-minas\\\/#primaryimage\"},\"thumbnailUrl\":\"https:\\\/\\\/terradomandu.com.br\\\/wp-content\\\/uploads\\\/2026\\\/08\\\/Snapinta.App_565224424_18433830934096281_8677158650378127916_n.jpg\",\"datePublished\":\"2026-09-04T12:31:36+00:00\",\"dateModified\":\"2026-09-04T12:31:37+00:00\",\"breadcrumb\":{\"@id\":\"https:\\\/\\\/terradomandu.com.br\\\/index.php\\\/2026\\\/09\\\/04\\\/festival-samba-pagode-traz-vava-e-marcio-do-karametade-a-cachoeira-de-minas\\\/#breadcrumb\"},\"inLanguage\":\"pt-BR\",\"potentialAction\":[{\"@type\":\"ReadAction\",\"target\":[\"https:\\\/\\\/terradomandu.com.br\\\/index.php\\\/2026\\\/09\\\/04\\\/festival-samba-pagode-traz-vava-e-marcio-do-karametade-a-cachoeira-de-minas\\\/\"]}]},{\"@type\":\"ImageObject\",\"inLanguage\":\"pt-BR\",\"@id\":\"https:\\\/\\\/terradomandu.com.br\\\/index.php\\\/2026\\\/09\\\/04\\\/festival-samba-pagode-traz-vava-e-marcio-do-karametade-a-cachoeira-de-minas\\\/#primaryimage\",\"url\":\"https:\\\/\\\/terradomandu.com.br\\\/wp-content\\\/uploads\\\/2026\\\/08\\\/Snapinta.App_565224424_18433830934096281_8677158650378127916_n.jpg\",\"contentUrl\":\"https:\\\/\\\/terradomandu.com.br\\\/wp-content\\\/uploads\\\/2026\\\/08\\\/Snapinta.App_565224424_18433830934096281_8677158650378127916_n.jpg\",\"width\":820,\"height\":461},{\"@type\":\"BreadcrumbList\",\"@id\":\"https:\\\/\\\/terradomandu.com.br\\\/index.php\\\/2026\\\/09\\\/04\\\/festival-samba-pagode-traz-vava-e-marcio-do-karametade-a-cachoeira-de-minas\\\/#breadcrumb\",\"itemListElement\":[{\"@type\":\"ListItem\",\"position\":1,\"name\":\"In\u00edcio\",\"item\":\"https:\\\/\\\/terradomandu.com.br\\\/\"},{\"@type\":\"ListItem\",\"position\":2,\"name\":\"Festival Samba &#038; Pagode traz Vav\u00e1 e M\u00e1rcio do Karametade a Cachoeira de Minas\"}]},{\"@type\":\"WebSite\",\"@id\":\"https:\\\/\\\/terradomandu.com.br\\\/#website\",\"url\":\"https:\\\/\\\/terradomandu.com.br\\\/\",\"name\":\"Terra do Mandu - Not\u00edcias de Pouso Alegre e regi\u00e3o\",\"description\":\"Not\u00edcias de Pouso Alegre e regi\u00e3o. Terra do Mandu \u00e9 jornalismo s\u00e9rio e conte\u00fado pr\u00f3prio.\",\"publisher\":{\"@id\":\"https:\\\/\\\/terradomandu.com.br\\\/#organization\"},\"potentialAction\":[{\"@type\":\"SearchAction\",\"target\":{\"@type\":\"EntryPoint\",\"urlTemplate\":\"https:\\\/\\\/terradomandu.com.br\\\/?s={search_term_string}\"},\"query-input\":{\"@type\":\"PropertyValueSpecification\",\"valueRequired\":true,\"valueName\":\"search_term_string\"}}],\"inLanguage\":\"pt-BR\"},{\"@type\":\"Organization\",\"@id\":\"https:\\\/\\\/terradomandu.com.br\\\/#organization\",\"name\":\"TERRA DO MANDU - NOT\u00cdCIAS DE POUSO ALEGRE E SUL DE MINAS\",\"url\":\"https:\\\/\\\/terradomandu.com.br\\\/\",\"logo\":{\"@type\":\"ImageObject\",\"inLanguage\":\"pt-BR\",\"@id\":\"https:\\\/\\\/terradomandu.com.br\\\/#\\\/schema\\\/logo\\\/image\\\/\",\"url\":\"https:\\\/\\\/terradomandu.com.br\\\/wp-content\\\/uploads\\\/2020\\\/10\\\/logo_azul-1.png\",\"contentUrl\":\"https:\\\/\\\/terradomandu.com.br\\\/wp-content\\\/uploads\\\/2020\\\/10\\\/logo_azul-1.png\",\"width\":1080,\"height\":1080,\"caption\":\"TERRA DO MANDU - NOT\u00cdCIAS DE POUSO ALEGRE E SUL DE MINAS\"},\"image\":{\"@id\":\"https:\\\/\\\/terradomandu.com.br\\\/#\\\/schema\\\/logo\\\/image\\\/\"},\"sameAs\":[\"https:\\\/\\\/www.facebook.com\\\/terradomandu\\\/\",\"https:\\\/\\\/x.com\\\/terradomandu\",\"https:\\\/\\\/www.instagram.com\\\/terradomandu\",\"https:\\\/\\\/www.youtube.com\\\/terradomandu\"]},{\"@type\":\"Person\",\"@id\":\"https:\\\/\\\/terradomandu.com.br\\\/#\\\/schema\\\/person\\\/061b2b0225000e5ec3b1ae824adef593\",\"name\":\"Nayara Andery\",\"image\":{\"@type\":\"ImageObject\",\"inLanguage\":\"pt-BR\",\"@id\":\"https:\\\/\\\/secure.gravatar.com\\\/avatar\\\/cb9f581aa88d54cff130ae816a216b38fe51f4485b5382d335bce4533d72d3e3?s=96&d=mm&r=g\",\"url\":\"https:\\\/\\\/secure.gravatar.com\\\/avatar\\\/cb9f581aa88d54cff130ae816a216b38fe51f4485b5382d335bce4533d72d3e3?s=96&d=mm&r=g\",\"contentUrl\":\"https:\\\/\\\/secure.gravatar.com\\\/avatar\\\/cb9f581aa88d54cff130ae816a216b38fe51f4485b5382d335bce4533d72d3e3?s=96&d=mm&r=g\",\"caption\":\"Nayara Andery\"},\"url\":\"https:\\\/\\\/terradomandu.com.br\\\/index.php\\\/author\\\/nayara\\\/\"}]}<\/script>\n<!-- \/ Yoast SEO plugin. -->","yoast_head_json":{"title":"Festival Samba & Pagode traz Vav\u00e1 e M\u00e1rcio do Karametade a Cachoeira de Minas","robots":{"index":"index","follow":"follow","max-snippet":"max-snippet:-1","max-image-preview":"max-image-preview:large","max-video-preview":"max-video-preview:-1"},"canonical":"https:\/\/terradomandu.com.br\/index.php\/2026\/09\/04\/festival-samba-pagode-traz-vava-e-marcio-do-karametade-a-cachoeira-de-minas\/","og_locale":"pt_BR","og_type":"article","og_title":"Festival Samba & Pagode traz Vav\u00e1 e M\u00e1rcio do Karametade a Cachoeira de Minas","og_description":"Cachoeira de Minas\/MG recebe o 1\u00ba Festival Samba &amp; Pagode neste domingo (6\/9), com m\u00fasicos que marcaram gera\u00e7\u00f5es. Os g\u00eameos Vav\u00e1 &amp; M\u00e1rcio, refer\u00eancia no vocal do Karametade s\u00e3o a atra\u00e7\u00e3o principal junto com Renato Milagres, sobrinho e afilhado de Zeca Pagodinho. O evento foi criado para trazer as refer\u00eancias do samba e pagode \u00e0 [&hellip;]","og_url":"https:\/\/terradomandu.com.br\/index.php\/2026\/09\/04\/festival-samba-pagode-traz-vava-e-marcio-do-karametade-a-cachoeira-de-minas\/","og_site_name":"Terra do Mandu - Not\u00edcias de Pouso Alegre e regi\u00e3o","article_publisher":"https:\/\/www.facebook.com\/terradomandu\/","article_published_time":"2026-09-04T12:31:36+00:00","article_modified_time":"2026-09-04T12:31:37+00:00","og_image":[{"width":820,"height":461,"url":"http:\/\/terradomandu.com.br\/wp-content\/uploads\/2026\/08\/Snapinta.App_565224424_18433830934096281_8677158650378127916_n.jpg","type":"image\/jpeg"}],"author":"Nayara Andery","twitter_card":"summary_large_image","twitter_creator":"@terradomandu","twitter_site":"@terradomandu","twitter_misc":{"Escrito por":"Nayara Andery","Est. tempo de leitura":"4 minutos"},"schema":{"@context":"https:\/\/schema.org","@graph":[{"@type":"Article","@id":"https:\/\/terradomandu.com.br\/index.php\/2026\/09\/04\/festival-samba-pagode-traz-vava-e-marcio-do-karametade-a-cachoeira-de-minas\/#article","isPartOf":{"@id":"https:\/\/terradomandu.com.br\/index.php\/2026\/09\/04\/festival-samba-pagode-traz-vava-e-marcio-do-karametade-a-cachoeira-de-minas\/"},"author":{"name":"Nayara Andery","@id":"https:\/\/terradomandu.com.br\/#\/schema\/person\/061b2b0225000e5ec3b1ae824adef593"},"headline":"Festival Samba &#038; Pagode traz Vav\u00e1 e M\u00e1rcio do Karametade a Cachoeira de Minas","datePublished":"2026-09-04T12:31:36+00:00","dateModified":"2026-09-04T12:31:37+00:00","mainEntityOfPage":{"@id":"https:\/\/terradomandu.com.br\/index.php\/2026\/09\/04\/festival-samba-pagode-traz-vava-e-marcio-do-karametade-a-cachoeira-de-minas\/"},"wordCount":670,"commentCount":0,"publisher":{"@id":"https:\/\/terradomandu.com.br\/#organization"},"image":{"@id":"https:\/\/terradomandu.com.br\/index.php\/2026\/09\/04\/festival-samba-pagode-traz-vava-e-marcio-do-karametade-a-cachoeira-de-minas\/#primaryimage"},"thumbnailUrl":"https:\/\/terradomandu.com.br\/wp-content\/uploads\/2026\/08\/Snapinta.App_565224424_18433830934096281_8677158650378127916_n.jpg","keywords":["No domingo"],"articleSection":["DESTAQUE"],"inLanguage":"pt-BR","potentialAction":[{"@type":"CommentAction","name":"Comment","target":["https:\/\/terradomandu.com.br\/index.php\/2026\/09\/04\/festival-samba-pagode-traz-vava-e-marcio-do-karametade-a-cachoeira-de-minas\/#respond"]}]},{"@type":"WebPage","@id":"https:\/\/terradomandu.com.br\/index.php\/2026\/09\/04\/festival-samba-pagode-traz-vava-e-marcio-do-karametade-a-cachoeira-de-minas\/","url":"https:\/\/terradomandu.com.br\/index.php\/2026\/09\/04\/festival-samba-pagode-traz-vava-e-marcio-do-karametade-a-cachoeira-de-minas\/","name":"Festival Samba & Pagode traz Vav\u00e1 e M\u00e1rcio do Karametade a Cachoeira de Minas","isPartOf":{"@id":"https:\/\/terradomandu.com.br\/#website"},"primaryImageOfPage":{"@id":"https:\/\/terradomandu.com.br\/index.php\/2026\/09\/04\/festival-samba-pagode-traz-vava-e-marcio-do-karametade-a-cachoeira-de-minas\/#primaryimage"},"image":{"@id":"https:\/\/terradomandu.com.br\/index.php\/2026\/09\/04\/festival-samba-pagode-traz-vava-e-marcio-do-karametade-a-cachoeira-de-minas\/#primaryimage"},"thumbnailUrl":"https:\/\/terradomandu.com.br\/wp-content\/uploads\/2026\/08\/Snapinta.App_565224424_18433830934096281_8677158650378127916_n.jpg","datePublished":"2026-09-04T12:31:36+00:00","dateModified":"2026-09-04T12:31:37+00:00","breadcrumb":{"@id":"https:\/\/terradomandu.com.br\/index.php\/2026\/09\/04\/festival-samba-pagode-traz-vava-e-marcio-do-karametade-a-cachoeira-de-minas\/#breadcrumb"},"inLanguage":"pt-BR","potentialAction":[{"@type":"ReadAction","target":["https:\/\/terradomandu.com.br\/index.php\/2026\/09\/04\/festival-samba-pagode-traz-vava-e-marcio-do-karametade-a-cachoeira-de-minas\/"]}]},{"@type":"ImageObject","inLanguage":"pt-BR","@id":"https:\/\/terradomandu.com.br\/index.php\/2026\/09\/04\/festival-samba-pagode-traz-vava-e-marcio-do-karametade-a-cachoeira-de-minas\/#primaryimage","url":"https:\/\/terradomandu.com.br\/wp-content\/uploads\/2026\/08\/Snapinta.App_565224424_18433830934096281_8677158650378127916_n.jpg","contentUrl":"https:\/\/terradomandu.com.br\/wp-content\/uploads\/2026\/08\/Snapinta.App_565224424_18433830934096281_8677158650378127916_n.jpg","width":820,"height":461},{"@type":"BreadcrumbList","@id":"https:\/\/terradomandu.com.br\/index.php\/2026\/09\/04\/festival-samba-pagode-traz-vava-e-marcio-do-karametade-a-cachoeira-de-minas\/#breadcrumb","itemListElement":[{"@type":"ListItem","position":1,"name":"In\u00edcio","item":"https:\/\/terradomandu.com.br\/"},{"@type":"ListItem","position":2,"name":"Festival Samba &#038; Pagode traz Vav\u00e1 e M\u00e1rcio do Karametade a Cachoeira de Minas"}]},{"@type":"WebSite","@id":"https:\/\/terradomandu.com.br\/#website","url":"https:\/\/terradomandu.com.br\/","name":"Terra do Mandu - Not\u00edcias de Pouso Alegre e regi\u00e3o","description":"Not\u00edcias de Pouso Alegre e regi\u00e3o. Terra do Mandu \u00e9 jornalismo s\u00e9rio e conte\u00fado pr\u00f3prio.","publisher":{"@id":"https:\/\/terradomandu.com.br\/#organization"},"potentialAction":[{"@type":"SearchAction","target":{"@type":"EntryPoint","urlTemplate":"https:\/\/terradomandu.com.br\/?s={search_term_string}"},"query-input":{"@type":"PropertyValueSpecification","valueRequired":true,"valueName":"search_term_string"}}],"inLanguage":"pt-BR"},{"@type":"Organization","@id":"https:\/\/terradomandu.com.br\/#organization","name":"TERRA DO MANDU - NOT\u00cdCIAS DE POUSO ALEGRE E SUL DE MINAS","url":"https:\/\/terradomandu.com.br\/","logo":{"@type":"ImageObject","inLanguage":"pt-BR","@id":"https:\/\/terradomandu.com.br\/#\/schema\/logo\/image\/","url":"https:\/\/terradomandu.com.br\/wp-content\/uploads\/2020\/10\/logo_azul-1.png","contentUrl":"https:\/\/terradomandu.com.br\/wp-content\/uploads\/2020\/10\/logo_azul-1.png","width":1080,"height":1080,"caption":"TERRA DO MANDU - NOT\u00cdCIAS DE POUSO ALEGRE E SUL DE MINAS"},"image":{"@id":"https:\/\/terradomandu.com.br\/#\/schema\/logo\/image\/"},"sameAs":["https:\/\/www.facebook.com\/terradomandu\/","https:\/\/x.com\/terradomandu","https:\/\/www.instagram.com\/terradomandu","https:\/\/www.youtube.com\/terradomandu"]},{"@type":"Person","@id":"https:\/\/terradomandu.com.br\/#\/schema\/person\/061b2b0225000e5ec3b1ae824adef593","name":"Nayara Andery","image":{"@type":"ImageObject","inLanguage":"pt-BR","@id":"https:\/\/secure.gravatar.com\/avatar\/cb9f581aa88d54cff130ae816a216b38fe51f4485b5382d335bce4533d72d3e3?s=96&d=mm&r=g","url":"https:\/\/secure.gravatar.com\/avatar\/cb9f581aa88d54cff130ae816a216b38fe51f4485b5382d335bce4533d72d3e3?s=96&d=mm&r=g","contentUrl":"https:\/\/secure.gravatar.com\/avatar\/cb9f581aa88d54cff130ae816a216b38fe51f4485b5382d335bce4533d72d3e3?s=96&d=mm&r=g","caption":"Nayara Andery"},"url":"https:\/\/terradomandu.com.br\/index.php\/author\/nayara\/"}]}},"jetpack_featured_media_url":"https:\/\/terradomandu.com.br\/wp-content\/uploads\/2026\/08\/Snapinta.App_565224424_18433830934096281_8677158650378127916_n.jpg","jetpack_sharing_enabled":true,"_links":{"self":[{"href":"https:\/\/terradomandu.com.br\/index.php\/wp-json\/wp\/v2\/posts\/124406","targetHints":{"allow":["GET"]}}],"collection":[{"href":"https:\/\/terradomandu.com.br\/index.php\/wp-json\/wp\/v2\/posts"}],"about":[{"href":"https:\/\/terradomandu.com.br\/index.php\/wp-json\/wp\/v2\/types\/post"}],"author":[{"embeddable":true,"href":"https:\/\/terradomandu.com.br\/index.php\/wp-json\/wp\/v2\/users\/15"}],"replies":[{"embeddable":true,"href":"https:\/\/terradomandu.com.br\/index.php\/wp-json\/wp\/v2\/comments?post=124406"}],"version-history":[{"count":3,"href":"https:\/\/terradomandu.com.br\/index.php\/wp-json\/wp\/v2\/posts\/124406\/revisions"}],"predecessor-version":[{"id":124425,"href":"https:\/\/terradomandu.com.br\/index.php\/wp-json\/wp\/v2\/posts\/124406\/revisions\/124425"}],"wp:featuredmedia":[{"embeddable":true,"href":"https:\/\/terradomandu.com.br\/index.php\/wp-json\/wp\/v2\/media\/123585"}],"wp:attachment":[{"href":"https:\/\/terradomandu.com.br\/index.php\/wp-json\/wp\/v2\/media?parent=124406"}],"wp:term":[{"taxonomy":"category","embeddable":true,"href":"https:\/\/terradomandu.com.br\/index.php\/wp-json\/wp\/v2\/categories?post=124406"},{"taxonomy":"post_tag","embeddable":true,"href":"https:\/\/terradomandu.com.br\/index.php\/wp-json\/wp\/v2\/tags?post=124406"}],"curies":[{"name":"wp","href":"https:\/\/api.w.org\/{rel}","templated":true}]}}