


{"id":124401,"date":"2026-09-03T14:06:28","date_gmt":"2026-09-03T17:06:28","guid":{"rendered":"https:\/\/terradomandu.com.br\/?p=124401"},"modified":"2026-09-03T14:06:28","modified_gmt":"2026-09-03T17:06:28","slug":"expo-natercia-comeca-nesta-quinta-com-shows-de-leonardo-murilo-huff-e-sergio-reis","status":"publish","type":"post","link":"https:\/\/terradomandu.com.br\/index.php\/2026\/09\/03\/expo-natercia-comeca-nesta-quinta-com-shows-de-leonardo-murilo-huff-e-sergio-reis\/","title":{"rendered":"Expo Nat\u00e9rcia come\u00e7a nesta quinta com shows de Leonardo, Murilo Huff e S\u00e9rgio Reis"},"content":{"rendered":"<p data-start=\"282\" data-end=\"462\"><img loading=\"lazy\" decoding=\"async\" class=\"aligncenter wp-image-124403 size-full\" src=\"http:\/\/terradomandu.com.br\/wp-content\/uploads\/2026\/09\/cantores.jpg\" alt=\"Expo Nat\u00e9rcia come\u00e7a nesta quinta com shows de Leonardo, Murilo Huff e S\u00e9rgio Reis\" width=\"820\" height=\"461\" srcset=\"https:\/\/terradomandu.com.br\/wp-content\/uploads\/2026\/09\/cantores.jpg 820w, https:\/\/terradomandu.com.br\/wp-content\/uploads\/2026\/09\/cantores-300x169.jpg 300w, https:\/\/terradomandu.com.br\/wp-content\/uploads\/2026\/09\/cantores-768x432.jpg 768w\" sizes=\"auto, (max-width: 820px) 100vw, 820px\" \/><\/p>\n<p data-start=\"464\" data-end=\"747\">Come\u00e7a nesta quinta-feira (3\/9) a Expo Nat\u00e9rcia 2026, uma das principais festas do calend\u00e1rio do munic\u00edpio. A programa\u00e7\u00e3o segue at\u00e9 domingo (6), no Parque de Exposi\u00e7\u00f5es de Nat\u00e9rcia, no Sul de Minas, reunindo m\u00fasica, tradi\u00e7\u00e3o, cultura, gastronomia e atra\u00e7\u00f5es ligadas ao agroneg\u00f3cio.<\/p>\n<p data-start=\"749\" data-end=\"940\">Durante os quatro dias de evento, o p\u00fablico poder\u00e1 acompanhar shows de artistas nacionais e regionais. Entre os principais nomes est\u00e3o Leonardo, Murilo Huff, S\u00e9rgio Reis e Edson &amp; Hudson.<\/p>\n<p data-start=\"942\" data-end=\"1186\">A programa\u00e7\u00e3o musical tamb\u00e9m conta com apresenta\u00e7\u00f5es de Folkadelicos, Osmar Ditos, Maria Laura, Nathan Freitas, Kelvin Ara\u00fajo, Henrique Lima, Z\u00e9 das Medalhas &amp; Fabiano, Grupo Som de Bar, Monique Mendes, Germano &amp; Geovany, entre outros artistas.<\/p>\n<p data-start=\"942\" data-end=\"1186\"><img loading=\"lazy\" decoding=\"async\" class=\"aligncenter wp-image-124404 \" src=\"http:\/\/terradomandu.com.br\/wp-content\/uploads\/2026\/09\/778628139_1749984682989837_9098630136366883714_n.jpg\" alt=\"\" width=\"627\" height=\"784\" srcset=\"https:\/\/terradomandu.com.br\/wp-content\/uploads\/2026\/09\/778628139_1749984682989837_9098630136366883714_n.jpg 820w, https:\/\/terradomandu.com.br\/wp-content\/uploads\/2026\/09\/778628139_1749984682989837_9098630136366883714_n-240x300.jpg 240w, https:\/\/terradomandu.com.br\/wp-content\/uploads\/2026\/09\/778628139_1749984682989837_9098630136366883714_n-768x960.jpg 768w\" sizes=\"auto, (max-width: 627px) 100vw, 627px\" \/><\/p>\n<p data-start=\"1220\" data-end=\"1326\">Al\u00e9m dos shows, a Expo Nat\u00e9rcia mant\u00e9m atividades que valorizam a cultura e a produ\u00e7\u00e3o rural do munic\u00edpio.\u00a0Entre as atra\u00e7\u00f5es est\u00e3o o Desfile de Cavaleiros, Desfile de Carros de Boi, Torneio Leiteiro, Concurso de Caf\u00e9 e Exposi\u00e7\u00e3o de Animais.<\/p>\n<p data-start=\"1467\" data-end=\"1599\">A programa\u00e7\u00e3o tamb\u00e9m ter\u00e1 Cozinha Show e o espa\u00e7o Sabores de Nat\u00e9rcia, com destaque para a gastronomia e produtos da regi\u00e3o. A entrada no Parque de Exposi\u00e7\u00f5es ser\u00e1 gratuita durante todos os dias.<\/p>\n<p data-start=\"1725\" data-end=\"1837\">Para as crian\u00e7as, o evento ainda contar\u00e1 com brinquedos gratuitos e diferentes atra\u00e7\u00f5es ao longo da programa\u00e7\u00e3o. O p\u00fablico que quiser uma experi\u00eancia diferenciada poder\u00e1 adquirir acesso ao Camarote Open, que \u00e9 comercializado separadamente no ponto de venda oficial.<\/p>\n<p data-start=\"2139\" data-end=\"2334\">O evento \u00e9 realizado pela ANAAG (Associa\u00e7\u00e3o Naterciana de Apoio ao Agroneg\u00f3cio) e pelo Governo Municipal de Nat\u00e9rcia, com parceria do Sebrae e apoio de empresas e institui\u00e7\u00f5es patrocinadoras.<\/p>\n<div class=\"fb-background-color\">\n\t\t\t  <div \n\t\t\t  \tclass = \"fb-comments\" \n\t\t\t  \tdata-href = \"https:\/\/terradomandu.com.br\/index.php\/2026\/09\/03\/expo-natercia-comeca-nesta-quinta-com-shows-de-leonardo-murilo-huff-e-sergio-reis\/\"\n\t\t\t  \tdata-numposts = \"10\"\n\t\t\t  \tdata-lazy = \"true\"\n\t\t\t\tdata-colorscheme = \"light\"\n\t\t\t\tdata-order-by = \"social\"\n\t\t\t\tdata-mobile=true>\n\t\t\t  <\/div><\/div>\n\t\t  <style>\n\t\t    .fb-background-color {\n\t\t\t\tbackground: #ffffff !important;\n\t\t\t}\n\t\t\t.fb_iframe_widget_fluid_desktop iframe {\n\t\t\t    width: 100% !important;\n\t\t\t}\n\t\t  <\/style>\n\t\t  ","protected":false},"excerpt":{"rendered":"<p>Come\u00e7a nesta quinta-feira (3\/9) a Expo Nat\u00e9rcia 2026, uma das principais festas do calend\u00e1rio do munic\u00edpio. A programa\u00e7\u00e3o segue at\u00e9 domingo (6), no Parque de Exposi\u00e7\u00f5es de Nat\u00e9rcia, no Sul de Minas, reunindo m\u00fasica, tradi\u00e7\u00e3o, cultura, gastronomia e atra\u00e7\u00f5es ligadas ao agroneg\u00f3cio. Durante os quatro dias de evento, o p\u00fablico poder\u00e1 acompanhar shows de artistas [&hellip;]<\/p>\n","protected":false},"author":17,"featured_media":124403,"comment_status":"open","ping_status":"closed","sticky":false,"template":"","format":"standard","meta":{"_acf_changed":false,"kia_subtitle":"Evento segue at\u00e9 domingo (6), com entrada gratuita na pista, atra\u00e7\u00f5es musicais, desfile de cavaleiros, carros de boi, torneio leiteiro, concurso de caf\u00e9 e mais.","_jetpack_newsletter_access":"","_jetpack_dont_email_post_to_subs":false,"_jetpack_newsletter_tier_id":0,"_jetpack_memberships_contains_paywalled_content":false,"_jetpack_feature_clip_id":0,"_jetpack_memberships_contains_paid_content":false,"footnotes":"","jetpack_post_was_ever_published":false},"categories":[526],"tags":[4236],"class_list":["post-124401","post","type-post","status-publish","format-standard","has-post-thumbnail","hentry","category-destaque","tag-veja-programacao"],"acf":[],"yoast_head":"<!-- This site is optimized with the Yoast SEO plugin v27.9 - https:\/\/yoast.com\/product\/yoast-seo-wordpress\/ -->\n<title>Expo Nat\u00e9rcia come\u00e7a nesta quinta com shows de Leonardo, Murilo Huff e S\u00e9rgio Reis<\/title>\n<meta name=\"description\" content=\"Evento segue at\u00e9 domingo (6), com entrada gratuita na pista, atra\u00e7\u00f5es musicais, desfile de cavaleiros, carros de boi, torneio leiteiro, concurso de caf\u00e9 e mais.\" \/>\n<meta name=\"robots\" content=\"index, follow, max-snippet:-1, max-image-preview:large, max-video-preview:-1\" \/>\n<link rel=\"canonical\" href=\"https:\/\/terradomandu.com.br\/index.php\/2026\/09\/03\/expo-natercia-comeca-nesta-quinta-com-shows-de-leonardo-murilo-huff-e-sergio-reis\/\" \/>\n<meta property=\"og:locale\" content=\"pt_BR\" \/>\n<meta property=\"og:type\" content=\"article\" \/>\n<meta property=\"og:title\" content=\"Expo Nat\u00e9rcia come\u00e7a nesta quinta com shows de Leonardo, Murilo Huff e S\u00e9rgio Reis\" \/>\n<meta property=\"og:description\" content=\"Evento segue at\u00e9 domingo (6), com entrada gratuita na pista, atra\u00e7\u00f5es musicais, desfile de cavaleiros, carros de boi, torneio leiteiro, concurso de caf\u00e9 e mais.\" \/>\n<meta property=\"og:url\" content=\"https:\/\/terradomandu.com.br\/index.php\/2026\/09\/03\/expo-natercia-comeca-nesta-quinta-com-shows-de-leonardo-murilo-huff-e-sergio-reis\/\" \/>\n<meta property=\"og:site_name\" content=\"Terra do Mandu - Not\u00edcias de Pouso Alegre e regi\u00e3o\" \/>\n<meta property=\"article:publisher\" content=\"https:\/\/www.facebook.com\/terradomandu\/\" \/>\n<meta property=\"article:published_time\" content=\"2026-09-03T17:06:28+00:00\" \/>\n<meta property=\"og:image\" content=\"http:\/\/terradomandu.com.br\/wp-content\/uploads\/2026\/09\/cantores.jpg\" \/>\n\t<meta property=\"og:image:width\" content=\"820\" \/>\n\t<meta property=\"og:image:height\" content=\"461\" \/>\n\t<meta property=\"og:image:type\" content=\"image\/jpeg\" \/>\n<meta name=\"author\" content=\"Iago Almeida\" \/>\n<meta name=\"twitter:card\" content=\"summary_large_image\" \/>\n<meta name=\"twitter:creator\" content=\"@terradomandu\" \/>\n<meta name=\"twitter:site\" content=\"@terradomandu\" \/>\n<meta name=\"twitter:label1\" content=\"Escrito por\" \/>\n\t<meta name=\"twitter:data1\" content=\"Iago Almeida\" \/>\n\t<meta name=\"twitter:label2\" content=\"Est. tempo de leitura\" \/>\n\t<meta name=\"twitter:data2\" content=\"2 minutos\" \/>\n<script type=\"application\/ld+json\" class=\"yoast-schema-graph\">{\"@context\":\"https:\\\/\\\/schema.org\",\"@graph\":[{\"@type\":\"Article\",\"@id\":\"https:\\\/\\\/terradomandu.com.br\\\/index.php\\\/2026\\\/09\\\/03\\\/expo-natercia-comeca-nesta-quinta-com-shows-de-leonardo-murilo-huff-e-sergio-reis\\\/#article\",\"isPartOf\":{\"@id\":\"https:\\\/\\\/terradomandu.com.br\\\/index.php\\\/2026\\\/09\\\/03\\\/expo-natercia-comeca-nesta-quinta-com-shows-de-leonardo-murilo-huff-e-sergio-reis\\\/\"},\"author\":{\"name\":\"Iago Almeida\",\"@id\":\"https:\\\/\\\/terradomandu.com.br\\\/#\\\/schema\\\/person\\\/85e4925923043514fb783fc0d9b0643f\"},\"headline\":\"Expo Nat\u00e9rcia come\u00e7a nesta quinta com shows de Leonardo, Murilo Huff e S\u00e9rgio Reis\",\"datePublished\":\"2026-09-03T17:06:28+00:00\",\"mainEntityOfPage\":{\"@id\":\"https:\\\/\\\/terradomandu.com.br\\\/index.php\\\/2026\\\/09\\\/03\\\/expo-natercia-comeca-nesta-quinta-com-shows-de-leonardo-murilo-huff-e-sergio-reis\\\/\"},\"wordCount\":302,\"commentCount\":0,\"publisher\":{\"@id\":\"https:\\\/\\\/terradomandu.com.br\\\/#organization\"},\"image\":{\"@id\":\"https:\\\/\\\/terradomandu.com.br\\\/index.php\\\/2026\\\/09\\\/03\\\/expo-natercia-comeca-nesta-quinta-com-shows-de-leonardo-murilo-huff-e-sergio-reis\\\/#primaryimage\"},\"thumbnailUrl\":\"https:\\\/\\\/terradomandu.com.br\\\/wp-content\\\/uploads\\\/2026\\\/09\\\/cantores.jpg\",\"keywords\":[\"Veja programa\u00e7\u00e3o\"],\"articleSection\":[\"DESTAQUE\"],\"inLanguage\":\"pt-BR\",\"potentialAction\":[{\"@type\":\"CommentAction\",\"name\":\"Comment\",\"target\":[\"https:\\\/\\\/terradomandu.com.br\\\/index.php\\\/2026\\\/09\\\/03\\\/expo-natercia-comeca-nesta-quinta-com-shows-de-leonardo-murilo-huff-e-sergio-reis\\\/#respond\"]}]},{\"@type\":\"WebPage\",\"@id\":\"https:\\\/\\\/terradomandu.com.br\\\/index.php\\\/2026\\\/09\\\/03\\\/expo-natercia-comeca-nesta-quinta-com-shows-de-leonardo-murilo-huff-e-sergio-reis\\\/\",\"url\":\"https:\\\/\\\/terradomandu.com.br\\\/index.php\\\/2026\\\/09\\\/03\\\/expo-natercia-comeca-nesta-quinta-com-shows-de-leonardo-murilo-huff-e-sergio-reis\\\/\",\"name\":\"Expo Nat\u00e9rcia come\u00e7a nesta quinta com shows de Leonardo, Murilo Huff e S\u00e9rgio Reis\",\"isPartOf\":{\"@id\":\"https:\\\/\\\/terradomandu.com.br\\\/#website\"},\"primaryImageOfPage\":{\"@id\":\"https:\\\/\\\/terradomandu.com.br\\\/index.php\\\/2026\\\/09\\\/03\\\/expo-natercia-comeca-nesta-quinta-com-shows-de-leonardo-murilo-huff-e-sergio-reis\\\/#primaryimage\"},\"image\":{\"@id\":\"https:\\\/\\\/terradomandu.com.br\\\/index.php\\\/2026\\\/09\\\/03\\\/expo-natercia-comeca-nesta-quinta-com-shows-de-leonardo-murilo-huff-e-sergio-reis\\\/#primaryimage\"},\"thumbnailUrl\":\"https:\\\/\\\/terradomandu.com.br\\\/wp-content\\\/uploads\\\/2026\\\/09\\\/cantores.jpg\",\"datePublished\":\"2026-09-03T17:06:28+00:00\",\"description\":\"Evento segue at\u00e9 domingo (6), com entrada gratuita na pista, atra\u00e7\u00f5es musicais, desfile de cavaleiros, carros de boi, torneio leiteiro, concurso de caf\u00e9 e mais.\",\"breadcrumb\":{\"@id\":\"https:\\\/\\\/terradomandu.com.br\\\/index.php\\\/2026\\\/09\\\/03\\\/expo-natercia-comeca-nesta-quinta-com-shows-de-leonardo-murilo-huff-e-sergio-reis\\\/#breadcrumb\"},\"inLanguage\":\"pt-BR\",\"potentialAction\":[{\"@type\":\"ReadAction\",\"target\":[\"https:\\\/\\\/terradomandu.com.br\\\/index.php\\\/2026\\\/09\\\/03\\\/expo-natercia-comeca-nesta-quinta-com-shows-de-leonardo-murilo-huff-e-sergio-reis\\\/\"]}]},{\"@type\":\"ImageObject\",\"inLanguage\":\"pt-BR\",\"@id\":\"https:\\\/\\\/terradomandu.com.br\\\/index.php\\\/2026\\\/09\\\/03\\\/expo-natercia-comeca-nesta-quinta-com-shows-de-leonardo-murilo-huff-e-sergio-reis\\\/#primaryimage\",\"url\":\"https:\\\/\\\/terradomandu.com.br\\\/wp-content\\\/uploads\\\/2026\\\/09\\\/cantores.jpg\",\"contentUrl\":\"https:\\\/\\\/terradomandu.com.br\\\/wp-content\\\/uploads\\\/2026\\\/09\\\/cantores.jpg\",\"width\":820,\"height\":461,\"caption\":\"Expo Nat\u00e9rcia come\u00e7a nesta quinta com shows de Leonardo, Murilo Huff e S\u00e9rgio Reis\"},{\"@type\":\"BreadcrumbList\",\"@id\":\"https:\\\/\\\/terradomandu.com.br\\\/index.php\\\/2026\\\/09\\\/03\\\/expo-natercia-comeca-nesta-quinta-com-shows-de-leonardo-murilo-huff-e-sergio-reis\\\/#breadcrumb\",\"itemListElement\":[{\"@type\":\"ListItem\",\"position\":1,\"name\":\"In\u00edcio\",\"item\":\"https:\\\/\\\/terradomandu.com.br\\\/\"},{\"@type\":\"ListItem\",\"position\":2,\"name\":\"Expo Nat\u00e9rcia come\u00e7a nesta quinta com shows de Leonardo, Murilo Huff e S\u00e9rgio Reis\"}]},{\"@type\":\"WebSite\",\"@id\":\"https:\\\/\\\/terradomandu.com.br\\\/#website\",\"url\":\"https:\\\/\\\/terradomandu.com.br\\\/\",\"name\":\"Terra do Mandu - Not\u00edcias de Pouso Alegre e regi\u00e3o\",\"description\":\"Not\u00edcias de Pouso Alegre e regi\u00e3o. Terra do Mandu \u00e9 jornalismo s\u00e9rio e conte\u00fado pr\u00f3prio.\",\"publisher\":{\"@id\":\"https:\\\/\\\/terradomandu.com.br\\\/#organization\"},\"potentialAction\":[{\"@type\":\"SearchAction\",\"target\":{\"@type\":\"EntryPoint\",\"urlTemplate\":\"https:\\\/\\\/terradomandu.com.br\\\/?s={search_term_string}\"},\"query-input\":{\"@type\":\"PropertyValueSpecification\",\"valueRequired\":true,\"valueName\":\"search_term_string\"}}],\"inLanguage\":\"pt-BR\"},{\"@type\":\"Organization\",\"@id\":\"https:\\\/\\\/terradomandu.com.br\\\/#organization\",\"name\":\"TERRA DO MANDU - NOT\u00cdCIAS DE POUSO ALEGRE E SUL DE MINAS\",\"url\":\"https:\\\/\\\/terradomandu.com.br\\\/\",\"logo\":{\"@type\":\"ImageObject\",\"inLanguage\":\"pt-BR\",\"@id\":\"https:\\\/\\\/terradomandu.com.br\\\/#\\\/schema\\\/logo\\\/image\\\/\",\"url\":\"https:\\\/\\\/terradomandu.com.br\\\/wp-content\\\/uploads\\\/2020\\\/10\\\/logo_azul-1.png\",\"contentUrl\":\"https:\\\/\\\/terradomandu.com.br\\\/wp-content\\\/uploads\\\/2020\\\/10\\\/logo_azul-1.png\",\"width\":1080,\"height\":1080,\"caption\":\"TERRA DO MANDU - NOT\u00cdCIAS DE POUSO ALEGRE E SUL DE MINAS\"},\"image\":{\"@id\":\"https:\\\/\\\/terradomandu.com.br\\\/#\\\/schema\\\/logo\\\/image\\\/\"},\"sameAs\":[\"https:\\\/\\\/www.facebook.com\\\/terradomandu\\\/\",\"https:\\\/\\\/x.com\\\/terradomandu\",\"https:\\\/\\\/www.instagram.com\\\/terradomandu\",\"https:\\\/\\\/www.youtube.com\\\/terradomandu\"]},{\"@type\":\"Person\",\"@id\":\"https:\\\/\\\/terradomandu.com.br\\\/#\\\/schema\\\/person\\\/85e4925923043514fb783fc0d9b0643f\",\"name\":\"Iago Almeida\",\"image\":{\"@type\":\"ImageObject\",\"inLanguage\":\"pt-BR\",\"@id\":\"https:\\\/\\\/secure.gravatar.com\\\/avatar\\\/1c0d735e1391113652fee430a32ef5febd55afc9d31a33f95e354727dbdbedd9?s=96&d=mm&r=g\",\"url\":\"https:\\\/\\\/secure.gravatar.com\\\/avatar\\\/1c0d735e1391113652fee430a32ef5febd55afc9d31a33f95e354727dbdbedd9?s=96&d=mm&r=g\",\"contentUrl\":\"https:\\\/\\\/secure.gravatar.com\\\/avatar\\\/1c0d735e1391113652fee430a32ef5febd55afc9d31a33f95e354727dbdbedd9?s=96&d=mm&r=g\",\"caption\":\"Iago Almeida\"},\"sameAs\":[\"https:\\\/\\\/terradomandu.com.br\"],\"url\":\"https:\\\/\\\/terradomandu.com.br\\\/index.php\\\/author\\\/iago\\\/\"}]}<\/script>\n<!-- \/ Yoast SEO plugin. -->","yoast_head_json":{"title":"Expo Nat\u00e9rcia come\u00e7a nesta quinta com shows de Leonardo, Murilo Huff e S\u00e9rgio Reis","description":"Evento segue at\u00e9 domingo (6), com entrada gratuita na pista, atra\u00e7\u00f5es musicais, desfile de cavaleiros, carros de boi, torneio leiteiro, concurso de caf\u00e9 e mais.","robots":{"index":"index","follow":"follow","max-snippet":"max-snippet:-1","max-image-preview":"max-image-preview:large","max-video-preview":"max-video-preview:-1"},"canonical":"https:\/\/terradomandu.com.br\/index.php\/2026\/09\/03\/expo-natercia-comeca-nesta-quinta-com-shows-de-leonardo-murilo-huff-e-sergio-reis\/","og_locale":"pt_BR","og_type":"article","og_title":"Expo Nat\u00e9rcia come\u00e7a nesta quinta com shows de Leonardo, Murilo Huff e S\u00e9rgio Reis","og_description":"Evento segue at\u00e9 domingo (6), com entrada gratuita na pista, atra\u00e7\u00f5es musicais, desfile de cavaleiros, carros de boi, torneio leiteiro, concurso de caf\u00e9 e mais.","og_url":"https:\/\/terradomandu.com.br\/index.php\/2026\/09\/03\/expo-natercia-comeca-nesta-quinta-com-shows-de-leonardo-murilo-huff-e-sergio-reis\/","og_site_name":"Terra do Mandu - Not\u00edcias de Pouso Alegre e regi\u00e3o","article_publisher":"https:\/\/www.facebook.com\/terradomandu\/","article_published_time":"2026-09-03T17:06:28+00:00","og_image":[{"width":820,"height":461,"url":"http:\/\/terradomandu.com.br\/wp-content\/uploads\/2026\/09\/cantores.jpg","type":"image\/jpeg"}],"author":"Iago Almeida","twitter_card":"summary_large_image","twitter_creator":"@terradomandu","twitter_site":"@terradomandu","twitter_misc":{"Escrito por":"Iago Almeida","Est. tempo de leitura":"2 minutos"},"schema":{"@context":"https:\/\/schema.org","@graph":[{"@type":"Article","@id":"https:\/\/terradomandu.com.br\/index.php\/2026\/09\/03\/expo-natercia-comeca-nesta-quinta-com-shows-de-leonardo-murilo-huff-e-sergio-reis\/#article","isPartOf":{"@id":"https:\/\/terradomandu.com.br\/index.php\/2026\/09\/03\/expo-natercia-comeca-nesta-quinta-com-shows-de-leonardo-murilo-huff-e-sergio-reis\/"},"author":{"name":"Iago Almeida","@id":"https:\/\/terradomandu.com.br\/#\/schema\/person\/85e4925923043514fb783fc0d9b0643f"},"headline":"Expo Nat\u00e9rcia come\u00e7a nesta quinta com shows de Leonardo, Murilo Huff e S\u00e9rgio Reis","datePublished":"2026-09-03T17:06:28+00:00","mainEntityOfPage":{"@id":"https:\/\/terradomandu.com.br\/index.php\/2026\/09\/03\/expo-natercia-comeca-nesta-quinta-com-shows-de-leonardo-murilo-huff-e-sergio-reis\/"},"wordCount":302,"commentCount":0,"publisher":{"@id":"https:\/\/terradomandu.com.br\/#organization"},"image":{"@id":"https:\/\/terradomandu.com.br\/index.php\/2026\/09\/03\/expo-natercia-comeca-nesta-quinta-com-shows-de-leonardo-murilo-huff-e-sergio-reis\/#primaryimage"},"thumbnailUrl":"https:\/\/terradomandu.com.br\/wp-content\/uploads\/2026\/09\/cantores.jpg","keywords":["Veja programa\u00e7\u00e3o"],"articleSection":["DESTAQUE"],"inLanguage":"pt-BR","potentialAction":[{"@type":"CommentAction","name":"Comment","target":["https:\/\/terradomandu.com.br\/index.php\/2026\/09\/03\/expo-natercia-comeca-nesta-quinta-com-shows-de-leonardo-murilo-huff-e-sergio-reis\/#respond"]}]},{"@type":"WebPage","@id":"https:\/\/terradomandu.com.br\/index.php\/2026\/09\/03\/expo-natercia-comeca-nesta-quinta-com-shows-de-leonardo-murilo-huff-e-sergio-reis\/","url":"https:\/\/terradomandu.com.br\/index.php\/2026\/09\/03\/expo-natercia-comeca-nesta-quinta-com-shows-de-leonardo-murilo-huff-e-sergio-reis\/","name":"Expo Nat\u00e9rcia come\u00e7a nesta quinta com shows de Leonardo, Murilo Huff e S\u00e9rgio Reis","isPartOf":{"@id":"https:\/\/terradomandu.com.br\/#website"},"primaryImageOfPage":{"@id":"https:\/\/terradomandu.com.br\/index.php\/2026\/09\/03\/expo-natercia-comeca-nesta-quinta-com-shows-de-leonardo-murilo-huff-e-sergio-reis\/#primaryimage"},"image":{"@id":"https:\/\/terradomandu.com.br\/index.php\/2026\/09\/03\/expo-natercia-comeca-nesta-quinta-com-shows-de-leonardo-murilo-huff-e-sergio-reis\/#primaryimage"},"thumbnailUrl":"https:\/\/terradomandu.com.br\/wp-content\/uploads\/2026\/09\/cantores.jpg","datePublished":"2026-09-03T17:06:28+00:00","description":"Evento segue at\u00e9 domingo (6), com entrada gratuita na pista, atra\u00e7\u00f5es musicais, desfile de cavaleiros, carros de boi, torneio leiteiro, concurso de caf\u00e9 e mais.","breadcrumb":{"@id":"https:\/\/terradomandu.com.br\/index.php\/2026\/09\/03\/expo-natercia-comeca-nesta-quinta-com-shows-de-leonardo-murilo-huff-e-sergio-reis\/#breadcrumb"},"inLanguage":"pt-BR","potentialAction":[{"@type":"ReadAction","target":["https:\/\/terradomandu.com.br\/index.php\/2026\/09\/03\/expo-natercia-comeca-nesta-quinta-com-shows-de-leonardo-murilo-huff-e-sergio-reis\/"]}]},{"@type":"ImageObject","inLanguage":"pt-BR","@id":"https:\/\/terradomandu.com.br\/index.php\/2026\/09\/03\/expo-natercia-comeca-nesta-quinta-com-shows-de-leonardo-murilo-huff-e-sergio-reis\/#primaryimage","url":"https:\/\/terradomandu.com.br\/wp-content\/uploads\/2026\/09\/cantores.jpg","contentUrl":"https:\/\/terradomandu.com.br\/wp-content\/uploads\/2026\/09\/cantores.jpg","width":820,"height":461,"caption":"Expo Nat\u00e9rcia come\u00e7a nesta quinta com shows de Leonardo, Murilo Huff e S\u00e9rgio Reis"},{"@type":"BreadcrumbList","@id":"https:\/\/terradomandu.com.br\/index.php\/2026\/09\/03\/expo-natercia-comeca-nesta-quinta-com-shows-de-leonardo-murilo-huff-e-sergio-reis\/#breadcrumb","itemListElement":[{"@type":"ListItem","position":1,"name":"In\u00edcio","item":"https:\/\/terradomandu.com.br\/"},{"@type":"ListItem","position":2,"name":"Expo Nat\u00e9rcia come\u00e7a nesta quinta com shows de Leonardo, Murilo Huff e S\u00e9rgio Reis"}]},{"@type":"WebSite","@id":"https:\/\/terradomandu.com.br\/#website","url":"https:\/\/terradomandu.com.br\/","name":"Terra do Mandu - Not\u00edcias de Pouso Alegre e regi\u00e3o","description":"Not\u00edcias de Pouso Alegre e regi\u00e3o. Terra do Mandu \u00e9 jornalismo s\u00e9rio e conte\u00fado pr\u00f3prio.","publisher":{"@id":"https:\/\/terradomandu.com.br\/#organization"},"potentialAction":[{"@type":"SearchAction","target":{"@type":"EntryPoint","urlTemplate":"https:\/\/terradomandu.com.br\/?s={search_term_string}"},"query-input":{"@type":"PropertyValueSpecification","valueRequired":true,"valueName":"search_term_string"}}],"inLanguage":"pt-BR"},{"@type":"Organization","@id":"https:\/\/terradomandu.com.br\/#organization","name":"TERRA DO MANDU - NOT\u00cdCIAS DE POUSO ALEGRE E SUL DE MINAS","url":"https:\/\/terradomandu.com.br\/","logo":{"@type":"ImageObject","inLanguage":"pt-BR","@id":"https:\/\/terradomandu.com.br\/#\/schema\/logo\/image\/","url":"https:\/\/terradomandu.com.br\/wp-content\/uploads\/2020\/10\/logo_azul-1.png","contentUrl":"https:\/\/terradomandu.com.br\/wp-content\/uploads\/2020\/10\/logo_azul-1.png","width":1080,"height":1080,"caption":"TERRA DO MANDU - NOT\u00cdCIAS DE POUSO ALEGRE E SUL DE MINAS"},"image":{"@id":"https:\/\/terradomandu.com.br\/#\/schema\/logo\/image\/"},"sameAs":["https:\/\/www.facebook.com\/terradomandu\/","https:\/\/x.com\/terradomandu","https:\/\/www.instagram.com\/terradomandu","https:\/\/www.youtube.com\/terradomandu"]},{"@type":"Person","@id":"https:\/\/terradomandu.com.br\/#\/schema\/person\/85e4925923043514fb783fc0d9b0643f","name":"Iago Almeida","image":{"@type":"ImageObject","inLanguage":"pt-BR","@id":"https:\/\/secure.gravatar.com\/avatar\/1c0d735e1391113652fee430a32ef5febd55afc9d31a33f95e354727dbdbedd9?s=96&d=mm&r=g","url":"https:\/\/secure.gravatar.com\/avatar\/1c0d735e1391113652fee430a32ef5febd55afc9d31a33f95e354727dbdbedd9?s=96&d=mm&r=g","contentUrl":"https:\/\/secure.gravatar.com\/avatar\/1c0d735e1391113652fee430a32ef5febd55afc9d31a33f95e354727dbdbedd9?s=96&d=mm&r=g","caption":"Iago Almeida"},"sameAs":["https:\/\/terradomandu.com.br"],"url":"https:\/\/terradomandu.com.br\/index.php\/author\/iago\/"}]}},"jetpack_featured_media_url":"https:\/\/terradomandu.com.br\/wp-content\/uploads\/2026\/09\/cantores.jpg","jetpack_sharing_enabled":true,"_links":{"self":[{"href":"https:\/\/terradomandu.com.br\/index.php\/wp-json\/wp\/v2\/posts\/124401","targetHints":{"allow":["GET"]}}],"collection":[{"href":"https:\/\/terradomandu.com.br\/index.php\/wp-json\/wp\/v2\/posts"}],"about":[{"href":"https:\/\/terradomandu.com.br\/index.php\/wp-json\/wp\/v2\/types\/post"}],"author":[{"embeddable":true,"href":"https:\/\/terradomandu.com.br\/index.php\/wp-json\/wp\/v2\/users\/17"}],"replies":[{"embeddable":true,"href":"https:\/\/terradomandu.com.br\/index.php\/wp-json\/wp\/v2\/comments?post=124401"}],"version-history":[{"count":1,"href":"https:\/\/terradomandu.com.br\/index.php\/wp-json\/wp\/v2\/posts\/124401\/revisions"}],"predecessor-version":[{"id":124405,"href":"https:\/\/terradomandu.com.br\/index.php\/wp-json\/wp\/v2\/posts\/124401\/revisions\/124405"}],"wp:featuredmedia":[{"embeddable":true,"href":"https:\/\/terradomandu.com.br\/index.php\/wp-json\/wp\/v2\/media\/124403"}],"wp:attachment":[{"href":"https:\/\/terradomandu.com.br\/index.php\/wp-json\/wp\/v2\/media?parent=124401"}],"wp:term":[{"taxonomy":"category","embeddable":true,"href":"https:\/\/terradomandu.com.br\/index.php\/wp-json\/wp\/v2\/categories?post=124401"},{"taxonomy":"post_tag","embeddable":true,"href":"https:\/\/terradomandu.com.br\/index.php\/wp-json\/wp\/v2\/tags?post=124401"}],"curies":[{"name":"wp","href":"https:\/\/api.w.org\/{rel}","templated":true}]}}