


{"id":124391,"date":"2026-09-03T12:37:43","date_gmt":"2026-09-03T15:37:43","guid":{"rendered":"https:\/\/terradomandu.com.br\/?p=124391"},"modified":"2026-09-03T14:24:53","modified_gmt":"2026-09-03T17:24:53","slug":"pouso-alegre-aprova-transporte-coletivo-gratuito-em-dias-de-eleicao","status":"publish","type":"post","link":"https:\/\/terradomandu.com.br\/index.php\/2026\/09\/03\/pouso-alegre-aprova-transporte-coletivo-gratuito-em-dias-de-eleicao\/","title":{"rendered":"Pouso Alegre aprova transporte coletivo gratuito em dias de elei\u00e7\u00e3o"},"content":{"rendered":"<div id=\"attachment_108981\" style=\"width: 950px\" class=\"wp-caption aligncenter\"><img loading=\"lazy\" decoding=\"async\" aria-describedby=\"caption-attachment-108981\" class=\"wp-image-108981 size-full\" src=\"http:\/\/terradomandu.com.br\/wp-content\/uploads\/2026\/02\/Onibus-da-Expresso-Planalto-no-Centro-de-Pouso-Alegre.-Imagem-Nayara-Andery.jpeg\" alt=\"\" width=\"940\" height=\"529\" srcset=\"https:\/\/terradomandu.com.br\/wp-content\/uploads\/2026\/02\/Onibus-da-Expresso-Planalto-no-Centro-de-Pouso-Alegre.-Imagem-Nayara-Andery.jpeg 940w, https:\/\/terradomandu.com.br\/wp-content\/uploads\/2026\/02\/Onibus-da-Expresso-Planalto-no-Centro-de-Pouso-Alegre.-Imagem-Nayara-Andery-300x169.jpeg 300w, https:\/\/terradomandu.com.br\/wp-content\/uploads\/2026\/02\/Onibus-da-Expresso-Planalto-no-Centro-de-Pouso-Alegre.-Imagem-Nayara-Andery-768x432.jpeg 768w\" sizes=\"auto, (max-width: 940px) 100vw, 940px\" \/><p id=\"caption-attachment-108981\" class=\"wp-caption-text\"><em>\u00d4nibus da Expresso Planalto no Centro de Pouso Alegre \/ Imagem: Nayara Andery.<\/em><\/p><\/div>\n<p class=\"isSelectedEnd\">A C\u00e2mara Municipal de Pouso Alegre aprovou, em \u00fanica vota\u00e7\u00e3o na ter\u00e7a-feira (1\u00ba\/9), o projeto que cria o programa <em>\u201cElei\u00e7\u00e3o para Todos\u201d<\/em> e garante transporte coletivo gratuito nos dias de elei\u00e7\u00f5es na cidade. A medida vale para as linhas urbanas e rurais durante o hor\u00e1rio de funcionamento das se\u00e7\u00f5es eleitorais.<\/p>\n<p class=\"isSelectedEnd\">O <span style=\"color: #0000ff;\"><a style=\"color: #0000ff;\" href=\"https:\/\/cmpousoalegre.gwlegis.com.br\/proposicao\/60476\" target=\"_blank\" rel=\"noopener\"><strong>Projeto de Lei n\u00ba 1.712\/2026<\/strong><\/a><\/span>, de autoria do Poder Executivo, foi aprovado pelos vereadores por 12 votos favor\u00e1veis. Dos 15 vereadores, Davi Andrade (AVANTE) n\u00e3o estava presente no plen\u00e1rio; L\u00edvia Macedo (PCdoB) n\u00e3o votou; o presidente Oliveira (REPUBLICANOS) n\u00e3o vota se n\u00e3o houver empate; e os demais foram \u00e0 favor.<\/p>\n<p class=\"isSelectedEnd\">Agora, o PL depende da san\u00e7\u00e3o do prefeito para entrar em vigor. Em contato com a Assessoria de Comunica\u00e7\u00e3o da Prefeitura, o Terra do Mandu foi informado que a Lei ser\u00e1 publicada ainda nesta semana.<\/p>\n<p class=\"isSelectedEnd\">A gratuidade ser\u00e1 aplicada nas elei\u00e7\u00f5es federais, estaduais e municipais, tanto no primeiro quanto no segundo turno, quando houver. O benef\u00edcio ser\u00e1 destinado a todos os passageiros, sem distin\u00e7\u00e3o.<\/p>\n<h3>\u00d4nibus dever\u00e3o manter frequ\u00eancia<\/h3>\n<p class=\"isSelectedEnd\">Al\u00e9m de n\u00e3o cobrar a tarifa dos passageiros, a nova regra determina que a empresa respons\u00e1vel pelo transporte p\u00fablico na cidade, a Expresso Planalto, mantenha a opera\u00e7\u00e3o da frota com frequ\u00eancia compat\u00edvel com a dos dias \u00fateis.<\/p>\n<p class=\"isSelectedEnd\">O texto pro\u00edbe a redu\u00e7\u00e3o do servi\u00e7o habitualmente oferecido nos dias de elei\u00e7\u00e3o e estabelece que todas as linhas urbanas e rurais do transporte coletivo municipal sejam contempladas.<\/p>\n<p class=\"isSelectedEnd\">Tamb\u00e9m fica proibida a veicula\u00e7\u00e3o de propaganda partid\u00e1ria ou eleitoral nos \u00f4nibus e nos terminais durante a opera\u00e7\u00e3o do sistema.<\/p>\n<h3>Munic\u00edpio vai pagar em 2026<\/h3>\n<p class=\"isSelectedEnd\">Uma das principais defini\u00e7\u00f5es do projeto \u00e9 a forma de custeio da gratuidade.\u00a0Nas elei\u00e7\u00f5es de 2026, o custo ser\u00e1 integralmente assumido pelo munic\u00edpio, por meio de subs\u00eddio direto ou compensa\u00e7\u00e3o econ\u00f4mico-financeira \u00e0 concession\u00e1ria.<\/p>\n<p class=\"isSelectedEnd\">Segundo o texto aprovado, esse pagamento ser\u00e1 feito com recursos previstos no or\u00e7amento municipal e n\u00e3o ter\u00e1 repercuss\u00e3o no valor da tarifa p\u00fablica em 2026.<\/p>\n<p class=\"isSelectedEnd\">Segundo a Prefeitura, a compensa\u00e7\u00e3o ser\u00e1 calculada considerando o valor da tarifa vigente e a demanda efetivamente registrada no dia da elei\u00e7\u00e3o. Para isso, poder\u00e3o ser utilizados os dados do sistema de bilhetagem eletr\u00f4nica ou outra metodologia definida pela Secretaria Municipal de Tr\u00e2nsito e Transporte.<\/p>\n<h3>Como ficar\u00e1 a partir de 2027<\/h3>\n<p class=\"isSelectedEnd\">O projeto tamb\u00e9m estabelece uma regra para os anos seguintes.\u00a0A partir de 2027, o custo da gratuidade dever\u00e1 ser considerado na metodologia tarif\u00e1ria, entrando na planilha de custos do transporte e na estrutura da tarifa t\u00e9cnica durante processos de reajuste ou revis\u00e3o.<\/p>\n<p class=\"isSelectedEnd\">O texto, por\u00e9m, determina que seja observada a modicidade tarif\u00e1ria e garante \u00e0 Expresso Planalto a recomposi\u00e7\u00e3o do equil\u00edbrio econ\u00f4mico-financeiro do contrato.<\/p>\n<p class=\"isSelectedEnd\">Ainda segundo o Executivo, a regra tamb\u00e9m dever\u00e1 ser aplicada a futuras concess\u00f5es do transporte coletivo de Pouso Alegre, passando a constar dos pr\u00f3ximos editais de licita\u00e7\u00e3o e contratos.<\/p>\n<h3>Medida busca facilitar acesso aos locais de vota\u00e7\u00e3o<\/h3>\n<p class=\"isSelectedEnd\">Na justificativa do projeto, o Executivo afirma que a iniciativa tem como objetivo reduzir barreiras econ\u00f4micas e de deslocamento que possam dificultar o acesso dos eleitores aos locais de vota\u00e7\u00e3o.<\/p>\n<p class=\"isSelectedEnd\">A proposta cita o artigo 14 da Constitui\u00e7\u00e3o Federal, que trata do exerc\u00edcio da soberania popular, e o entendimento do Supremo Tribunal Federal na ADPF 1.013\/DF sobre a import\u00e2ncia do transporte gratuito nos dias de elei\u00e7\u00e3o.<\/p>\n<p class=\"isSelectedEnd\">Segundo o munic\u00edpio, a medida busca ampliar a participa\u00e7\u00e3o democr\u00e1tica e garantir que pessoas que dependem do transporte p\u00fablico possam exercer o direito ao voto.<\/p>\n<p class=\"isSelectedEnd\">Como as elei\u00e7\u00f5es gerais de 2026 se aproximam, a aprova\u00e7\u00e3o em \u00fanica vota\u00e7\u00e3o foi justificada pela necessidade de estabelecer com anteced\u00eancia as regras para que o munic\u00edpio e a concession\u00e1ria possam organizar a opera\u00e7\u00e3o do sistema.<\/p>\n<p id=\"p-rc_6896bd94a0172dbd-261\"><span class=\"citation-1723\">As Elei\u00e7\u00f5es de 2026 ocorrer\u00e3o no dia\u00a0<\/span><span class=\"citation-1723\">4 de outubro de 2026<\/span><span class=\"citation-1723 citation-end-1723\">\u00a0(1\u00ba turno), oportunidade em que ser\u00e3o eleitos os cargos de presidente da Rep\u00fablica, governadores, senadores e deputados federais, estaduais e distritais.<\/span>\u00a0Nos casos em que houver necessidade de 2\u00ba turno, a vota\u00e7\u00e3o ocorrer\u00e1 no dia 25 de outubro de 2026.<\/p>\n<div class=\"fb-background-color\">\n\t\t\t  <div \n\t\t\t  \tclass = \"fb-comments\" \n\t\t\t  \tdata-href = \"https:\/\/terradomandu.com.br\/index.php\/2026\/09\/03\/pouso-alegre-aprova-transporte-coletivo-gratuito-em-dias-de-eleicao\/\"\n\t\t\t  \tdata-numposts = \"10\"\n\t\t\t  \tdata-lazy = \"true\"\n\t\t\t\tdata-colorscheme = \"light\"\n\t\t\t\tdata-order-by = \"social\"\n\t\t\t\tdata-mobile=true>\n\t\t\t  <\/div><\/div>\n\t\t  <style>\n\t\t    .fb-background-color {\n\t\t\t\tbackground: #ffffff !important;\n\t\t\t}\n\t\t\t.fb_iframe_widget_fluid_desktop iframe {\n\t\t\t    width: 100% !important;\n\t\t\t}\n\t\t  <\/style>\n\t\t  ","protected":false},"excerpt":{"rendered":"<p>A C\u00e2mara Municipal de Pouso Alegre aprovou, em \u00fanica vota\u00e7\u00e3o na ter\u00e7a-feira (1\u00ba\/9), o projeto que cria o programa \u201cElei\u00e7\u00e3o para Todos\u201d e garante transporte coletivo gratuito nos dias de elei\u00e7\u00f5es na cidade. A medida vale para as linhas urbanas e rurais durante o hor\u00e1rio de funcionamento das se\u00e7\u00f5es eleitorais. O Projeto de Lei n\u00ba [&hellip;]<\/p>\n","protected":false},"author":17,"featured_media":108981,"comment_status":"open","ping_status":"closed","sticky":false,"template":"","format":"standard","meta":{"_acf_changed":false,"kia_subtitle":"Medida vale para \u00f4nibus urbanos e rurais durante o hor\u00e1rio de vota\u00e7\u00e3o; em 2026, custo ser\u00e1 bancado integralmente pelo munic\u00edpio","_jetpack_newsletter_access":"","_jetpack_dont_email_post_to_subs":false,"_jetpack_newsletter_tier_id":0,"_jetpack_memberships_contains_paywalled_content":false,"_jetpack_feature_clip_id":0,"_jetpack_memberships_contains_paid_content":false,"footnotes":"","jetpack_post_was_ever_published":false},"categories":[20,2,229],"tags":[2839],"class_list":["post-124391","post","type-post","status-publish","format-standard","has-post-thumbnail","hentry","category-noticia","category-politica","category-pouso-alegre","tag-aprovado-pelos-vereadores"],"acf":[],"yoast_head":"<!-- This site is optimized with the Yoast SEO plugin v27.9 - https:\/\/yoast.com\/product\/yoast-seo-wordpress\/ -->\n<title>Pouso Alegre aprova transporte coletivo gratuito em dias de elei\u00e7\u00e3o<\/title>\n<meta name=\"description\" content=\"Medida vale para \u00f4nibus urbanos e rurais durante o hor\u00e1rio de vota\u00e7\u00e3o; em 2026, custo ser\u00e1 bancado integralmente pelo munic\u00edpio\" \/>\n<meta name=\"robots\" content=\"index, follow, max-snippet:-1, max-image-preview:large, max-video-preview:-1\" \/>\n<link rel=\"canonical\" href=\"https:\/\/terradomandu.com.br\/index.php\/2026\/09\/03\/pouso-alegre-aprova-transporte-coletivo-gratuito-em-dias-de-eleicao\/\" \/>\n<meta property=\"og:locale\" content=\"pt_BR\" \/>\n<meta property=\"og:type\" content=\"article\" \/>\n<meta property=\"og:title\" content=\"Pouso Alegre aprova transporte coletivo gratuito em dias de elei\u00e7\u00e3o\" \/>\n<meta property=\"og:description\" content=\"Medida vale para \u00f4nibus urbanos e rurais durante o hor\u00e1rio de vota\u00e7\u00e3o; em 2026, custo ser\u00e1 bancado integralmente pelo munic\u00edpio\" \/>\n<meta property=\"og:url\" content=\"https:\/\/terradomandu.com.br\/index.php\/2026\/09\/03\/pouso-alegre-aprova-transporte-coletivo-gratuito-em-dias-de-eleicao\/\" \/>\n<meta property=\"og:site_name\" content=\"Terra do Mandu - Not\u00edcias de Pouso Alegre e regi\u00e3o\" \/>\n<meta property=\"article:publisher\" content=\"https:\/\/www.facebook.com\/terradomandu\/\" \/>\n<meta property=\"article:published_time\" content=\"2026-09-03T15:37:43+00:00\" \/>\n<meta property=\"article:modified_time\" content=\"2026-09-03T17:24:53+00:00\" \/>\n<meta property=\"og:image\" content=\"http:\/\/terradomandu.com.br\/wp-content\/uploads\/2026\/02\/Onibus-da-Expresso-Planalto-no-Centro-de-Pouso-Alegre.-Imagem-Nayara-Andery.jpeg\" \/>\n\t<meta property=\"og:image:width\" content=\"940\" \/>\n\t<meta property=\"og:image:height\" content=\"529\" \/>\n\t<meta property=\"og:image:type\" content=\"image\/jpeg\" \/>\n<meta name=\"author\" content=\"Iago Almeida\" \/>\n<meta name=\"twitter:card\" content=\"summary_large_image\" \/>\n<meta name=\"twitter:creator\" content=\"@terradomandu\" \/>\n<meta name=\"twitter:site\" content=\"@terradomandu\" \/>\n<meta name=\"twitter:label1\" content=\"Escrito por\" \/>\n\t<meta name=\"twitter:data1\" content=\"Iago Almeida\" \/>\n\t<meta name=\"twitter:label2\" content=\"Est. tempo de leitura\" \/>\n\t<meta name=\"twitter:data2\" content=\"5 minutos\" \/>\n<script type=\"application\/ld+json\" class=\"yoast-schema-graph\">{\"@context\":\"https:\\\/\\\/schema.org\",\"@graph\":[{\"@type\":\"Article\",\"@id\":\"https:\\\/\\\/terradomandu.com.br\\\/index.php\\\/2026\\\/09\\\/03\\\/pouso-alegre-aprova-transporte-coletivo-gratuito-em-dias-de-eleicao\\\/#article\",\"isPartOf\":{\"@id\":\"https:\\\/\\\/terradomandu.com.br\\\/index.php\\\/2026\\\/09\\\/03\\\/pouso-alegre-aprova-transporte-coletivo-gratuito-em-dias-de-eleicao\\\/\"},\"author\":{\"name\":\"Iago Almeida\",\"@id\":\"https:\\\/\\\/terradomandu.com.br\\\/#\\\/schema\\\/person\\\/85e4925923043514fb783fc0d9b0643f\"},\"headline\":\"Pouso Alegre aprova transporte coletivo gratuito em dias de elei\u00e7\u00e3o\",\"datePublished\":\"2026-09-03T15:37:43+00:00\",\"dateModified\":\"2026-09-03T17:24:53+00:00\",\"mainEntityOfPage\":{\"@id\":\"https:\\\/\\\/terradomandu.com.br\\\/index.php\\\/2026\\\/09\\\/03\\\/pouso-alegre-aprova-transporte-coletivo-gratuito-em-dias-de-eleicao\\\/\"},\"wordCount\":747,\"commentCount\":0,\"publisher\":{\"@id\":\"https:\\\/\\\/terradomandu.com.br\\\/#organization\"},\"image\":{\"@id\":\"https:\\\/\\\/terradomandu.com.br\\\/index.php\\\/2026\\\/09\\\/03\\\/pouso-alegre-aprova-transporte-coletivo-gratuito-em-dias-de-eleicao\\\/#primaryimage\"},\"thumbnailUrl\":\"https:\\\/\\\/terradomandu.com.br\\\/wp-content\\\/uploads\\\/2026\\\/02\\\/Onibus-da-Expresso-Planalto-no-Centro-de-Pouso-Alegre.-Imagem-Nayara-Andery.jpeg\",\"keywords\":[\"Aprovado pelos vereadores\"],\"articleSection\":[\"Not\u00edcia\",\"Pol\u00edtica\",\"Pouso Alegre\"],\"inLanguage\":\"pt-BR\",\"potentialAction\":[{\"@type\":\"CommentAction\",\"name\":\"Comment\",\"target\":[\"https:\\\/\\\/terradomandu.com.br\\\/index.php\\\/2026\\\/09\\\/03\\\/pouso-alegre-aprova-transporte-coletivo-gratuito-em-dias-de-eleicao\\\/#respond\"]}]},{\"@type\":\"WebPage\",\"@id\":\"https:\\\/\\\/terradomandu.com.br\\\/index.php\\\/2026\\\/09\\\/03\\\/pouso-alegre-aprova-transporte-coletivo-gratuito-em-dias-de-eleicao\\\/\",\"url\":\"https:\\\/\\\/terradomandu.com.br\\\/index.php\\\/2026\\\/09\\\/03\\\/pouso-alegre-aprova-transporte-coletivo-gratuito-em-dias-de-eleicao\\\/\",\"name\":\"Pouso Alegre aprova transporte coletivo gratuito em dias de elei\u00e7\u00e3o\",\"isPartOf\":{\"@id\":\"https:\\\/\\\/terradomandu.com.br\\\/#website\"},\"primaryImageOfPage\":{\"@id\":\"https:\\\/\\\/terradomandu.com.br\\\/index.php\\\/2026\\\/09\\\/03\\\/pouso-alegre-aprova-transporte-coletivo-gratuito-em-dias-de-eleicao\\\/#primaryimage\"},\"image\":{\"@id\":\"https:\\\/\\\/terradomandu.com.br\\\/index.php\\\/2026\\\/09\\\/03\\\/pouso-alegre-aprova-transporte-coletivo-gratuito-em-dias-de-eleicao\\\/#primaryimage\"},\"thumbnailUrl\":\"https:\\\/\\\/terradomandu.com.br\\\/wp-content\\\/uploads\\\/2026\\\/02\\\/Onibus-da-Expresso-Planalto-no-Centro-de-Pouso-Alegre.-Imagem-Nayara-Andery.jpeg\",\"datePublished\":\"2026-09-03T15:37:43+00:00\",\"dateModified\":\"2026-09-03T17:24:53+00:00\",\"description\":\"Medida vale para \u00f4nibus urbanos e rurais durante o hor\u00e1rio de vota\u00e7\u00e3o; em 2026, custo ser\u00e1 bancado integralmente pelo munic\u00edpio\",\"breadcrumb\":{\"@id\":\"https:\\\/\\\/terradomandu.com.br\\\/index.php\\\/2026\\\/09\\\/03\\\/pouso-alegre-aprova-transporte-coletivo-gratuito-em-dias-de-eleicao\\\/#breadcrumb\"},\"inLanguage\":\"pt-BR\",\"potentialAction\":[{\"@type\":\"ReadAction\",\"target\":[\"https:\\\/\\\/terradomandu.com.br\\\/index.php\\\/2026\\\/09\\\/03\\\/pouso-alegre-aprova-transporte-coletivo-gratuito-em-dias-de-eleicao\\\/\"]}]},{\"@type\":\"ImageObject\",\"inLanguage\":\"pt-BR\",\"@id\":\"https:\\\/\\\/terradomandu.com.br\\\/index.php\\\/2026\\\/09\\\/03\\\/pouso-alegre-aprova-transporte-coletivo-gratuito-em-dias-de-eleicao\\\/#primaryimage\",\"url\":\"https:\\\/\\\/terradomandu.com.br\\\/wp-content\\\/uploads\\\/2026\\\/02\\\/Onibus-da-Expresso-Planalto-no-Centro-de-Pouso-Alegre.-Imagem-Nayara-Andery.jpeg\",\"contentUrl\":\"https:\\\/\\\/terradomandu.com.br\\\/wp-content\\\/uploads\\\/2026\\\/02\\\/Onibus-da-Expresso-Planalto-no-Centro-de-Pouso-Alegre.-Imagem-Nayara-Andery.jpeg\",\"width\":940,\"height\":529,\"caption\":\"\u00d4nibus da Expresso Planalto no Centro de Pouso Alegre. Imagem Nayara Andery.\"},{\"@type\":\"BreadcrumbList\",\"@id\":\"https:\\\/\\\/terradomandu.com.br\\\/index.php\\\/2026\\\/09\\\/03\\\/pouso-alegre-aprova-transporte-coletivo-gratuito-em-dias-de-eleicao\\\/#breadcrumb\",\"itemListElement\":[{\"@type\":\"ListItem\",\"position\":1,\"name\":\"In\u00edcio\",\"item\":\"https:\\\/\\\/terradomandu.com.br\\\/\"},{\"@type\":\"ListItem\",\"position\":2,\"name\":\"Pouso Alegre aprova transporte coletivo gratuito em dias de elei\u00e7\u00e3o\"}]},{\"@type\":\"WebSite\",\"@id\":\"https:\\\/\\\/terradomandu.com.br\\\/#website\",\"url\":\"https:\\\/\\\/terradomandu.com.br\\\/\",\"name\":\"Terra do Mandu - Not\u00edcias de Pouso Alegre e regi\u00e3o\",\"description\":\"Not\u00edcias de Pouso Alegre e regi\u00e3o. Terra do Mandu \u00e9 jornalismo s\u00e9rio e conte\u00fado pr\u00f3prio.\",\"publisher\":{\"@id\":\"https:\\\/\\\/terradomandu.com.br\\\/#organization\"},\"potentialAction\":[{\"@type\":\"SearchAction\",\"target\":{\"@type\":\"EntryPoint\",\"urlTemplate\":\"https:\\\/\\\/terradomandu.com.br\\\/?s={search_term_string}\"},\"query-input\":{\"@type\":\"PropertyValueSpecification\",\"valueRequired\":true,\"valueName\":\"search_term_string\"}}],\"inLanguage\":\"pt-BR\"},{\"@type\":\"Organization\",\"@id\":\"https:\\\/\\\/terradomandu.com.br\\\/#organization\",\"name\":\"TERRA DO MANDU - NOT\u00cdCIAS DE POUSO ALEGRE E SUL DE MINAS\",\"url\":\"https:\\\/\\\/terradomandu.com.br\\\/\",\"logo\":{\"@type\":\"ImageObject\",\"inLanguage\":\"pt-BR\",\"@id\":\"https:\\\/\\\/terradomandu.com.br\\\/#\\\/schema\\\/logo\\\/image\\\/\",\"url\":\"https:\\\/\\\/terradomandu.com.br\\\/wp-content\\\/uploads\\\/2020\\\/10\\\/logo_azul-1.png\",\"contentUrl\":\"https:\\\/\\\/terradomandu.com.br\\\/wp-content\\\/uploads\\\/2020\\\/10\\\/logo_azul-1.png\",\"width\":1080,\"height\":1080,\"caption\":\"TERRA DO MANDU - NOT\u00cdCIAS DE POUSO ALEGRE E SUL DE MINAS\"},\"image\":{\"@id\":\"https:\\\/\\\/terradomandu.com.br\\\/#\\\/schema\\\/logo\\\/image\\\/\"},\"sameAs\":[\"https:\\\/\\\/www.facebook.com\\\/terradomandu\\\/\",\"https:\\\/\\\/x.com\\\/terradomandu\",\"https:\\\/\\\/www.instagram.com\\\/terradomandu\",\"https:\\\/\\\/www.youtube.com\\\/terradomandu\"]},{\"@type\":\"Person\",\"@id\":\"https:\\\/\\\/terradomandu.com.br\\\/#\\\/schema\\\/person\\\/85e4925923043514fb783fc0d9b0643f\",\"name\":\"Iago Almeida\",\"image\":{\"@type\":\"ImageObject\",\"inLanguage\":\"pt-BR\",\"@id\":\"https:\\\/\\\/secure.gravatar.com\\\/avatar\\\/1c0d735e1391113652fee430a32ef5febd55afc9d31a33f95e354727dbdbedd9?s=96&d=mm&r=g\",\"url\":\"https:\\\/\\\/secure.gravatar.com\\\/avatar\\\/1c0d735e1391113652fee430a32ef5febd55afc9d31a33f95e354727dbdbedd9?s=96&d=mm&r=g\",\"contentUrl\":\"https:\\\/\\\/secure.gravatar.com\\\/avatar\\\/1c0d735e1391113652fee430a32ef5febd55afc9d31a33f95e354727dbdbedd9?s=96&d=mm&r=g\",\"caption\":\"Iago Almeida\"},\"sameAs\":[\"https:\\\/\\\/terradomandu.com.br\"],\"url\":\"https:\\\/\\\/terradomandu.com.br\\\/index.php\\\/author\\\/iago\\\/\"}]}<\/script>\n<!-- \/ Yoast SEO plugin. -->","yoast_head_json":{"title":"Pouso Alegre aprova transporte coletivo gratuito em dias de elei\u00e7\u00e3o","description":"Medida vale para \u00f4nibus urbanos e rurais durante o hor\u00e1rio de vota\u00e7\u00e3o; em 2026, custo ser\u00e1 bancado integralmente pelo munic\u00edpio","robots":{"index":"index","follow":"follow","max-snippet":"max-snippet:-1","max-image-preview":"max-image-preview:large","max-video-preview":"max-video-preview:-1"},"canonical":"https:\/\/terradomandu.com.br\/index.php\/2026\/09\/03\/pouso-alegre-aprova-transporte-coletivo-gratuito-em-dias-de-eleicao\/","og_locale":"pt_BR","og_type":"article","og_title":"Pouso Alegre aprova transporte coletivo gratuito em dias de elei\u00e7\u00e3o","og_description":"Medida vale para \u00f4nibus urbanos e rurais durante o hor\u00e1rio de vota\u00e7\u00e3o; em 2026, custo ser\u00e1 bancado integralmente pelo munic\u00edpio","og_url":"https:\/\/terradomandu.com.br\/index.php\/2026\/09\/03\/pouso-alegre-aprova-transporte-coletivo-gratuito-em-dias-de-eleicao\/","og_site_name":"Terra do Mandu - Not\u00edcias de Pouso Alegre e regi\u00e3o","article_publisher":"https:\/\/www.facebook.com\/terradomandu\/","article_published_time":"2026-09-03T15:37:43+00:00","article_modified_time":"2026-09-03T17:24:53+00:00","og_image":[{"width":940,"height":529,"url":"http:\/\/terradomandu.com.br\/wp-content\/uploads\/2026\/02\/Onibus-da-Expresso-Planalto-no-Centro-de-Pouso-Alegre.-Imagem-Nayara-Andery.jpeg","type":"image\/jpeg"}],"author":"Iago Almeida","twitter_card":"summary_large_image","twitter_creator":"@terradomandu","twitter_site":"@terradomandu","twitter_misc":{"Escrito por":"Iago Almeida","Est. tempo de leitura":"5 minutos"},"schema":{"@context":"https:\/\/schema.org","@graph":[{"@type":"Article","@id":"https:\/\/terradomandu.com.br\/index.php\/2026\/09\/03\/pouso-alegre-aprova-transporte-coletivo-gratuito-em-dias-de-eleicao\/#article","isPartOf":{"@id":"https:\/\/terradomandu.com.br\/index.php\/2026\/09\/03\/pouso-alegre-aprova-transporte-coletivo-gratuito-em-dias-de-eleicao\/"},"author":{"name":"Iago Almeida","@id":"https:\/\/terradomandu.com.br\/#\/schema\/person\/85e4925923043514fb783fc0d9b0643f"},"headline":"Pouso Alegre aprova transporte coletivo gratuito em dias de elei\u00e7\u00e3o","datePublished":"2026-09-03T15:37:43+00:00","dateModified":"2026-09-03T17:24:53+00:00","mainEntityOfPage":{"@id":"https:\/\/terradomandu.com.br\/index.php\/2026\/09\/03\/pouso-alegre-aprova-transporte-coletivo-gratuito-em-dias-de-eleicao\/"},"wordCount":747,"commentCount":0,"publisher":{"@id":"https:\/\/terradomandu.com.br\/#organization"},"image":{"@id":"https:\/\/terradomandu.com.br\/index.php\/2026\/09\/03\/pouso-alegre-aprova-transporte-coletivo-gratuito-em-dias-de-eleicao\/#primaryimage"},"thumbnailUrl":"https:\/\/terradomandu.com.br\/wp-content\/uploads\/2026\/02\/Onibus-da-Expresso-Planalto-no-Centro-de-Pouso-Alegre.-Imagem-Nayara-Andery.jpeg","keywords":["Aprovado pelos vereadores"],"articleSection":["Not\u00edcia","Pol\u00edtica","Pouso Alegre"],"inLanguage":"pt-BR","potentialAction":[{"@type":"CommentAction","name":"Comment","target":["https:\/\/terradomandu.com.br\/index.php\/2026\/09\/03\/pouso-alegre-aprova-transporte-coletivo-gratuito-em-dias-de-eleicao\/#respond"]}]},{"@type":"WebPage","@id":"https:\/\/terradomandu.com.br\/index.php\/2026\/09\/03\/pouso-alegre-aprova-transporte-coletivo-gratuito-em-dias-de-eleicao\/","url":"https:\/\/terradomandu.com.br\/index.php\/2026\/09\/03\/pouso-alegre-aprova-transporte-coletivo-gratuito-em-dias-de-eleicao\/","name":"Pouso Alegre aprova transporte coletivo gratuito em dias de elei\u00e7\u00e3o","isPartOf":{"@id":"https:\/\/terradomandu.com.br\/#website"},"primaryImageOfPage":{"@id":"https:\/\/terradomandu.com.br\/index.php\/2026\/09\/03\/pouso-alegre-aprova-transporte-coletivo-gratuito-em-dias-de-eleicao\/#primaryimage"},"image":{"@id":"https:\/\/terradomandu.com.br\/index.php\/2026\/09\/03\/pouso-alegre-aprova-transporte-coletivo-gratuito-em-dias-de-eleicao\/#primaryimage"},"thumbnailUrl":"https:\/\/terradomandu.com.br\/wp-content\/uploads\/2026\/02\/Onibus-da-Expresso-Planalto-no-Centro-de-Pouso-Alegre.-Imagem-Nayara-Andery.jpeg","datePublished":"2026-09-03T15:37:43+00:00","dateModified":"2026-09-03T17:24:53+00:00","description":"Medida vale para \u00f4nibus urbanos e rurais durante o hor\u00e1rio de vota\u00e7\u00e3o; em 2026, custo ser\u00e1 bancado integralmente pelo munic\u00edpio","breadcrumb":{"@id":"https:\/\/terradomandu.com.br\/index.php\/2026\/09\/03\/pouso-alegre-aprova-transporte-coletivo-gratuito-em-dias-de-eleicao\/#breadcrumb"},"inLanguage":"pt-BR","potentialAction":[{"@type":"ReadAction","target":["https:\/\/terradomandu.com.br\/index.php\/2026\/09\/03\/pouso-alegre-aprova-transporte-coletivo-gratuito-em-dias-de-eleicao\/"]}]},{"@type":"ImageObject","inLanguage":"pt-BR","@id":"https:\/\/terradomandu.com.br\/index.php\/2026\/09\/03\/pouso-alegre-aprova-transporte-coletivo-gratuito-em-dias-de-eleicao\/#primaryimage","url":"https:\/\/terradomandu.com.br\/wp-content\/uploads\/2026\/02\/Onibus-da-Expresso-Planalto-no-Centro-de-Pouso-Alegre.-Imagem-Nayara-Andery.jpeg","contentUrl":"https:\/\/terradomandu.com.br\/wp-content\/uploads\/2026\/02\/Onibus-da-Expresso-Planalto-no-Centro-de-Pouso-Alegre.-Imagem-Nayara-Andery.jpeg","width":940,"height":529,"caption":"\u00d4nibus da Expresso Planalto no Centro de Pouso Alegre. Imagem Nayara Andery."},{"@type":"BreadcrumbList","@id":"https:\/\/terradomandu.com.br\/index.php\/2026\/09\/03\/pouso-alegre-aprova-transporte-coletivo-gratuito-em-dias-de-eleicao\/#breadcrumb","itemListElement":[{"@type":"ListItem","position":1,"name":"In\u00edcio","item":"https:\/\/terradomandu.com.br\/"},{"@type":"ListItem","position":2,"name":"Pouso Alegre aprova transporte coletivo gratuito em dias de elei\u00e7\u00e3o"}]},{"@type":"WebSite","@id":"https:\/\/terradomandu.com.br\/#website","url":"https:\/\/terradomandu.com.br\/","name":"Terra do Mandu - Not\u00edcias de Pouso Alegre e regi\u00e3o","description":"Not\u00edcias de Pouso Alegre e regi\u00e3o. Terra do Mandu \u00e9 jornalismo s\u00e9rio e conte\u00fado pr\u00f3prio.","publisher":{"@id":"https:\/\/terradomandu.com.br\/#organization"},"potentialAction":[{"@type":"SearchAction","target":{"@type":"EntryPoint","urlTemplate":"https:\/\/terradomandu.com.br\/?s={search_term_string}"},"query-input":{"@type":"PropertyValueSpecification","valueRequired":true,"valueName":"search_term_string"}}],"inLanguage":"pt-BR"},{"@type":"Organization","@id":"https:\/\/terradomandu.com.br\/#organization","name":"TERRA DO MANDU - NOT\u00cdCIAS DE POUSO ALEGRE E SUL DE MINAS","url":"https:\/\/terradomandu.com.br\/","logo":{"@type":"ImageObject","inLanguage":"pt-BR","@id":"https:\/\/terradomandu.com.br\/#\/schema\/logo\/image\/","url":"https:\/\/terradomandu.com.br\/wp-content\/uploads\/2020\/10\/logo_azul-1.png","contentUrl":"https:\/\/terradomandu.com.br\/wp-content\/uploads\/2020\/10\/logo_azul-1.png","width":1080,"height":1080,"caption":"TERRA DO MANDU - NOT\u00cdCIAS DE POUSO ALEGRE E SUL DE MINAS"},"image":{"@id":"https:\/\/terradomandu.com.br\/#\/schema\/logo\/image\/"},"sameAs":["https:\/\/www.facebook.com\/terradomandu\/","https:\/\/x.com\/terradomandu","https:\/\/www.instagram.com\/terradomandu","https:\/\/www.youtube.com\/terradomandu"]},{"@type":"Person","@id":"https:\/\/terradomandu.com.br\/#\/schema\/person\/85e4925923043514fb783fc0d9b0643f","name":"Iago Almeida","image":{"@type":"ImageObject","inLanguage":"pt-BR","@id":"https:\/\/secure.gravatar.com\/avatar\/1c0d735e1391113652fee430a32ef5febd55afc9d31a33f95e354727dbdbedd9?s=96&d=mm&r=g","url":"https:\/\/secure.gravatar.com\/avatar\/1c0d735e1391113652fee430a32ef5febd55afc9d31a33f95e354727dbdbedd9?s=96&d=mm&r=g","contentUrl":"https:\/\/secure.gravatar.com\/avatar\/1c0d735e1391113652fee430a32ef5febd55afc9d31a33f95e354727dbdbedd9?s=96&d=mm&r=g","caption":"Iago Almeida"},"sameAs":["https:\/\/terradomandu.com.br"],"url":"https:\/\/terradomandu.com.br\/index.php\/author\/iago\/"}]}},"jetpack_featured_media_url":"https:\/\/terradomandu.com.br\/wp-content\/uploads\/2026\/02\/Onibus-da-Expresso-Planalto-no-Centro-de-Pouso-Alegre.-Imagem-Nayara-Andery.jpeg","jetpack_sharing_enabled":true,"_links":{"self":[{"href":"https:\/\/terradomandu.com.br\/index.php\/wp-json\/wp\/v2\/posts\/124391","targetHints":{"allow":["GET"]}}],"collection":[{"href":"https:\/\/terradomandu.com.br\/index.php\/wp-json\/wp\/v2\/posts"}],"about":[{"href":"https:\/\/terradomandu.com.br\/index.php\/wp-json\/wp\/v2\/types\/post"}],"author":[{"embeddable":true,"href":"https:\/\/terradomandu.com.br\/index.php\/wp-json\/wp\/v2\/users\/17"}],"replies":[{"embeddable":true,"href":"https:\/\/terradomandu.com.br\/index.php\/wp-json\/wp\/v2\/comments?post=124391"}],"version-history":[{"count":2,"href":"https:\/\/terradomandu.com.br\/index.php\/wp-json\/wp\/v2\/posts\/124391\/revisions"}],"predecessor-version":[{"id":124399,"href":"https:\/\/terradomandu.com.br\/index.php\/wp-json\/wp\/v2\/posts\/124391\/revisions\/124399"}],"wp:featuredmedia":[{"embeddable":true,"href":"https:\/\/terradomandu.com.br\/index.php\/wp-json\/wp\/v2\/media\/108981"}],"wp:attachment":[{"href":"https:\/\/terradomandu.com.br\/index.php\/wp-json\/wp\/v2\/media?parent=124391"}],"wp:term":[{"taxonomy":"category","embeddable":true,"href":"https:\/\/terradomandu.com.br\/index.php\/wp-json\/wp\/v2\/categories?post=124391"},{"taxonomy":"post_tag","embeddable":true,"href":"https:\/\/terradomandu.com.br\/index.php\/wp-json\/wp\/v2\/tags?post=124391"}],"curies":[{"name":"wp","href":"https:\/\/api.w.org\/{rel}","templated":true}]}}