


{"id":124389,"date":"2026-09-03T12:17:52","date_gmt":"2026-09-03T15:17:52","guid":{"rendered":"https:\/\/terradomandu.com.br\/?p=124389"},"modified":"2026-09-03T12:20:33","modified_gmt":"2026-09-03T15:20:33","slug":"prefeitura-cancela-expo-bela-vista-e-desfile-de-cavaleiros-apos-estragos-das-chuvas","status":"publish","type":"post","link":"https:\/\/terradomandu.com.br\/index.php\/2026\/09\/03\/prefeitura-cancela-expo-bela-vista-e-desfile-de-cavaleiros-apos-estragos-das-chuvas\/","title":{"rendered":"Prefeitura cancela Expo Bela Vista e Desfile de Cavaleiros ap\u00f3s estragos das chuvas"},"content":{"rendered":"<div id=\"attachment_124396\" style=\"width: 830px\" class=\"wp-caption aligncenter\"><img loading=\"lazy\" decoding=\"async\" aria-describedby=\"caption-attachment-124396\" class=\"wp-image-124396 size-full\" src=\"http:\/\/terradomandu.com.br\/wp-content\/uploads\/2026\/09\/2b83c7ea-592e-4b65-820c-0615a1803274.jpg\" alt=\"Prefeitura cancela Expo Bela Vista e Desfile de Cavaleiros ap\u00f3s estragos das chuvas\" width=\"820\" height=\"461\" srcset=\"https:\/\/terradomandu.com.br\/wp-content\/uploads\/2026\/09\/2b83c7ea-592e-4b65-820c-0615a1803274.jpg 820w, https:\/\/terradomandu.com.br\/wp-content\/uploads\/2026\/09\/2b83c7ea-592e-4b65-820c-0615a1803274-300x169.jpg 300w, https:\/\/terradomandu.com.br\/wp-content\/uploads\/2026\/09\/2b83c7ea-592e-4b65-820c-0615a1803274-768x432.jpg 768w\" sizes=\"auto, (max-width: 820px) 100vw, 820px\" \/><p id=\"caption-attachment-124396\" class=\"wp-caption-text\">Foto: Prefeitura de SSBV<\/p><\/div>\n<p>A Prefeitura de S\u00e3o Sebasti\u00e3o da Bela Vista, no Sul de Minas, atualizou nesta quinta-feira (3\/9) o balan\u00e7o das a\u00e7\u00f5es realizadas ap\u00f3s a <span style=\"color: #0000ff;\"><a style=\"color: #0000ff;\" href=\"https:\/\/terradomandu.com.br\/index.php\/2026\/09\/01\/mais-de-20-familias-ficam-desalojadas-apos-tempestade-atingir-s-s-da-bela-vista\/\" target=\"_blank\" rel=\"noopener\">forte chuva e os ventos que atingiram o munic\u00edpio<\/a><\/span> noite de segunda-feira (31\/8). Onze fam\u00edlias que tinham ficado desalojadas j\u00e1 retornaram para suas casas.<\/p>\n<p>Al\u00e9m disso, a administra\u00e7\u00e3o municipal anunciou tamb\u00e9m o cancelamento de dois eventos que aconteceriam no munic\u00edpio neste fim de semana: a Expo Bela Vista e o Desfile de Cavaleiros. Novas datas ser\u00e3o marcadas.<\/p>\n<p>O Barretinho (Festa do Pe\u00e3o de S\u00e3o Sebasti\u00e3o da Bela Vista\/MG) est\u00e1 mantido para os dias 17, 18 e 19 de setembro. Veja detalhes abaixo!<\/p>\n<h2>Ainda h\u00e1 fam\u00edlias desalojadas<\/h2>\n<p>Das 20 fam\u00edlias que ficaram desalojadas ap\u00f3s as fortes chuvas do in\u00edcio da semana, 11 j\u00e1 retornaram para suas resid\u00eancias, enquanto nove permanecem desalojados, temporariamente em casas de parentes. A Prefeitura informou que segue acompanhando as fam\u00edlias e oferecendo o suporte necess\u00e1rio.<\/p>\n<p>Entre as tr\u00eas resid\u00eancias totalmente destru\u00eddas, duas j\u00e1 foram recuperadas e as fam\u00edlias t\u00eam previs\u00e3o de retornar para suas casas nesta sexta-feira. A terceira resid\u00eancia segue recebendo manuten\u00e7\u00e3o.<\/p>\n<p>Como parte das a\u00e7\u00f5es de assist\u00eancia, a Prefeitura realizou a entrega de materiais de constru\u00e7\u00e3o e telhas para 33 moradores atingidos pela tempestade. Segundo a Prefeitura, os trabalhos continuam em todas as \u00e1reas atingidas.<\/p>\n<p><em>&#8220;As equipes municipais continuam mobilizadas em diferentes pontos da cidade, atuando na limpeza das \u00e1reas atingidas, manuten\u00e7\u00e3o e recupera\u00e7\u00e3o de estradas, atendimento \u00e0s ocorr\u00eancias e assist\u00eancia \u00e0s fam\u00edlias afetadas&#8221;<\/em>, disse o prefeito Augusto Hart.<\/p>\n<div id=\"attachment_124395\" style=\"width: 830px\" class=\"wp-caption aligncenter\"><img loading=\"lazy\" decoding=\"async\" aria-describedby=\"caption-attachment-124395\" class=\"wp-image-124395 size-full\" src=\"http:\/\/terradomandu.com.br\/wp-content\/uploads\/2026\/09\/34fe2adf-0620-4f22-8260-61c99e9875b3.jpg\" alt=\"Prefeitura cancela Expo Bela Vista e Desfile de Cavaleiros ap\u00f3s estragos das chuvas\" width=\"820\" height=\"461\" srcset=\"https:\/\/terradomandu.com.br\/wp-content\/uploads\/2026\/09\/34fe2adf-0620-4f22-8260-61c99e9875b3.jpg 820w, https:\/\/terradomandu.com.br\/wp-content\/uploads\/2026\/09\/34fe2adf-0620-4f22-8260-61c99e9875b3-300x169.jpg 300w, https:\/\/terradomandu.com.br\/wp-content\/uploads\/2026\/09\/34fe2adf-0620-4f22-8260-61c99e9875b3-768x432.jpg 768w\" sizes=\"auto, (max-width: 820px) 100vw, 820px\" \/><p id=\"caption-attachment-124395\" class=\"wp-caption-text\">Foto: Prefeitura de SSBV<\/p><\/div>\n<h2>Expo Bela Vista \u00e9 cancelada<\/h2>\n<p>A Prefeitura tamb\u00e9m informou que, diante da situa\u00e7\u00e3o provocada pelas fortes chuvas, est\u00e1 cancelada a 2\u00aa edi\u00e7\u00e3o da Expo Bela Vista e o Desfile de Cavaleiros, que seriam realizados nos dias 10, 11, 12 e 13 de setembro.<\/p>\n<p>As chuvas atingiram o Parque de Exposi\u00e7\u00f5es e causaram graves danos \u00e0s estruturas, que j\u00e1 estavam praticamente prontas. Diante dos preju\u00edzos e do curto prazo para recupera\u00e7\u00e3o, a Prefeitura informou que n\u00e3o ser\u00e1 poss\u00edvel realizar o evento com seguran\u00e7a e em tempo h\u00e1bil.<\/p>\n<p>O Executivo anunciou que a Expo Bela Vista ser\u00e1 realizada em mar\u00e7o de 2027, em uma programa\u00e7\u00e3o especial em comemora\u00e7\u00e3o aos 64 anos de S\u00e3o Sebasti\u00e3o da Bela Vista.<\/p>\n<p>A decis\u00e3o, segundo o prefeito Augusto Hart, permite que o munic\u00edpio concentre seus esfor\u00e7os neste momento na recupera\u00e7\u00e3o das \u00e1reas atingidas e no atendimento \u00e0s fam\u00edlias afetadas.<\/p>\n<p>Os shows de Z\u00e9 Ricardo &amp; Thiago e Felipe Ara\u00fajo ser\u00e3o reagendados, com novas datas divulgadas em breve. <em>&#8220;A Prefeitura agradece a todos os expositores, patrocinadores e parceiros que acreditaram e se dedicaram \u00e0 realiza\u00e7\u00e3o desta edi\u00e7\u00e3o&#8221;<\/em>, citou o Executivo, na nota.<\/p>\n<p><img loading=\"lazy\" decoding=\"async\" class=\"aligncenter wp-image-124394 \" src=\"http:\/\/terradomandu.com.br\/wp-content\/uploads\/2026\/09\/a508ad0e-0a3b-4fc9-aba5-f9f0c364455a.jpg\" alt=\"Prefeitura cancela Expo Bela Vista e Desfile de Cavaleiros ap\u00f3s estragos das chuvas\" width=\"537\" height=\"859\" srcset=\"https:\/\/terradomandu.com.br\/wp-content\/uploads\/2026\/09\/a508ad0e-0a3b-4fc9-aba5-f9f0c364455a.jpg 800w, https:\/\/terradomandu.com.br\/wp-content\/uploads\/2026\/09\/a508ad0e-0a3b-4fc9-aba5-f9f0c364455a-188x300.jpg 188w, https:\/\/terradomandu.com.br\/wp-content\/uploads\/2026\/09\/a508ad0e-0a3b-4fc9-aba5-f9f0c364455a-640x1024.jpg 640w, https:\/\/terradomandu.com.br\/wp-content\/uploads\/2026\/09\/a508ad0e-0a3b-4fc9-aba5-f9f0c364455a-768x1229.jpg 768w\" sizes=\"auto, (max-width: 537px) 100vw, 537px\" \/><\/p>\n<h2>Barretinho \u00e9 mantido em setembro<\/h2>\n<p>Ainda na nota encaminhada para imprensa, a Prefeitura informou ainda que a programa\u00e7\u00e3o do Barretinho 2026 est\u00e1 mantida normalmente, conforme programa\u00e7\u00e3o j\u00e1 anunciada. O evento ser\u00e1 realizado nos dias 17, 18 e 19 de setembro. Veja programa\u00e7\u00e3o:<\/p>\n<ul>\n<li><strong>Quinta-feira (17 de setembro)<\/strong>\n<ul>\n<li>Z\u00e9 Neto &amp; Cristiano<\/li>\n<\/ul>\n<\/li>\n<li><strong>Sexta-feira (18 de setembro)<\/strong>\n<ul>\n<li>Matheus &amp; Kauan<\/li>\n<\/ul>\n<\/li>\n<li><strong>S\u00e1bado (19 de setembro)<\/strong>\n<ul>\n<li>Guilherme &amp; Santiago<\/li>\n<li>Kelvin Ara\u00fajo<\/li>\n<li>Open Farra<\/li>\n<\/ul>\n<\/li>\n<\/ul>\n<p>Os ingressos para o Barretinho seguem sendo comercializados em <span style=\"color: #0000ff;\"><a style=\"color: #0000ff;\" href=\"https:\/\/ingresso.nticket.com.br\/portal\/evento\/5ce4b5ce57c91dc25c0cdbae7dcb1560?utm_source=ig&amp;utm_medium=social&amp;utm_content=link_in_bio&amp;fbclid=PAcGRvZgJleHRuA2FlbQIxMQBzcnRjBmFwcF9pZA85MzY2MTk3NDMzOTI0NTkAAael-96ij9gYmz6mQKAL8DLhARDvhwvBRZpWa5B33mYYY6jBafG1R_nLGCtpBQ_aem_L61lhv5yWQfbKMHmxsGtsw\" target=\"_blank\" rel=\"noopener\">ingresso.nticket.com.br<\/a><\/span><\/p>\n<p><em>&#8220;A Prefeitura refor\u00e7a que o trabalho de recupera\u00e7\u00e3o continua em ritmo intenso e que as equipes permanecem em campo para recuperar os pontos atingidos e garantir assist\u00eancia \u00e0 popula\u00e7\u00e3o. Neste momento, a prioridade \u00e9 cuidar das pessoas, recuperar a cidade e estar ao lado de cada fam\u00edlia atingida&#8221;<\/em>, disse a Prefeitura, em nota.<\/p>\n<p><iframe loading=\"lazy\" title=\"Tempestade destelha casas, derruba \u00e1rvores e muros e deixa fam\u00edlias desalojadas em S.S.B.V\" width=\"500\" height=\"281\" src=\"https:\/\/www.youtube.com\/embed\/7QxvL2rdt8o?feature=oembed\" frameborder=\"0\" allow=\"accelerometer; autoplay; clipboard-write; encrypted-media; gyroscope; picture-in-picture; web-share\" referrerpolicy=\"strict-origin-when-cross-origin\" allowfullscreen><\/iframe><\/p>\n<div class=\"fb-background-color\">\n\t\t\t  <div \n\t\t\t  \tclass = \"fb-comments\" \n\t\t\t  \tdata-href = \"https:\/\/terradomandu.com.br\/index.php\/2026\/09\/03\/prefeitura-cancela-expo-bela-vista-e-desfile-de-cavaleiros-apos-estragos-das-chuvas\/\"\n\t\t\t  \tdata-numposts = \"10\"\n\t\t\t  \tdata-lazy = \"true\"\n\t\t\t\tdata-colorscheme = \"light\"\n\t\t\t\tdata-order-by = \"social\"\n\t\t\t\tdata-mobile=true>\n\t\t\t  <\/div><\/div>\n\t\t  <style>\n\t\t    .fb-background-color {\n\t\t\t\tbackground: #ffffff !important;\n\t\t\t}\n\t\t\t.fb_iframe_widget_fluid_desktop iframe {\n\t\t\t    width: 100% !important;\n\t\t\t}\n\t\t  <\/style>\n\t\t  ","protected":false},"excerpt":{"rendered":"<p>A Prefeitura de S\u00e3o Sebasti\u00e3o da Bela Vista, no Sul de Minas, atualizou nesta quinta-feira (3\/9) o balan\u00e7o das a\u00e7\u00f5es realizadas ap\u00f3s a forte chuva e os ventos que atingiram o munic\u00edpio noite de segunda-feira (31\/8). Onze fam\u00edlias que tinham ficado desalojadas j\u00e1 retornaram para suas casas. Al\u00e9m disso, a administra\u00e7\u00e3o municipal anunciou tamb\u00e9m o [&hellip;]<\/p>\n","protected":false},"author":17,"featured_media":124396,"comment_status":"open","ping_status":"closed","sticky":false,"template":"","format":"standard","meta":{"_acf_changed":false,"kia_subtitle":"Shows de Z\u00e9 Ricardo & Thiago e Felipe Ara\u00fajo ser\u00e3o reagendados, segundo a Prefeitura de S\u00e3o Sebasti\u00e3o da Bela Vista. Exposi\u00e7\u00e3o mudou para mar\u00e7o de 2027.","_jetpack_newsletter_access":"","_jetpack_dont_email_post_to_subs":false,"_jetpack_newsletter_tier_id":0,"_jetpack_memberships_contains_paywalled_content":false,"_jetpack_feature_clip_id":0,"_jetpack_memberships_contains_paid_content":false,"footnotes":"","jetpack_post_was_ever_published":false},"categories":[526],"tags":[9720],"class_list":["post-124389","post","type-post","status-publish","format-standard","has-post-thumbnail","hentry","category-destaque","tag-ainda-ha-desalojados"],"acf":[],"yoast_head":"<!-- This site is optimized with the Yoast SEO plugin v27.9 - https:\/\/yoast.com\/product\/yoast-seo-wordpress\/ -->\n<title>Prefeitura cancela Expo Bela Vista e Desfile de Cavaleiros ap\u00f3s estragos das chuvas<\/title>\n<meta name=\"description\" content=\"Shows de Z\u00e9 Ricardo &amp; Thiago e Felipe Ara\u00fajo ser\u00e3o reagendados, segundo a Prefeitura de S\u00e3o Sebasti\u00e3o da Bela Vista. Exposi\u00e7\u00e3o mudou para mar\u00e7o de 2027.\" \/>\n<meta name=\"robots\" content=\"index, follow, max-snippet:-1, max-image-preview:large, max-video-preview:-1\" \/>\n<link rel=\"canonical\" href=\"https:\/\/terradomandu.com.br\/index.php\/2026\/09\/03\/prefeitura-cancela-expo-bela-vista-e-desfile-de-cavaleiros-apos-estragos-das-chuvas\/\" \/>\n<meta property=\"og:locale\" content=\"pt_BR\" \/>\n<meta property=\"og:type\" content=\"article\" \/>\n<meta property=\"og:title\" content=\"Prefeitura cancela Expo Bela Vista e Desfile de Cavaleiros ap\u00f3s estragos das chuvas\" \/>\n<meta property=\"og:description\" content=\"Shows de Z\u00e9 Ricardo &amp; Thiago e Felipe Ara\u00fajo ser\u00e3o reagendados, segundo a Prefeitura de S\u00e3o Sebasti\u00e3o da Bela Vista. Exposi\u00e7\u00e3o mudou para mar\u00e7o de 2027.\" \/>\n<meta property=\"og:url\" content=\"https:\/\/terradomandu.com.br\/index.php\/2026\/09\/03\/prefeitura-cancela-expo-bela-vista-e-desfile-de-cavaleiros-apos-estragos-das-chuvas\/\" \/>\n<meta property=\"og:site_name\" content=\"Terra do Mandu - Not\u00edcias de Pouso Alegre e regi\u00e3o\" \/>\n<meta property=\"article:publisher\" content=\"https:\/\/www.facebook.com\/terradomandu\/\" \/>\n<meta property=\"article:published_time\" content=\"2026-09-03T15:17:52+00:00\" \/>\n<meta property=\"article:modified_time\" content=\"2026-09-03T15:20:33+00:00\" \/>\n<meta property=\"og:image\" content=\"http:\/\/terradomandu.com.br\/wp-content\/uploads\/2026\/09\/2b83c7ea-592e-4b65-820c-0615a1803274.jpg\" \/>\n\t<meta property=\"og:image:width\" content=\"820\" \/>\n\t<meta property=\"og:image:height\" content=\"461\" \/>\n\t<meta property=\"og:image:type\" content=\"image\/jpeg\" \/>\n<meta name=\"author\" content=\"Iago Almeida\" \/>\n<meta name=\"twitter:card\" content=\"summary_large_image\" \/>\n<meta name=\"twitter:creator\" content=\"@terradomandu\" \/>\n<meta name=\"twitter:site\" content=\"@terradomandu\" \/>\n<meta name=\"twitter:label1\" content=\"Escrito por\" \/>\n\t<meta name=\"twitter:data1\" content=\"Iago Almeida\" \/>\n\t<meta name=\"twitter:label2\" content=\"Est. tempo de leitura\" \/>\n\t<meta name=\"twitter:data2\" content=\"4 minutos\" \/>\n<script type=\"application\/ld+json\" class=\"yoast-schema-graph\">{\"@context\":\"https:\\\/\\\/schema.org\",\"@graph\":[{\"@type\":\"Article\",\"@id\":\"https:\\\/\\\/terradomandu.com.br\\\/index.php\\\/2026\\\/09\\\/03\\\/prefeitura-cancela-expo-bela-vista-e-desfile-de-cavaleiros-apos-estragos-das-chuvas\\\/#article\",\"isPartOf\":{\"@id\":\"https:\\\/\\\/terradomandu.com.br\\\/index.php\\\/2026\\\/09\\\/03\\\/prefeitura-cancela-expo-bela-vista-e-desfile-de-cavaleiros-apos-estragos-das-chuvas\\\/\"},\"author\":{\"name\":\"Iago Almeida\",\"@id\":\"https:\\\/\\\/terradomandu.com.br\\\/#\\\/schema\\\/person\\\/85e4925923043514fb783fc0d9b0643f\"},\"headline\":\"Prefeitura cancela Expo Bela Vista e Desfile de Cavaleiros ap\u00f3s estragos das chuvas\",\"datePublished\":\"2026-09-03T15:17:52+00:00\",\"dateModified\":\"2026-09-03T15:20:33+00:00\",\"mainEntityOfPage\":{\"@id\":\"https:\\\/\\\/terradomandu.com.br\\\/index.php\\\/2026\\\/09\\\/03\\\/prefeitura-cancela-expo-bela-vista-e-desfile-de-cavaleiros-apos-estragos-das-chuvas\\\/\"},\"wordCount\":656,\"commentCount\":0,\"publisher\":{\"@id\":\"https:\\\/\\\/terradomandu.com.br\\\/#organization\"},\"image\":{\"@id\":\"https:\\\/\\\/terradomandu.com.br\\\/index.php\\\/2026\\\/09\\\/03\\\/prefeitura-cancela-expo-bela-vista-e-desfile-de-cavaleiros-apos-estragos-das-chuvas\\\/#primaryimage\"},\"thumbnailUrl\":\"https:\\\/\\\/terradomandu.com.br\\\/wp-content\\\/uploads\\\/2026\\\/09\\\/2b83c7ea-592e-4b65-820c-0615a1803274.jpg\",\"keywords\":[\"Ainda h\u00e1 desalojados\"],\"articleSection\":[\"DESTAQUE\"],\"inLanguage\":\"pt-BR\",\"potentialAction\":[{\"@type\":\"CommentAction\",\"name\":\"Comment\",\"target\":[\"https:\\\/\\\/terradomandu.com.br\\\/index.php\\\/2026\\\/09\\\/03\\\/prefeitura-cancela-expo-bela-vista-e-desfile-de-cavaleiros-apos-estragos-das-chuvas\\\/#respond\"]}]},{\"@type\":\"WebPage\",\"@id\":\"https:\\\/\\\/terradomandu.com.br\\\/index.php\\\/2026\\\/09\\\/03\\\/prefeitura-cancela-expo-bela-vista-e-desfile-de-cavaleiros-apos-estragos-das-chuvas\\\/\",\"url\":\"https:\\\/\\\/terradomandu.com.br\\\/index.php\\\/2026\\\/09\\\/03\\\/prefeitura-cancela-expo-bela-vista-e-desfile-de-cavaleiros-apos-estragos-das-chuvas\\\/\",\"name\":\"Prefeitura cancela Expo Bela Vista e Desfile de Cavaleiros ap\u00f3s estragos das chuvas\",\"isPartOf\":{\"@id\":\"https:\\\/\\\/terradomandu.com.br\\\/#website\"},\"primaryImageOfPage\":{\"@id\":\"https:\\\/\\\/terradomandu.com.br\\\/index.php\\\/2026\\\/09\\\/03\\\/prefeitura-cancela-expo-bela-vista-e-desfile-de-cavaleiros-apos-estragos-das-chuvas\\\/#primaryimage\"},\"image\":{\"@id\":\"https:\\\/\\\/terradomandu.com.br\\\/index.php\\\/2026\\\/09\\\/03\\\/prefeitura-cancela-expo-bela-vista-e-desfile-de-cavaleiros-apos-estragos-das-chuvas\\\/#primaryimage\"},\"thumbnailUrl\":\"https:\\\/\\\/terradomandu.com.br\\\/wp-content\\\/uploads\\\/2026\\\/09\\\/2b83c7ea-592e-4b65-820c-0615a1803274.jpg\",\"datePublished\":\"2026-09-03T15:17:52+00:00\",\"dateModified\":\"2026-09-03T15:20:33+00:00\",\"description\":\"Shows de Z\u00e9 Ricardo & Thiago e Felipe Ara\u00fajo ser\u00e3o reagendados, segundo a Prefeitura de S\u00e3o Sebasti\u00e3o da Bela Vista. Exposi\u00e7\u00e3o mudou para mar\u00e7o de 2027.\",\"breadcrumb\":{\"@id\":\"https:\\\/\\\/terradomandu.com.br\\\/index.php\\\/2026\\\/09\\\/03\\\/prefeitura-cancela-expo-bela-vista-e-desfile-de-cavaleiros-apos-estragos-das-chuvas\\\/#breadcrumb\"},\"inLanguage\":\"pt-BR\",\"potentialAction\":[{\"@type\":\"ReadAction\",\"target\":[\"https:\\\/\\\/terradomandu.com.br\\\/index.php\\\/2026\\\/09\\\/03\\\/prefeitura-cancela-expo-bela-vista-e-desfile-de-cavaleiros-apos-estragos-das-chuvas\\\/\"]}]},{\"@type\":\"ImageObject\",\"inLanguage\":\"pt-BR\",\"@id\":\"https:\\\/\\\/terradomandu.com.br\\\/index.php\\\/2026\\\/09\\\/03\\\/prefeitura-cancela-expo-bela-vista-e-desfile-de-cavaleiros-apos-estragos-das-chuvas\\\/#primaryimage\",\"url\":\"https:\\\/\\\/terradomandu.com.br\\\/wp-content\\\/uploads\\\/2026\\\/09\\\/2b83c7ea-592e-4b65-820c-0615a1803274.jpg\",\"contentUrl\":\"https:\\\/\\\/terradomandu.com.br\\\/wp-content\\\/uploads\\\/2026\\\/09\\\/2b83c7ea-592e-4b65-820c-0615a1803274.jpg\",\"width\":820,\"height\":461,\"caption\":\"Prefeitura cancela Expo Bela Vista e Desfile de Cavaleiros ap\u00f3s estragos das chuvas\"},{\"@type\":\"BreadcrumbList\",\"@id\":\"https:\\\/\\\/terradomandu.com.br\\\/index.php\\\/2026\\\/09\\\/03\\\/prefeitura-cancela-expo-bela-vista-e-desfile-de-cavaleiros-apos-estragos-das-chuvas\\\/#breadcrumb\",\"itemListElement\":[{\"@type\":\"ListItem\",\"position\":1,\"name\":\"In\u00edcio\",\"item\":\"https:\\\/\\\/terradomandu.com.br\\\/\"},{\"@type\":\"ListItem\",\"position\":2,\"name\":\"Prefeitura cancela Expo Bela Vista e Desfile de Cavaleiros ap\u00f3s estragos das chuvas\"}]},{\"@type\":\"WebSite\",\"@id\":\"https:\\\/\\\/terradomandu.com.br\\\/#website\",\"url\":\"https:\\\/\\\/terradomandu.com.br\\\/\",\"name\":\"Terra do Mandu - Not\u00edcias de Pouso Alegre e regi\u00e3o\",\"description\":\"Not\u00edcias de Pouso Alegre e regi\u00e3o. Terra do Mandu \u00e9 jornalismo s\u00e9rio e conte\u00fado pr\u00f3prio.\",\"publisher\":{\"@id\":\"https:\\\/\\\/terradomandu.com.br\\\/#organization\"},\"potentialAction\":[{\"@type\":\"SearchAction\",\"target\":{\"@type\":\"EntryPoint\",\"urlTemplate\":\"https:\\\/\\\/terradomandu.com.br\\\/?s={search_term_string}\"},\"query-input\":{\"@type\":\"PropertyValueSpecification\",\"valueRequired\":true,\"valueName\":\"search_term_string\"}}],\"inLanguage\":\"pt-BR\"},{\"@type\":\"Organization\",\"@id\":\"https:\\\/\\\/terradomandu.com.br\\\/#organization\",\"name\":\"TERRA DO MANDU - NOT\u00cdCIAS DE POUSO ALEGRE E SUL DE MINAS\",\"url\":\"https:\\\/\\\/terradomandu.com.br\\\/\",\"logo\":{\"@type\":\"ImageObject\",\"inLanguage\":\"pt-BR\",\"@id\":\"https:\\\/\\\/terradomandu.com.br\\\/#\\\/schema\\\/logo\\\/image\\\/\",\"url\":\"https:\\\/\\\/terradomandu.com.br\\\/wp-content\\\/uploads\\\/2020\\\/10\\\/logo_azul-1.png\",\"contentUrl\":\"https:\\\/\\\/terradomandu.com.br\\\/wp-content\\\/uploads\\\/2020\\\/10\\\/logo_azul-1.png\",\"width\":1080,\"height\":1080,\"caption\":\"TERRA DO MANDU - NOT\u00cdCIAS DE POUSO ALEGRE E SUL DE MINAS\"},\"image\":{\"@id\":\"https:\\\/\\\/terradomandu.com.br\\\/#\\\/schema\\\/logo\\\/image\\\/\"},\"sameAs\":[\"https:\\\/\\\/www.facebook.com\\\/terradomandu\\\/\",\"https:\\\/\\\/x.com\\\/terradomandu\",\"https:\\\/\\\/www.instagram.com\\\/terradomandu\",\"https:\\\/\\\/www.youtube.com\\\/terradomandu\"]},{\"@type\":\"Person\",\"@id\":\"https:\\\/\\\/terradomandu.com.br\\\/#\\\/schema\\\/person\\\/85e4925923043514fb783fc0d9b0643f\",\"name\":\"Iago Almeida\",\"image\":{\"@type\":\"ImageObject\",\"inLanguage\":\"pt-BR\",\"@id\":\"https:\\\/\\\/secure.gravatar.com\\\/avatar\\\/1c0d735e1391113652fee430a32ef5febd55afc9d31a33f95e354727dbdbedd9?s=96&d=mm&r=g\",\"url\":\"https:\\\/\\\/secure.gravatar.com\\\/avatar\\\/1c0d735e1391113652fee430a32ef5febd55afc9d31a33f95e354727dbdbedd9?s=96&d=mm&r=g\",\"contentUrl\":\"https:\\\/\\\/secure.gravatar.com\\\/avatar\\\/1c0d735e1391113652fee430a32ef5febd55afc9d31a33f95e354727dbdbedd9?s=96&d=mm&r=g\",\"caption\":\"Iago Almeida\"},\"sameAs\":[\"https:\\\/\\\/terradomandu.com.br\"],\"url\":\"https:\\\/\\\/terradomandu.com.br\\\/index.php\\\/author\\\/iago\\\/\"}]}<\/script>\n<!-- \/ Yoast SEO plugin. -->","yoast_head_json":{"title":"Prefeitura cancela Expo Bela Vista e Desfile de Cavaleiros ap\u00f3s estragos das chuvas","description":"Shows de Z\u00e9 Ricardo & Thiago e Felipe Ara\u00fajo ser\u00e3o reagendados, segundo a Prefeitura de S\u00e3o Sebasti\u00e3o da Bela Vista. Exposi\u00e7\u00e3o mudou para mar\u00e7o de 2027.","robots":{"index":"index","follow":"follow","max-snippet":"max-snippet:-1","max-image-preview":"max-image-preview:large","max-video-preview":"max-video-preview:-1"},"canonical":"https:\/\/terradomandu.com.br\/index.php\/2026\/09\/03\/prefeitura-cancela-expo-bela-vista-e-desfile-de-cavaleiros-apos-estragos-das-chuvas\/","og_locale":"pt_BR","og_type":"article","og_title":"Prefeitura cancela Expo Bela Vista e Desfile de Cavaleiros ap\u00f3s estragos das chuvas","og_description":"Shows de Z\u00e9 Ricardo & Thiago e Felipe Ara\u00fajo ser\u00e3o reagendados, segundo a Prefeitura de S\u00e3o Sebasti\u00e3o da Bela Vista. Exposi\u00e7\u00e3o mudou para mar\u00e7o de 2027.","og_url":"https:\/\/terradomandu.com.br\/index.php\/2026\/09\/03\/prefeitura-cancela-expo-bela-vista-e-desfile-de-cavaleiros-apos-estragos-das-chuvas\/","og_site_name":"Terra do Mandu - Not\u00edcias de Pouso Alegre e regi\u00e3o","article_publisher":"https:\/\/www.facebook.com\/terradomandu\/","article_published_time":"2026-09-03T15:17:52+00:00","article_modified_time":"2026-09-03T15:20:33+00:00","og_image":[{"width":820,"height":461,"url":"http:\/\/terradomandu.com.br\/wp-content\/uploads\/2026\/09\/2b83c7ea-592e-4b65-820c-0615a1803274.jpg","type":"image\/jpeg"}],"author":"Iago Almeida","twitter_card":"summary_large_image","twitter_creator":"@terradomandu","twitter_site":"@terradomandu","twitter_misc":{"Escrito por":"Iago Almeida","Est. tempo de leitura":"4 minutos"},"schema":{"@context":"https:\/\/schema.org","@graph":[{"@type":"Article","@id":"https:\/\/terradomandu.com.br\/index.php\/2026\/09\/03\/prefeitura-cancela-expo-bela-vista-e-desfile-de-cavaleiros-apos-estragos-das-chuvas\/#article","isPartOf":{"@id":"https:\/\/terradomandu.com.br\/index.php\/2026\/09\/03\/prefeitura-cancela-expo-bela-vista-e-desfile-de-cavaleiros-apos-estragos-das-chuvas\/"},"author":{"name":"Iago Almeida","@id":"https:\/\/terradomandu.com.br\/#\/schema\/person\/85e4925923043514fb783fc0d9b0643f"},"headline":"Prefeitura cancela Expo Bela Vista e Desfile de Cavaleiros ap\u00f3s estragos das chuvas","datePublished":"2026-09-03T15:17:52+00:00","dateModified":"2026-09-03T15:20:33+00:00","mainEntityOfPage":{"@id":"https:\/\/terradomandu.com.br\/index.php\/2026\/09\/03\/prefeitura-cancela-expo-bela-vista-e-desfile-de-cavaleiros-apos-estragos-das-chuvas\/"},"wordCount":656,"commentCount":0,"publisher":{"@id":"https:\/\/terradomandu.com.br\/#organization"},"image":{"@id":"https:\/\/terradomandu.com.br\/index.php\/2026\/09\/03\/prefeitura-cancela-expo-bela-vista-e-desfile-de-cavaleiros-apos-estragos-das-chuvas\/#primaryimage"},"thumbnailUrl":"https:\/\/terradomandu.com.br\/wp-content\/uploads\/2026\/09\/2b83c7ea-592e-4b65-820c-0615a1803274.jpg","keywords":["Ainda h\u00e1 desalojados"],"articleSection":["DESTAQUE"],"inLanguage":"pt-BR","potentialAction":[{"@type":"CommentAction","name":"Comment","target":["https:\/\/terradomandu.com.br\/index.php\/2026\/09\/03\/prefeitura-cancela-expo-bela-vista-e-desfile-de-cavaleiros-apos-estragos-das-chuvas\/#respond"]}]},{"@type":"WebPage","@id":"https:\/\/terradomandu.com.br\/index.php\/2026\/09\/03\/prefeitura-cancela-expo-bela-vista-e-desfile-de-cavaleiros-apos-estragos-das-chuvas\/","url":"https:\/\/terradomandu.com.br\/index.php\/2026\/09\/03\/prefeitura-cancela-expo-bela-vista-e-desfile-de-cavaleiros-apos-estragos-das-chuvas\/","name":"Prefeitura cancela Expo Bela Vista e Desfile de Cavaleiros ap\u00f3s estragos das chuvas","isPartOf":{"@id":"https:\/\/terradomandu.com.br\/#website"},"primaryImageOfPage":{"@id":"https:\/\/terradomandu.com.br\/index.php\/2026\/09\/03\/prefeitura-cancela-expo-bela-vista-e-desfile-de-cavaleiros-apos-estragos-das-chuvas\/#primaryimage"},"image":{"@id":"https:\/\/terradomandu.com.br\/index.php\/2026\/09\/03\/prefeitura-cancela-expo-bela-vista-e-desfile-de-cavaleiros-apos-estragos-das-chuvas\/#primaryimage"},"thumbnailUrl":"https:\/\/terradomandu.com.br\/wp-content\/uploads\/2026\/09\/2b83c7ea-592e-4b65-820c-0615a1803274.jpg","datePublished":"2026-09-03T15:17:52+00:00","dateModified":"2026-09-03T15:20:33+00:00","description":"Shows de Z\u00e9 Ricardo & Thiago e Felipe Ara\u00fajo ser\u00e3o reagendados, segundo a Prefeitura de S\u00e3o Sebasti\u00e3o da Bela Vista. Exposi\u00e7\u00e3o mudou para mar\u00e7o de 2027.","breadcrumb":{"@id":"https:\/\/terradomandu.com.br\/index.php\/2026\/09\/03\/prefeitura-cancela-expo-bela-vista-e-desfile-de-cavaleiros-apos-estragos-das-chuvas\/#breadcrumb"},"inLanguage":"pt-BR","potentialAction":[{"@type":"ReadAction","target":["https:\/\/terradomandu.com.br\/index.php\/2026\/09\/03\/prefeitura-cancela-expo-bela-vista-e-desfile-de-cavaleiros-apos-estragos-das-chuvas\/"]}]},{"@type":"ImageObject","inLanguage":"pt-BR","@id":"https:\/\/terradomandu.com.br\/index.php\/2026\/09\/03\/prefeitura-cancela-expo-bela-vista-e-desfile-de-cavaleiros-apos-estragos-das-chuvas\/#primaryimage","url":"https:\/\/terradomandu.com.br\/wp-content\/uploads\/2026\/09\/2b83c7ea-592e-4b65-820c-0615a1803274.jpg","contentUrl":"https:\/\/terradomandu.com.br\/wp-content\/uploads\/2026\/09\/2b83c7ea-592e-4b65-820c-0615a1803274.jpg","width":820,"height":461,"caption":"Prefeitura cancela Expo Bela Vista e Desfile de Cavaleiros ap\u00f3s estragos das chuvas"},{"@type":"BreadcrumbList","@id":"https:\/\/terradomandu.com.br\/index.php\/2026\/09\/03\/prefeitura-cancela-expo-bela-vista-e-desfile-de-cavaleiros-apos-estragos-das-chuvas\/#breadcrumb","itemListElement":[{"@type":"ListItem","position":1,"name":"In\u00edcio","item":"https:\/\/terradomandu.com.br\/"},{"@type":"ListItem","position":2,"name":"Prefeitura cancela Expo Bela Vista e Desfile de Cavaleiros ap\u00f3s estragos das chuvas"}]},{"@type":"WebSite","@id":"https:\/\/terradomandu.com.br\/#website","url":"https:\/\/terradomandu.com.br\/","name":"Terra do Mandu - Not\u00edcias de Pouso Alegre e regi\u00e3o","description":"Not\u00edcias de Pouso Alegre e regi\u00e3o. Terra do Mandu \u00e9 jornalismo s\u00e9rio e conte\u00fado pr\u00f3prio.","publisher":{"@id":"https:\/\/terradomandu.com.br\/#organization"},"potentialAction":[{"@type":"SearchAction","target":{"@type":"EntryPoint","urlTemplate":"https:\/\/terradomandu.com.br\/?s={search_term_string}"},"query-input":{"@type":"PropertyValueSpecification","valueRequired":true,"valueName":"search_term_string"}}],"inLanguage":"pt-BR"},{"@type":"Organization","@id":"https:\/\/terradomandu.com.br\/#organization","name":"TERRA DO MANDU - NOT\u00cdCIAS DE POUSO ALEGRE E SUL DE MINAS","url":"https:\/\/terradomandu.com.br\/","logo":{"@type":"ImageObject","inLanguage":"pt-BR","@id":"https:\/\/terradomandu.com.br\/#\/schema\/logo\/image\/","url":"https:\/\/terradomandu.com.br\/wp-content\/uploads\/2020\/10\/logo_azul-1.png","contentUrl":"https:\/\/terradomandu.com.br\/wp-content\/uploads\/2020\/10\/logo_azul-1.png","width":1080,"height":1080,"caption":"TERRA DO MANDU - NOT\u00cdCIAS DE POUSO ALEGRE E SUL DE MINAS"},"image":{"@id":"https:\/\/terradomandu.com.br\/#\/schema\/logo\/image\/"},"sameAs":["https:\/\/www.facebook.com\/terradomandu\/","https:\/\/x.com\/terradomandu","https:\/\/www.instagram.com\/terradomandu","https:\/\/www.youtube.com\/terradomandu"]},{"@type":"Person","@id":"https:\/\/terradomandu.com.br\/#\/schema\/person\/85e4925923043514fb783fc0d9b0643f","name":"Iago Almeida","image":{"@type":"ImageObject","inLanguage":"pt-BR","@id":"https:\/\/secure.gravatar.com\/avatar\/1c0d735e1391113652fee430a32ef5febd55afc9d31a33f95e354727dbdbedd9?s=96&d=mm&r=g","url":"https:\/\/secure.gravatar.com\/avatar\/1c0d735e1391113652fee430a32ef5febd55afc9d31a33f95e354727dbdbedd9?s=96&d=mm&r=g","contentUrl":"https:\/\/secure.gravatar.com\/avatar\/1c0d735e1391113652fee430a32ef5febd55afc9d31a33f95e354727dbdbedd9?s=96&d=mm&r=g","caption":"Iago Almeida"},"sameAs":["https:\/\/terradomandu.com.br"],"url":"https:\/\/terradomandu.com.br\/index.php\/author\/iago\/"}]}},"jetpack_featured_media_url":"https:\/\/terradomandu.com.br\/wp-content\/uploads\/2026\/09\/2b83c7ea-592e-4b65-820c-0615a1803274.jpg","jetpack_sharing_enabled":true,"_links":{"self":[{"href":"https:\/\/terradomandu.com.br\/index.php\/wp-json\/wp\/v2\/posts\/124389","targetHints":{"allow":["GET"]}}],"collection":[{"href":"https:\/\/terradomandu.com.br\/index.php\/wp-json\/wp\/v2\/posts"}],"about":[{"href":"https:\/\/terradomandu.com.br\/index.php\/wp-json\/wp\/v2\/types\/post"}],"author":[{"embeddable":true,"href":"https:\/\/terradomandu.com.br\/index.php\/wp-json\/wp\/v2\/users\/17"}],"replies":[{"embeddable":true,"href":"https:\/\/terradomandu.com.br\/index.php\/wp-json\/wp\/v2\/comments?post=124389"}],"version-history":[{"count":3,"href":"https:\/\/terradomandu.com.br\/index.php\/wp-json\/wp\/v2\/posts\/124389\/revisions"}],"predecessor-version":[{"id":124398,"href":"https:\/\/terradomandu.com.br\/index.php\/wp-json\/wp\/v2\/posts\/124389\/revisions\/124398"}],"wp:featuredmedia":[{"embeddable":true,"href":"https:\/\/terradomandu.com.br\/index.php\/wp-json\/wp\/v2\/media\/124396"}],"wp:attachment":[{"href":"https:\/\/terradomandu.com.br\/index.php\/wp-json\/wp\/v2\/media?parent=124389"}],"wp:term":[{"taxonomy":"category","embeddable":true,"href":"https:\/\/terradomandu.com.br\/index.php\/wp-json\/wp\/v2\/categories?post=124389"},{"taxonomy":"post_tag","embeddable":true,"href":"https:\/\/terradomandu.com.br\/index.php\/wp-json\/wp\/v2\/tags?post=124389"}],"curies":[{"name":"wp","href":"https:\/\/api.w.org\/{rel}","templated":true}]}}