


{"id":124380,"date":"2026-09-03T10:21:56","date_gmt":"2026-09-03T13:21:56","guid":{"rendered":"https:\/\/terradomandu.com.br\/?p=124380"},"modified":"2026-09-03T12:42:22","modified_gmt":"2026-09-03T15:42:22","slug":"124380confira-a-ordem-das-forcas-de-seguranca-e-escolas-para-o-desfile-no-7-de-setembro","status":"publish","type":"post","link":"https:\/\/terradomandu.com.br\/index.php\/2026\/09\/03\/124380confira-a-ordem-das-forcas-de-seguranca-e-escolas-para-o-desfile-no-7-de-setembro\/","title":{"rendered":"Confira a ordem das for\u00e7as de seguran\u00e7a e escolas para o desfile no 7 de Setembro"},"content":{"rendered":"<div id=\"attachment_124383\" style=\"width: 830px\" class=\"wp-caption aligncenter\"><img loading=\"lazy\" decoding=\"async\" aria-describedby=\"caption-attachment-124383\" class=\"wp-image-124383 size-full\" src=\"http:\/\/terradomandu.com.br\/wp-content\/uploads\/2026\/09\/DJI_0435.jpg\" alt=\"Confira a ordem das for\u00e7as de seguran\u00e7a e escolas para o desfile no 7 de Setembro\" width=\"820\" height=\"461\" srcset=\"https:\/\/terradomandu.com.br\/wp-content\/uploads\/2026\/09\/DJI_0435.jpg 820w, https:\/\/terradomandu.com.br\/wp-content\/uploads\/2026\/09\/DJI_0435-300x169.jpg 300w, https:\/\/terradomandu.com.br\/wp-content\/uploads\/2026\/09\/DJI_0435-768x432.jpg 768w\" sizes=\"auto, (max-width: 820px) 100vw, 820px\" \/><p id=\"caption-attachment-124383\" class=\"wp-caption-text\">Foto: PMPA<\/p><\/div>\n<p data-start=\"442\" data-end=\"783\">A Prefeitura de Pouso Alegre divulgou nesta quinta-feira (3\/9) a programa\u00e7\u00e3o oficial da Semana da P\u00e1tria e do tradicional Desfile C\u00edvico-Militar de 7 de Setembro. As atividades tiveram in\u00edcio no dia 1\u00ba, com uma solenidade realizada na Pra\u00e7a Senador Jos\u00e9 Bento, e seguem at\u00e9 segunda-feira (7\/9), quando acontece o principal evento da programa\u00e7\u00e3o.<\/p>\n<p data-start=\"972\" data-end=\"1148\">O tradicional desfile c\u00edvico-militar, como todos os anos, ter\u00e1 uma estrutura especial montada na regi\u00e3o central de Pouso Alegre.\u00a0O desfile ter\u00e1 in\u00edcio em frente \u00e0 Casa do Artesanato, localizada na Casa da Cultura Menotti Del Picchia, e seguir\u00e1 pela Avenida Doutor Lisboa em dire\u00e7\u00e3o \u00e0 Pra\u00e7a Senador Jos\u00e9 Bento.<\/p>\n<p data-start=\"1332\" data-end=\"1545\">A expectativa \u00e9 de participa\u00e7\u00e3o de institui\u00e7\u00f5es de ensino, representantes militares e diferentes segmentos da comunidade. O evento tamb\u00e9m deve atrair milhares moradores para acompanhar as apresenta\u00e7\u00f5es ao longo do trajeto.<\/p>\n<div id=\"attachment_78612\" style=\"width: 950px\" class=\"wp-caption aligncenter\"><img loading=\"lazy\" decoding=\"async\" aria-describedby=\"caption-attachment-78612\" class=\"wp-image-78612 size-full\" src=\"http:\/\/terradomandu.com.br\/wp-content\/uploads\/2024\/09\/Estudante-torce-o-pe-e-desfila-descalca-no-7-de-Setembro.-Foto-Terra-do-Mandu.jpg\" alt=\"\" width=\"940\" height=\"528\" srcset=\"https:\/\/terradomandu.com.br\/wp-content\/uploads\/2024\/09\/Estudante-torce-o-pe-e-desfila-descalca-no-7-de-Setembro.-Foto-Terra-do-Mandu.jpg 940w, https:\/\/terradomandu.com.br\/wp-content\/uploads\/2024\/09\/Estudante-torce-o-pe-e-desfila-descalca-no-7-de-Setembro.-Foto-Terra-do-Mandu-300x169.jpg 300w, https:\/\/terradomandu.com.br\/wp-content\/uploads\/2024\/09\/Estudante-torce-o-pe-e-desfila-descalca-no-7-de-Setembro.-Foto-Terra-do-Mandu-768x431.jpg 768w\" sizes=\"auto, (max-width: 940px) 100vw, 940px\" \/><p id=\"caption-attachment-78612\" class=\"wp-caption-text\">Foto-Terra do Mandu<\/p><\/div>\n<p data-start=\"1578\" data-end=\"1721\">A Prefeitura informou que haver\u00e1 uma opera\u00e7\u00e3o envolvendo diferentes setores, como a Secretaria Municipal de Educa\u00e7\u00e3o, que estar\u00e1 \u00e0 frente da organiza\u00e7\u00e3o, com apoio de outras secretarias e superintend\u00eancias.\u00a0Tamb\u00e9m foram previstos servi\u00e7os de seguran\u00e7a privada, brigadistas, equipes de apoio e banheiros instalados em pontos estrat\u00e9gicos.<\/p>\n<p data-start=\"2187\" data-end=\"2387\">O prefeito Coronel Dimas ressaltou que a celebra\u00e7\u00e3o do 7 de Setembro vai al\u00e9m da comemora\u00e7\u00e3o da Independ\u00eancia do Brasil e deve ser tamb\u00e9m um momento de reflex\u00e3o, principalmente para crian\u00e7as e jovens.<\/p>\n<p data-start=\"2187\" data-end=\"2387\">Segundo o prefeito, a programa\u00e7\u00e3o busca estimular valores como respeito, aprendizado e pertencimento, al\u00e9m de aproximar a comunidade da hist\u00f3ria do pa\u00eds.<\/p>\n<p data-start=\"2544\" data-end=\"2758\" data-is-last-node=\"\" data-is-only-node=\"\">A Semana da P\u00e1tria \u00e9 uma das tradicionais celebra\u00e7\u00f5es do calend\u00e1rio de Pouso Alegre e re\u00fane, anualmente, estudantes, institui\u00e7\u00f5es, for\u00e7as de seguran\u00e7a, autoridades e moradores para marcar a Independ\u00eancia do Brasil.<\/p>\n<p><em>\u201cO 7 de Setembro \u00e9 uma data que nos convida a olhar para a nossa hist\u00f3ria, valorizar o nosso pa\u00eds e, principalmente, refletir sobre o papel que cada um de n\u00f3s tem na constru\u00e7\u00e3o do Brasil que queremos. Em Pouso Alegre, queremos que essa celebra\u00e7\u00e3o seja vivida por toda a comunidade, especialmente pelas nossas crian\u00e7as e jovens, como um momento de aprendizado, respeito e pertencimento. Que possamos celebrar a nossa independ\u00eancia lembrando que o futuro tamb\u00e9m depende das nossas atitudes de hoje, do cuidado com as pessoas, com a nossa cidade e com o nosso pa\u00eds&#8221;<\/em>, disse o prefeito.<\/p>\n<p><strong>Confira a ordem do desfile:<\/strong><\/p>\n<ul>\n<li>8h00 \u2013 Hasteamento das Bandeiras \u2013 Pra\u00e7a Senador Jos\u00e9 Bento<\/li>\n<li>8h20 \u2013 Abertura do Desfile C\u00edvico-Militar<\/li>\n<li>8h40 \u2013 14\u00ba GAC (tropas e viaturas)<\/li>\n<li>8h45 \u2013 Pol\u00edcia Militar MG (tropas)<\/li>\n<li>8h50 \u2013 Bombeiros (tropa)<\/li>\n<li>8h55 \u2013 Col\u00e9gio Tiradentes (tropa e ducato com aluno PCD)<\/li>\n<li>9h00 \u2013 Viaturas da PM<\/li>\n<li>9h02 \u2013 Viaturas do Bombeiro<\/li>\n<li>9h04 \u2013 Viatura do Col\u00e9gio Tiradentes (mascote do Col\u00e9gio)<\/li>\n<li>9h06 \u2013 Pol\u00edcia Civil (viaturas)<\/li>\n<li>9h08 \u2013 Pol\u00edcia Rodovi\u00e1ria Federal (viaturas)<\/li>\n<li>9h10 \u2013 Viaturas da Defesa Civil do Munic\u00edpio<\/li>\n<li>9h12 \u2013 Fanfarra APAE<\/li>\n<li>9h16 \u2013 Fanfarra Escola Municipal &#8220;Dr. Vasconcelos Costa&#8221;<\/li>\n<li>9h20 \u2013 Fanfarra Centro Educacional Europa<\/li>\n<li>9h24 \u2013 Associa\u00e7\u00e3o Pestalozzi de Sumar\u00e9 \u2013 resid\u00eancia inclusiva<\/li>\n<li>9h28 \u2013 Fanfarra Escola Municipal Anita Faria Amaral<\/li>\n<li>9h32 \u2013 Fanfarra Escola Municipal Antonio Mariosa<\/li>\n<li>9h36 \u2013 Fanfarra Escola Estadual Professora Mariana Pereira Fernandes<\/li>\n<li>9h40 \u2013 Curso Municipal Pr\u00e9-Enem e Pr\u00e9-Vestibular<\/li>\n<li>9h44 \u2013 Fanfarra Escola Municipal Sabina de Barros Mendon\u00e7a<\/li>\n<li>9h48 \u2013 Fanfarra Escola Estadual Virg\u00edlia Paschoal<\/li>\n<li>9h52 \u2013 Fanfarra Escola Municipal &#8220;Dom Ot\u00e1vio&#8221;<\/li>\n<li>9h56 \u2013 C\u00edrculo Oper\u00e1rio de Pouso Alegre<\/li>\n<li>10h00 \u2013 Fanfarra Centro Educacional Reis Magos<\/li>\n<li>10h04 \u2013 Fanfarra Escola Municipal Jandyra Tosta de Souza<\/li>\n<li>10h08 \u2013 Fanfarra Escola Municipal Professora Isabel Coutinho Galv\u00e3o<\/li>\n<li>10h12 \u2013 71\/MG Grupo Escoteiro Ludovico Pavoni<\/li>\n<li>10h16 \u2013 Fanfarra Escola Estadual Vin\u00edcius Meyer<\/li>\n<li>10h20 \u2013 Fanfarra Desbravadores e Aventureiros<\/li>\n<li>10h24 \u2013 Fanfarra Escola Estadual Professora Geraldina Tosta<\/li>\n<li>10h28 \u2013 Escola Municipal Monsenhor Julio Perlato<\/li>\n<li>10h32 \u2013 Fanfarra Escola Municipal Doutor \u00c2ngelo C\u00f4nsoli<\/li>\n<li>10h36 \u2013 Fanfarra Escola Municipal &#8220;Anath\u00e1lia de Lourdes Camanducaia&#8221;<\/li>\n<li>10h40 \u2013 Fanfarra Escola Municipal Professora Josefa Azevedo Torres<\/li>\n<li>10h44 \u2013 Fanfarra Col\u00e9gio Vale do Sapuca\u00ed<\/li>\n<li>10h50 \u2013 Fanfarra Associa\u00e7\u00e3o das Obras Pavonianas de Assist\u00eancia \u2013 Escola Profissional Delfim Moreira<\/li>\n<li>10h54 \u2013 Fanfarra Conservat\u00f3rio Estadual de M\u00fasica JKO de Pouso Alegre MG<\/li>\n<li>10h58 \u2013 Escola Municipal Professora Clarisse Toledo<\/li>\n<li>11h02 \u2013 Fanfarra Escola Municipal Maria Barbosa<\/li>\n<li>11h06 \u2013 Fanfarra Escola Estadual Presidente Bernardes<\/li>\n<li>11h10 \u2013 Fanfarra Escola Estadual Monsenhor Jos\u00e9 Paulino<\/li>\n<li>11h14 \u2013 Col\u00e9gio Pouso Alegre de Ensino Fundamental e Ensino M\u00e9dio<\/li>\n<li>11h18 \u2013 Fanfarra Escola Estadual Presidente Arthur da Costa e Silva (Polivalente)<\/li>\n<li>11h22 \u2013 Fanfarra Escola Municipal Pio XII<\/li>\n<li>11h26 \u2013 Fanfarra Associa\u00e7\u00e3o Semeando Capoeira Cultura e Artes<\/li>\n<li>11h30 \u2013 Fanfarra Escola Estadual Doutor Jos\u00e9 Marques de Oliveira<\/li>\n<li>11h34 \u2013 Secretaria de Educa\u00e7\u00e3o (e alguns \u00f4nibus Escolares)<\/li>\n<li>11h36 \u2013 Carros Old Brothers<\/li>\n<li>11h40 \u2013 Insanos MC<\/li>\n<\/ul>\n<p><strong>Veja desfiles dos anos anteriores:<\/strong><\/p>\n<p><iframe loading=\"lazy\" title=\"Desfile Militar de 7 de Setembro em Pouso Alegre  2024\" width=\"500\" height=\"281\" src=\"https:\/\/www.youtube.com\/embed\/Y3fzXV9GaWs?feature=oembed\" frameborder=\"0\" allow=\"accelerometer; autoplay; clipboard-write; encrypted-media; gyroscope; picture-in-picture; web-share\" referrerpolicy=\"strict-origin-when-cross-origin\" allowfullscreen><\/iframe><\/p>\n<p><iframe loading=\"lazy\" title=\"Desfile das escolas no 7 de Setembro de Pouso Alegre 2024\" width=\"500\" height=\"281\" src=\"https:\/\/www.youtube.com\/embed\/FOFUB2GOn-A?feature=oembed\" frameborder=\"0\" allow=\"accelerometer; autoplay; clipboard-write; encrypted-media; gyroscope; picture-in-picture; web-share\" referrerpolicy=\"strict-origin-when-cross-origin\" allowfullscreen><\/iframe><\/p>\n<p><iframe loading=\"lazy\" title=\"DESFILE 7 DE SETEMBRO 2023 EM POUSO ALEGRE-MG\" width=\"500\" height=\"281\" src=\"https:\/\/www.youtube.com\/embed\/JEfArwKmI7c?feature=oembed\" frameborder=\"0\" allow=\"accelerometer; autoplay; clipboard-write; encrypted-media; gyroscope; picture-in-picture; web-share\" referrerpolicy=\"strict-origin-when-cross-origin\" allowfullscreen><\/iframe><\/p>\n<div class=\"fb-background-color\">\n\t\t\t  <div \n\t\t\t  \tclass = \"fb-comments\" \n\t\t\t  \tdata-href = \"https:\/\/terradomandu.com.br\/index.php\/2026\/09\/03\/124380confira-a-ordem-das-forcas-de-seguranca-e-escolas-para-o-desfile-no-7-de-setembro\/\"\n\t\t\t  \tdata-numposts = \"10\"\n\t\t\t  \tdata-lazy = \"true\"\n\t\t\t\tdata-colorscheme = \"light\"\n\t\t\t\tdata-order-by = \"social\"\n\t\t\t\tdata-mobile=true>\n\t\t\t  <\/div><\/div>\n\t\t  <style>\n\t\t    .fb-background-color {\n\t\t\t\tbackground: #ffffff !important;\n\t\t\t}\n\t\t\t.fb_iframe_widget_fluid_desktop iframe {\n\t\t\t    width: 100% !important;\n\t\t\t}\n\t\t  <\/style>\n\t\t  ","protected":false},"excerpt":{"rendered":"<p>A Prefeitura de Pouso Alegre divulgou nesta quinta-feira (3\/9) a programa\u00e7\u00e3o oficial da Semana da P\u00e1tria e do tradicional Desfile C\u00edvico-Militar de 7 de Setembro. As atividades tiveram in\u00edcio no dia 1\u00ba, com uma solenidade realizada na Pra\u00e7a Senador Jos\u00e9 Bento, e seguem at\u00e9 segunda-feira (7\/9), quando acontece o principal evento da programa\u00e7\u00e3o. O tradicional [&hellip;]<\/p>\n","protected":false},"author":17,"featured_media":124383,"comment_status":"open","ping_status":"closed","sticky":false,"template":"","format":"standard","meta":{"_acf_changed":false,"kia_subtitle":"O Hasteamento das Bandeiras acontece \u00e0s 8h, com o desfile em seguida, se iniciando com o 14\u00ba GAC, PMMG, Bombeiros e Col\u00e9gio Tiradentes; veja ordem completa","_jetpack_newsletter_access":"","_jetpack_dont_email_post_to_subs":false,"_jetpack_newsletter_tier_id":0,"_jetpack_memberships_contains_paywalled_content":false,"_jetpack_feature_clip_id":0,"_jetpack_memberships_contains_paid_content":false,"footnotes":"","jetpack_post_was_ever_published":false},"categories":[20,229],"tags":[7671],"class_list":["post-124380","post","type-post","status-publish","format-standard","has-post-thumbnail","hentry","category-noticia","category-pouso-alegre","tag-na-segunda-feira"],"acf":[],"yoast_head":"<!-- This site is optimized with the Yoast SEO plugin v27.9 - https:\/\/yoast.com\/product\/yoast-seo-wordpress\/ -->\n<title>Confira a ordem das for\u00e7as de seguran\u00e7a e escolas para o desfile no 7 de Setembro<\/title>\n<meta name=\"description\" content=\"O Hasteamento das Bandeiras acontece \u00e0s 8h, com o desfile em seguida, se iniciando com o 14\u00ba GAC, PMMG, Bombeiros e Col\u00e9gio Tiradentes; veja ordem completa\" \/>\n<meta name=\"robots\" content=\"index, follow, max-snippet:-1, max-image-preview:large, max-video-preview:-1\" \/>\n<link rel=\"canonical\" href=\"https:\/\/terradomandu.com.br\/index.php\/2026\/09\/03\/124380confira-a-ordem-das-forcas-de-seguranca-e-escolas-para-o-desfile-no-7-de-setembro\/\" \/>\n<meta property=\"og:locale\" content=\"pt_BR\" \/>\n<meta property=\"og:type\" content=\"article\" \/>\n<meta property=\"og:title\" content=\"Confira a ordem das for\u00e7as de seguran\u00e7a e escolas para o desfile no 7 de Setembro\" \/>\n<meta property=\"og:description\" content=\"O Hasteamento das Bandeiras acontece \u00e0s 8h, com o desfile em seguida, se iniciando com o 14\u00ba GAC, PMMG, Bombeiros e Col\u00e9gio Tiradentes; veja ordem completa\" \/>\n<meta property=\"og:url\" content=\"https:\/\/terradomandu.com.br\/index.php\/2026\/09\/03\/124380confira-a-ordem-das-forcas-de-seguranca-e-escolas-para-o-desfile-no-7-de-setembro\/\" \/>\n<meta property=\"og:site_name\" content=\"Terra do Mandu - Not\u00edcias de Pouso Alegre e regi\u00e3o\" \/>\n<meta property=\"article:publisher\" content=\"https:\/\/www.facebook.com\/terradomandu\/\" \/>\n<meta property=\"article:published_time\" content=\"2026-09-03T13:21:56+00:00\" \/>\n<meta property=\"article:modified_time\" content=\"2026-09-03T15:42:22+00:00\" \/>\n<meta property=\"og:image\" content=\"http:\/\/terradomandu.com.br\/wp-content\/uploads\/2026\/09\/DJI_0435.jpg\" \/>\n\t<meta property=\"og:image:width\" content=\"820\" \/>\n\t<meta property=\"og:image:height\" content=\"461\" \/>\n\t<meta property=\"og:image:type\" content=\"image\/jpeg\" \/>\n<meta name=\"author\" content=\"Iago Almeida\" \/>\n<meta name=\"twitter:card\" content=\"summary_large_image\" \/>\n<meta name=\"twitter:creator\" content=\"@terradomandu\" \/>\n<meta name=\"twitter:site\" content=\"@terradomandu\" \/>\n<meta name=\"twitter:label1\" content=\"Escrito por\" \/>\n\t<meta name=\"twitter:data1\" content=\"Iago Almeida\" \/>\n\t<meta name=\"twitter:label2\" content=\"Est. tempo de leitura\" \/>\n\t<meta name=\"twitter:data2\" content=\"5 minutos\" \/>\n<script type=\"application\/ld+json\" class=\"yoast-schema-graph\">{\"@context\":\"https:\\\/\\\/schema.org\",\"@graph\":[{\"@type\":\"Article\",\"@id\":\"https:\\\/\\\/terradomandu.com.br\\\/index.php\\\/2026\\\/09\\\/03\\\/124380confira-a-ordem-das-forcas-de-seguranca-e-escolas-para-o-desfile-no-7-de-setembro\\\/#article\",\"isPartOf\":{\"@id\":\"https:\\\/\\\/terradomandu.com.br\\\/index.php\\\/2026\\\/09\\\/03\\\/124380confira-a-ordem-das-forcas-de-seguranca-e-escolas-para-o-desfile-no-7-de-setembro\\\/\"},\"author\":{\"name\":\"Iago Almeida\",\"@id\":\"https:\\\/\\\/terradomandu.com.br\\\/#\\\/schema\\\/person\\\/85e4925923043514fb783fc0d9b0643f\"},\"headline\":\"Confira a ordem das for\u00e7as de seguran\u00e7a e escolas para o desfile no 7 de Setembro\",\"datePublished\":\"2026-09-03T13:21:56+00:00\",\"dateModified\":\"2026-09-03T15:42:22+00:00\",\"mainEntityOfPage\":{\"@id\":\"https:\\\/\\\/terradomandu.com.br\\\/index.php\\\/2026\\\/09\\\/03\\\/124380confira-a-ordem-das-forcas-de-seguranca-e-escolas-para-o-desfile-no-7-de-setembro\\\/\"},\"wordCount\":837,\"commentCount\":0,\"publisher\":{\"@id\":\"https:\\\/\\\/terradomandu.com.br\\\/#organization\"},\"image\":{\"@id\":\"https:\\\/\\\/terradomandu.com.br\\\/index.php\\\/2026\\\/09\\\/03\\\/124380confira-a-ordem-das-forcas-de-seguranca-e-escolas-para-o-desfile-no-7-de-setembro\\\/#primaryimage\"},\"thumbnailUrl\":\"https:\\\/\\\/terradomandu.com.br\\\/wp-content\\\/uploads\\\/2026\\\/09\\\/DJI_0435.jpg\",\"keywords\":[\"Na segunda-feira\"],\"articleSection\":[\"Not\u00edcia\",\"Pouso Alegre\"],\"inLanguage\":\"pt-BR\",\"potentialAction\":[{\"@type\":\"CommentAction\",\"name\":\"Comment\",\"target\":[\"https:\\\/\\\/terradomandu.com.br\\\/index.php\\\/2026\\\/09\\\/03\\\/124380confira-a-ordem-das-forcas-de-seguranca-e-escolas-para-o-desfile-no-7-de-setembro\\\/#respond\"]}]},{\"@type\":\"WebPage\",\"@id\":\"https:\\\/\\\/terradomandu.com.br\\\/index.php\\\/2026\\\/09\\\/03\\\/124380confira-a-ordem-das-forcas-de-seguranca-e-escolas-para-o-desfile-no-7-de-setembro\\\/\",\"url\":\"https:\\\/\\\/terradomandu.com.br\\\/index.php\\\/2026\\\/09\\\/03\\\/124380confira-a-ordem-das-forcas-de-seguranca-e-escolas-para-o-desfile-no-7-de-setembro\\\/\",\"name\":\"Confira a ordem das for\u00e7as de seguran\u00e7a e escolas para o desfile no 7 de Setembro\",\"isPartOf\":{\"@id\":\"https:\\\/\\\/terradomandu.com.br\\\/#website\"},\"primaryImageOfPage\":{\"@id\":\"https:\\\/\\\/terradomandu.com.br\\\/index.php\\\/2026\\\/09\\\/03\\\/124380confira-a-ordem-das-forcas-de-seguranca-e-escolas-para-o-desfile-no-7-de-setembro\\\/#primaryimage\"},\"image\":{\"@id\":\"https:\\\/\\\/terradomandu.com.br\\\/index.php\\\/2026\\\/09\\\/03\\\/124380confira-a-ordem-das-forcas-de-seguranca-e-escolas-para-o-desfile-no-7-de-setembro\\\/#primaryimage\"},\"thumbnailUrl\":\"https:\\\/\\\/terradomandu.com.br\\\/wp-content\\\/uploads\\\/2026\\\/09\\\/DJI_0435.jpg\",\"datePublished\":\"2026-09-03T13:21:56+00:00\",\"dateModified\":\"2026-09-03T15:42:22+00:00\",\"description\":\"O Hasteamento das Bandeiras acontece \u00e0s 8h, com o desfile em seguida, se iniciando com o 14\u00ba GAC, PMMG, Bombeiros e Col\u00e9gio Tiradentes; veja ordem completa\",\"breadcrumb\":{\"@id\":\"https:\\\/\\\/terradomandu.com.br\\\/index.php\\\/2026\\\/09\\\/03\\\/124380confira-a-ordem-das-forcas-de-seguranca-e-escolas-para-o-desfile-no-7-de-setembro\\\/#breadcrumb\"},\"inLanguage\":\"pt-BR\",\"potentialAction\":[{\"@type\":\"ReadAction\",\"target\":[\"https:\\\/\\\/terradomandu.com.br\\\/index.php\\\/2026\\\/09\\\/03\\\/124380confira-a-ordem-das-forcas-de-seguranca-e-escolas-para-o-desfile-no-7-de-setembro\\\/\"]}]},{\"@type\":\"ImageObject\",\"inLanguage\":\"pt-BR\",\"@id\":\"https:\\\/\\\/terradomandu.com.br\\\/index.php\\\/2026\\\/09\\\/03\\\/124380confira-a-ordem-das-forcas-de-seguranca-e-escolas-para-o-desfile-no-7-de-setembro\\\/#primaryimage\",\"url\":\"https:\\\/\\\/terradomandu.com.br\\\/wp-content\\\/uploads\\\/2026\\\/09\\\/DJI_0435.jpg\",\"contentUrl\":\"https:\\\/\\\/terradomandu.com.br\\\/wp-content\\\/uploads\\\/2026\\\/09\\\/DJI_0435.jpg\",\"width\":820,\"height\":461,\"caption\":\"default\"},{\"@type\":\"BreadcrumbList\",\"@id\":\"https:\\\/\\\/terradomandu.com.br\\\/index.php\\\/2026\\\/09\\\/03\\\/124380confira-a-ordem-das-forcas-de-seguranca-e-escolas-para-o-desfile-no-7-de-setembro\\\/#breadcrumb\",\"itemListElement\":[{\"@type\":\"ListItem\",\"position\":1,\"name\":\"In\u00edcio\",\"item\":\"https:\\\/\\\/terradomandu.com.br\\\/\"},{\"@type\":\"ListItem\",\"position\":2,\"name\":\"Confira a ordem das for\u00e7as de seguran\u00e7a e escolas para o desfile no 7 de Setembro\"}]},{\"@type\":\"WebSite\",\"@id\":\"https:\\\/\\\/terradomandu.com.br\\\/#website\",\"url\":\"https:\\\/\\\/terradomandu.com.br\\\/\",\"name\":\"Terra do Mandu - Not\u00edcias de Pouso Alegre e regi\u00e3o\",\"description\":\"Not\u00edcias de Pouso Alegre e regi\u00e3o. Terra do Mandu \u00e9 jornalismo s\u00e9rio e conte\u00fado pr\u00f3prio.\",\"publisher\":{\"@id\":\"https:\\\/\\\/terradomandu.com.br\\\/#organization\"},\"potentialAction\":[{\"@type\":\"SearchAction\",\"target\":{\"@type\":\"EntryPoint\",\"urlTemplate\":\"https:\\\/\\\/terradomandu.com.br\\\/?s={search_term_string}\"},\"query-input\":{\"@type\":\"PropertyValueSpecification\",\"valueRequired\":true,\"valueName\":\"search_term_string\"}}],\"inLanguage\":\"pt-BR\"},{\"@type\":\"Organization\",\"@id\":\"https:\\\/\\\/terradomandu.com.br\\\/#organization\",\"name\":\"TERRA DO MANDU - NOT\u00cdCIAS DE POUSO ALEGRE E SUL DE MINAS\",\"url\":\"https:\\\/\\\/terradomandu.com.br\\\/\",\"logo\":{\"@type\":\"ImageObject\",\"inLanguage\":\"pt-BR\",\"@id\":\"https:\\\/\\\/terradomandu.com.br\\\/#\\\/schema\\\/logo\\\/image\\\/\",\"url\":\"https:\\\/\\\/terradomandu.com.br\\\/wp-content\\\/uploads\\\/2020\\\/10\\\/logo_azul-1.png\",\"contentUrl\":\"https:\\\/\\\/terradomandu.com.br\\\/wp-content\\\/uploads\\\/2020\\\/10\\\/logo_azul-1.png\",\"width\":1080,\"height\":1080,\"caption\":\"TERRA DO MANDU - NOT\u00cdCIAS DE POUSO ALEGRE E SUL DE MINAS\"},\"image\":{\"@id\":\"https:\\\/\\\/terradomandu.com.br\\\/#\\\/schema\\\/logo\\\/image\\\/\"},\"sameAs\":[\"https:\\\/\\\/www.facebook.com\\\/terradomandu\\\/\",\"https:\\\/\\\/x.com\\\/terradomandu\",\"https:\\\/\\\/www.instagram.com\\\/terradomandu\",\"https:\\\/\\\/www.youtube.com\\\/terradomandu\"]},{\"@type\":\"Person\",\"@id\":\"https:\\\/\\\/terradomandu.com.br\\\/#\\\/schema\\\/person\\\/85e4925923043514fb783fc0d9b0643f\",\"name\":\"Iago Almeida\",\"image\":{\"@type\":\"ImageObject\",\"inLanguage\":\"pt-BR\",\"@id\":\"https:\\\/\\\/secure.gravatar.com\\\/avatar\\\/1c0d735e1391113652fee430a32ef5febd55afc9d31a33f95e354727dbdbedd9?s=96&d=mm&r=g\",\"url\":\"https:\\\/\\\/secure.gravatar.com\\\/avatar\\\/1c0d735e1391113652fee430a32ef5febd55afc9d31a33f95e354727dbdbedd9?s=96&d=mm&r=g\",\"contentUrl\":\"https:\\\/\\\/secure.gravatar.com\\\/avatar\\\/1c0d735e1391113652fee430a32ef5febd55afc9d31a33f95e354727dbdbedd9?s=96&d=mm&r=g\",\"caption\":\"Iago Almeida\"},\"sameAs\":[\"https:\\\/\\\/terradomandu.com.br\"],\"url\":\"https:\\\/\\\/terradomandu.com.br\\\/index.php\\\/author\\\/iago\\\/\"}]}<\/script>\n<!-- \/ Yoast SEO plugin. -->","yoast_head_json":{"title":"Confira a ordem das for\u00e7as de seguran\u00e7a e escolas para o desfile no 7 de Setembro","description":"O Hasteamento das Bandeiras acontece \u00e0s 8h, com o desfile em seguida, se iniciando com o 14\u00ba GAC, PMMG, Bombeiros e Col\u00e9gio Tiradentes; veja ordem completa","robots":{"index":"index","follow":"follow","max-snippet":"max-snippet:-1","max-image-preview":"max-image-preview:large","max-video-preview":"max-video-preview:-1"},"canonical":"https:\/\/terradomandu.com.br\/index.php\/2026\/09\/03\/124380confira-a-ordem-das-forcas-de-seguranca-e-escolas-para-o-desfile-no-7-de-setembro\/","og_locale":"pt_BR","og_type":"article","og_title":"Confira a ordem das for\u00e7as de seguran\u00e7a e escolas para o desfile no 7 de Setembro","og_description":"O Hasteamento das Bandeiras acontece \u00e0s 8h, com o desfile em seguida, se iniciando com o 14\u00ba GAC, PMMG, Bombeiros e Col\u00e9gio Tiradentes; veja ordem completa","og_url":"https:\/\/terradomandu.com.br\/index.php\/2026\/09\/03\/124380confira-a-ordem-das-forcas-de-seguranca-e-escolas-para-o-desfile-no-7-de-setembro\/","og_site_name":"Terra do Mandu - Not\u00edcias de Pouso Alegre e regi\u00e3o","article_publisher":"https:\/\/www.facebook.com\/terradomandu\/","article_published_time":"2026-09-03T13:21:56+00:00","article_modified_time":"2026-09-03T15:42:22+00:00","og_image":[{"width":820,"height":461,"url":"http:\/\/terradomandu.com.br\/wp-content\/uploads\/2026\/09\/DJI_0435.jpg","type":"image\/jpeg"}],"author":"Iago Almeida","twitter_card":"summary_large_image","twitter_creator":"@terradomandu","twitter_site":"@terradomandu","twitter_misc":{"Escrito por":"Iago Almeida","Est. tempo de leitura":"5 minutos"},"schema":{"@context":"https:\/\/schema.org","@graph":[{"@type":"Article","@id":"https:\/\/terradomandu.com.br\/index.php\/2026\/09\/03\/124380confira-a-ordem-das-forcas-de-seguranca-e-escolas-para-o-desfile-no-7-de-setembro\/#article","isPartOf":{"@id":"https:\/\/terradomandu.com.br\/index.php\/2026\/09\/03\/124380confira-a-ordem-das-forcas-de-seguranca-e-escolas-para-o-desfile-no-7-de-setembro\/"},"author":{"name":"Iago Almeida","@id":"https:\/\/terradomandu.com.br\/#\/schema\/person\/85e4925923043514fb783fc0d9b0643f"},"headline":"Confira a ordem das for\u00e7as de seguran\u00e7a e escolas para o desfile no 7 de Setembro","datePublished":"2026-09-03T13:21:56+00:00","dateModified":"2026-09-03T15:42:22+00:00","mainEntityOfPage":{"@id":"https:\/\/terradomandu.com.br\/index.php\/2026\/09\/03\/124380confira-a-ordem-das-forcas-de-seguranca-e-escolas-para-o-desfile-no-7-de-setembro\/"},"wordCount":837,"commentCount":0,"publisher":{"@id":"https:\/\/terradomandu.com.br\/#organization"},"image":{"@id":"https:\/\/terradomandu.com.br\/index.php\/2026\/09\/03\/124380confira-a-ordem-das-forcas-de-seguranca-e-escolas-para-o-desfile-no-7-de-setembro\/#primaryimage"},"thumbnailUrl":"https:\/\/terradomandu.com.br\/wp-content\/uploads\/2026\/09\/DJI_0435.jpg","keywords":["Na segunda-feira"],"articleSection":["Not\u00edcia","Pouso Alegre"],"inLanguage":"pt-BR","potentialAction":[{"@type":"CommentAction","name":"Comment","target":["https:\/\/terradomandu.com.br\/index.php\/2026\/09\/03\/124380confira-a-ordem-das-forcas-de-seguranca-e-escolas-para-o-desfile-no-7-de-setembro\/#respond"]}]},{"@type":"WebPage","@id":"https:\/\/terradomandu.com.br\/index.php\/2026\/09\/03\/124380confira-a-ordem-das-forcas-de-seguranca-e-escolas-para-o-desfile-no-7-de-setembro\/","url":"https:\/\/terradomandu.com.br\/index.php\/2026\/09\/03\/124380confira-a-ordem-das-forcas-de-seguranca-e-escolas-para-o-desfile-no-7-de-setembro\/","name":"Confira a ordem das for\u00e7as de seguran\u00e7a e escolas para o desfile no 7 de Setembro","isPartOf":{"@id":"https:\/\/terradomandu.com.br\/#website"},"primaryImageOfPage":{"@id":"https:\/\/terradomandu.com.br\/index.php\/2026\/09\/03\/124380confira-a-ordem-das-forcas-de-seguranca-e-escolas-para-o-desfile-no-7-de-setembro\/#primaryimage"},"image":{"@id":"https:\/\/terradomandu.com.br\/index.php\/2026\/09\/03\/124380confira-a-ordem-das-forcas-de-seguranca-e-escolas-para-o-desfile-no-7-de-setembro\/#primaryimage"},"thumbnailUrl":"https:\/\/terradomandu.com.br\/wp-content\/uploads\/2026\/09\/DJI_0435.jpg","datePublished":"2026-09-03T13:21:56+00:00","dateModified":"2026-09-03T15:42:22+00:00","description":"O Hasteamento das Bandeiras acontece \u00e0s 8h, com o desfile em seguida, se iniciando com o 14\u00ba GAC, PMMG, Bombeiros e Col\u00e9gio Tiradentes; veja ordem completa","breadcrumb":{"@id":"https:\/\/terradomandu.com.br\/index.php\/2026\/09\/03\/124380confira-a-ordem-das-forcas-de-seguranca-e-escolas-para-o-desfile-no-7-de-setembro\/#breadcrumb"},"inLanguage":"pt-BR","potentialAction":[{"@type":"ReadAction","target":["https:\/\/terradomandu.com.br\/index.php\/2026\/09\/03\/124380confira-a-ordem-das-forcas-de-seguranca-e-escolas-para-o-desfile-no-7-de-setembro\/"]}]},{"@type":"ImageObject","inLanguage":"pt-BR","@id":"https:\/\/terradomandu.com.br\/index.php\/2026\/09\/03\/124380confira-a-ordem-das-forcas-de-seguranca-e-escolas-para-o-desfile-no-7-de-setembro\/#primaryimage","url":"https:\/\/terradomandu.com.br\/wp-content\/uploads\/2026\/09\/DJI_0435.jpg","contentUrl":"https:\/\/terradomandu.com.br\/wp-content\/uploads\/2026\/09\/DJI_0435.jpg","width":820,"height":461,"caption":"default"},{"@type":"BreadcrumbList","@id":"https:\/\/terradomandu.com.br\/index.php\/2026\/09\/03\/124380confira-a-ordem-das-forcas-de-seguranca-e-escolas-para-o-desfile-no-7-de-setembro\/#breadcrumb","itemListElement":[{"@type":"ListItem","position":1,"name":"In\u00edcio","item":"https:\/\/terradomandu.com.br\/"},{"@type":"ListItem","position":2,"name":"Confira a ordem das for\u00e7as de seguran\u00e7a e escolas para o desfile no 7 de Setembro"}]},{"@type":"WebSite","@id":"https:\/\/terradomandu.com.br\/#website","url":"https:\/\/terradomandu.com.br\/","name":"Terra do Mandu - Not\u00edcias de Pouso Alegre e regi\u00e3o","description":"Not\u00edcias de Pouso Alegre e regi\u00e3o. Terra do Mandu \u00e9 jornalismo s\u00e9rio e conte\u00fado pr\u00f3prio.","publisher":{"@id":"https:\/\/terradomandu.com.br\/#organization"},"potentialAction":[{"@type":"SearchAction","target":{"@type":"EntryPoint","urlTemplate":"https:\/\/terradomandu.com.br\/?s={search_term_string}"},"query-input":{"@type":"PropertyValueSpecification","valueRequired":true,"valueName":"search_term_string"}}],"inLanguage":"pt-BR"},{"@type":"Organization","@id":"https:\/\/terradomandu.com.br\/#organization","name":"TERRA DO MANDU - NOT\u00cdCIAS DE POUSO ALEGRE E SUL DE MINAS","url":"https:\/\/terradomandu.com.br\/","logo":{"@type":"ImageObject","inLanguage":"pt-BR","@id":"https:\/\/terradomandu.com.br\/#\/schema\/logo\/image\/","url":"https:\/\/terradomandu.com.br\/wp-content\/uploads\/2020\/10\/logo_azul-1.png","contentUrl":"https:\/\/terradomandu.com.br\/wp-content\/uploads\/2020\/10\/logo_azul-1.png","width":1080,"height":1080,"caption":"TERRA DO MANDU - NOT\u00cdCIAS DE POUSO ALEGRE E SUL DE MINAS"},"image":{"@id":"https:\/\/terradomandu.com.br\/#\/schema\/logo\/image\/"},"sameAs":["https:\/\/www.facebook.com\/terradomandu\/","https:\/\/x.com\/terradomandu","https:\/\/www.instagram.com\/terradomandu","https:\/\/www.youtube.com\/terradomandu"]},{"@type":"Person","@id":"https:\/\/terradomandu.com.br\/#\/schema\/person\/85e4925923043514fb783fc0d9b0643f","name":"Iago Almeida","image":{"@type":"ImageObject","inLanguage":"pt-BR","@id":"https:\/\/secure.gravatar.com\/avatar\/1c0d735e1391113652fee430a32ef5febd55afc9d31a33f95e354727dbdbedd9?s=96&d=mm&r=g","url":"https:\/\/secure.gravatar.com\/avatar\/1c0d735e1391113652fee430a32ef5febd55afc9d31a33f95e354727dbdbedd9?s=96&d=mm&r=g","contentUrl":"https:\/\/secure.gravatar.com\/avatar\/1c0d735e1391113652fee430a32ef5febd55afc9d31a33f95e354727dbdbedd9?s=96&d=mm&r=g","caption":"Iago Almeida"},"sameAs":["https:\/\/terradomandu.com.br"],"url":"https:\/\/terradomandu.com.br\/index.php\/author\/iago\/"}]}},"jetpack_featured_media_url":"https:\/\/terradomandu.com.br\/wp-content\/uploads\/2026\/09\/DJI_0435.jpg","jetpack_sharing_enabled":true,"_links":{"self":[{"href":"https:\/\/terradomandu.com.br\/index.php\/wp-json\/wp\/v2\/posts\/124380","targetHints":{"allow":["GET"]}}],"collection":[{"href":"https:\/\/terradomandu.com.br\/index.php\/wp-json\/wp\/v2\/posts"}],"about":[{"href":"https:\/\/terradomandu.com.br\/index.php\/wp-json\/wp\/v2\/types\/post"}],"author":[{"embeddable":true,"href":"https:\/\/terradomandu.com.br\/index.php\/wp-json\/wp\/v2\/users\/17"}],"replies":[{"embeddable":true,"href":"https:\/\/terradomandu.com.br\/index.php\/wp-json\/wp\/v2\/comments?post=124380"}],"version-history":[{"count":2,"href":"https:\/\/terradomandu.com.br\/index.php\/wp-json\/wp\/v2\/posts\/124380\/revisions"}],"predecessor-version":[{"id":124384,"href":"https:\/\/terradomandu.com.br\/index.php\/wp-json\/wp\/v2\/posts\/124380\/revisions\/124384"}],"wp:featuredmedia":[{"embeddable":true,"href":"https:\/\/terradomandu.com.br\/index.php\/wp-json\/wp\/v2\/media\/124383"}],"wp:attachment":[{"href":"https:\/\/terradomandu.com.br\/index.php\/wp-json\/wp\/v2\/media?parent=124380"}],"wp:term":[{"taxonomy":"category","embeddable":true,"href":"https:\/\/terradomandu.com.br\/index.php\/wp-json\/wp\/v2\/categories?post=124380"},{"taxonomy":"post_tag","embeddable":true,"href":"https:\/\/terradomandu.com.br\/index.php\/wp-json\/wp\/v2\/tags?post=124380"}],"curies":[{"name":"wp","href":"https:\/\/api.w.org\/{rel}","templated":true}]}}