


{"id":124367,"date":"2026-09-03T09:08:21","date_gmt":"2026-09-03T12:08:21","guid":{"rendered":"https:\/\/terradomandu.com.br\/?p=124367"},"modified":"2026-09-03T09:08:21","modified_gmt":"2026-09-03T12:08:21","slug":"exposicao-fotografica-apresenta-cultura-do-povo-kamaiura-em-cambui","status":"publish","type":"post","link":"https:\/\/terradomandu.com.br\/index.php\/2026\/09\/03\/exposicao-fotografica-apresenta-cultura-do-povo-kamaiura-em-cambui\/","title":{"rendered":"Exposi\u00e7\u00e3o fotogr\u00e1fica apresenta cultura do povo Kamaiur\u00e1 em Cambu\u00ed"},"content":{"rendered":"<div id=\"attachment_124368\" style=\"width: 830px\" class=\"wp-caption aligncenter\"><img loading=\"lazy\" decoding=\"async\" aria-describedby=\"caption-attachment-124368\" class=\"wp-image-124368 size-full\" src=\"http:\/\/terradomandu.com.br\/wp-content\/uploads\/2026\/09\/90889d3a-56e7-4c56-9f86-f1cdccf4fae1.jpg\" alt=\"Exposi\u00e7\u00e3o fotogr\u00e1fica apresenta cultura do povo Kamaiur\u00e1 em Cambu\u00ed\" width=\"820\" height=\"461\" srcset=\"https:\/\/terradomandu.com.br\/wp-content\/uploads\/2026\/09\/90889d3a-56e7-4c56-9f86-f1cdccf4fae1.jpg 820w, https:\/\/terradomandu.com.br\/wp-content\/uploads\/2026\/09\/90889d3a-56e7-4c56-9f86-f1cdccf4fae1-300x169.jpg 300w, https:\/\/terradomandu.com.br\/wp-content\/uploads\/2026\/09\/90889d3a-56e7-4c56-9f86-f1cdccf4fae1-768x432.jpg 768w\" sizes=\"auto, (max-width: 820px) 100vw, 820px\" \/><p id=\"caption-attachment-124368\" class=\"wp-caption-text\">Foto enviada ao Terra do Mandu<\/p><\/div>\n<p class=\"PDq2pG_selectionAnchorContainer\" data-start=\"166\" data-end=\"517\">Cambu\u00ed, no Sul de Minas, recebe durante o m\u00eas de setembro uma exposi\u00e7\u00e3o que convida o p\u00fablico a conhecer, por meio da fotografia, o cotidiano e a cultura do povo Kamaiur\u00e1, do Alto Xingu, em Mato Grosso. A exposi\u00e7\u00e3o \u201cO Povo Kamaiur\u00e1 da Lagoa Ipav\u00fa\u201d, do fot\u00f3grafo e artista Marcus Raio, est\u00e1 aberta \u00e0 visita\u00e7\u00e3o gratuita at\u00e9 o dia 30 de setembro.<\/p>\n<p data-start=\"519\" data-end=\"810\">A mostra re\u00fane 35 fotografias, organizadas em quatro n\u00facleos: a crian\u00e7a, a mulher, o homem e o Kuarup. Os registros apresentam diferentes aspectos da vida na comunidade, incluindo pessoas, pescarias, momentos do cotidiano e a tradicional celebra\u00e7\u00e3o realizada em homenagem aos mortos.<\/p>\n<p data-start=\"812\" data-end=\"1101\">Mais do que apresentar costumes e tradi\u00e7\u00f5es, a exposi\u00e7\u00e3o prop\u00f5e uma reflex\u00e3o sobre diferentes maneiras de enxergar a vida, o tempo e a conviv\u00eancia em sociedade. Para Marcus Raio, o trabalho parte de uma perspectiva art\u00edstica sobre uma cultura na qual a coletividade ocupa um papel central.<\/p>\n<div id=\"attachment_124371\" style=\"width: 830px\" class=\"wp-caption aligncenter\"><img loading=\"lazy\" decoding=\"async\" aria-describedby=\"caption-attachment-124371\" class=\"wp-image-124371 size-full\" src=\"http:\/\/terradomandu.com.br\/wp-content\/uploads\/2026\/09\/f2ca86fa-4725-4ee2-a3fb-493482c1c2ea.jpg\" alt=\"Exposi\u00e7\u00e3o fotogr\u00e1fica apresenta cultura do povo Kamaiur\u00e1 em Cambu\u00ed\" width=\"820\" height=\"461\" srcset=\"https:\/\/terradomandu.com.br\/wp-content\/uploads\/2026\/09\/f2ca86fa-4725-4ee2-a3fb-493482c1c2ea.jpg 820w, https:\/\/terradomandu.com.br\/wp-content\/uploads\/2026\/09\/f2ca86fa-4725-4ee2-a3fb-493482c1c2ea-300x169.jpg 300w, https:\/\/terradomandu.com.br\/wp-content\/uploads\/2026\/09\/f2ca86fa-4725-4ee2-a3fb-493482c1c2ea-768x432.jpg 768w\" sizes=\"auto, (max-width: 820px) 100vw, 820px\" \/><p id=\"caption-attachment-124371\" class=\"wp-caption-text\">Foto enviada ao Terra do Mandu<\/p><\/div>\n<p data-start=\"812\" data-end=\"1101\"><em>\u201cTrata-se do olhar de um artista, seu modo de enxergar uma sociedade que traz a coletividade em sua ess\u00eancia. N\u00e3o \u00e9 um trabalho antropol\u00f3gico, mas uma observa\u00e7\u00e3o art\u00edstica de como a vida pode ser completa na simplicidade\u201d<\/em>, destaca o fot\u00f3grafo.<\/p>\n<p data-start=\"1350\" data-end=\"1633\">A exposi\u00e7\u00e3o tamb\u00e9m busca aproximar o p\u00fablico do processo de cria\u00e7\u00e3o e das experi\u00eancias vividas pelo artista durante o contato com o povo Kamaiur\u00e1. Ao longo do m\u00eas, escolas de Cambu\u00ed e regi\u00e3o poder\u00e3o visitar a mostra, com possibilidade de realiza\u00e7\u00e3o de bate-papos com Marcus Raio.<\/p>\n<p data-start=\"1350\" data-end=\"1633\">Para visitar a exposi\u00e7\u00e3o, at\u00e9 dia 30 de setembro, basta ir at\u00e9 a Sala Agiliza \u2013 Departamento de Tributos da Prefeitura Municipal de Cambu\u00ed, na Rua Jo\u00e3o Moreira Salles, 46. O local funciona de 8h \u00e0s 17h.<\/p>\n<div id=\"attachment_124369\" style=\"width: 830px\" class=\"wp-caption aligncenter\"><img loading=\"lazy\" decoding=\"async\" aria-describedby=\"caption-attachment-124369\" class=\"wp-image-124369 size-full\" src=\"http:\/\/terradomandu.com.br\/wp-content\/uploads\/2026\/09\/2801ed8d-6611-49cb-a304-0002fd674152.jpg\" alt=\"Exposi\u00e7\u00e3o fotogr\u00e1fica apresenta cultura do povo Kamaiur\u00e1 em Cambu\u00ed\" width=\"820\" height=\"461\" srcset=\"https:\/\/terradomandu.com.br\/wp-content\/uploads\/2026\/09\/2801ed8d-6611-49cb-a304-0002fd674152.jpg 820w, https:\/\/terradomandu.com.br\/wp-content\/uploads\/2026\/09\/2801ed8d-6611-49cb-a304-0002fd674152-300x169.jpg 300w, https:\/\/terradomandu.com.br\/wp-content\/uploads\/2026\/09\/2801ed8d-6611-49cb-a304-0002fd674152-768x432.jpg 768w\" sizes=\"auto, (max-width: 820px) 100vw, 820px\" \/><p id=\"caption-attachment-124369\" class=\"wp-caption-text\">Foto enviada ao Terra do Mandu<\/p><\/div>\n<h3 data-section-id=\"19zmexs\" data-start=\"1635\" data-end=\"1647\">Abertura<\/h3>\n<p data-start=\"1649\" data-end=\"1806\">A abertura da exposi\u00e7\u00e3o foi realizada na noite da \u00faltima segunda-feira (31\/9), durante um coquetel que reuniu convidados, parceiros e representantes da comunidade.<\/p>\n<p data-start=\"1808\" data-end=\"2077\">A iniciativa conta com patroc\u00ednio da Micropic Internet e do Restaurante Cucina da Villa, al\u00e9m do apoio da Prefeitura Municipal de Cambu\u00ed, que disponibilizou o espa\u00e7o para a exposi\u00e7\u00e3o. O projeto tamb\u00e9m tem apoio do Minist\u00e9rio da Cultura, por meio da Lei Rouanet.<\/p>\n<div id=\"attachment_124370\" style=\"width: 830px\" class=\"wp-caption aligncenter\"><img loading=\"lazy\" decoding=\"async\" aria-describedby=\"caption-attachment-124370\" class=\"wp-image-124370 size-full\" src=\"http:\/\/terradomandu.com.br\/wp-content\/uploads\/2026\/09\/82b1a82b-c372-47f5-8a52-027a197c7f6e.jpg\" alt=\"Exposi\u00e7\u00e3o fotogr\u00e1fica apresenta cultura do povo Kamaiur\u00e1 em Cambu\u00ed\" width=\"820\" height=\"461\" srcset=\"https:\/\/terradomandu.com.br\/wp-content\/uploads\/2026\/09\/82b1a82b-c372-47f5-8a52-027a197c7f6e.jpg 820w, https:\/\/terradomandu.com.br\/wp-content\/uploads\/2026\/09\/82b1a82b-c372-47f5-8a52-027a197c7f6e-300x169.jpg 300w, https:\/\/terradomandu.com.br\/wp-content\/uploads\/2026\/09\/82b1a82b-c372-47f5-8a52-027a197c7f6e-768x432.jpg 768w\" sizes=\"auto, (max-width: 820px) 100vw, 820px\" \/><p id=\"caption-attachment-124370\" class=\"wp-caption-text\">Foto enviada ao Terra do Mandu<\/p><\/div>\n<div class=\"fb-background-color\">\n\t\t\t  <div \n\t\t\t  \tclass = \"fb-comments\" \n\t\t\t  \tdata-href = \"https:\/\/terradomandu.com.br\/index.php\/2026\/09\/03\/exposicao-fotografica-apresenta-cultura-do-povo-kamaiura-em-cambui\/\"\n\t\t\t  \tdata-numposts = \"10\"\n\t\t\t  \tdata-lazy = \"true\"\n\t\t\t\tdata-colorscheme = \"light\"\n\t\t\t\tdata-order-by = \"social\"\n\t\t\t\tdata-mobile=true>\n\t\t\t  <\/div><\/div>\n\t\t  <style>\n\t\t    .fb-background-color {\n\t\t\t\tbackground: #ffffff !important;\n\t\t\t}\n\t\t\t.fb_iframe_widget_fluid_desktop iframe {\n\t\t\t    width: 100% !important;\n\t\t\t}\n\t\t  <\/style>\n\t\t  ","protected":false},"excerpt":{"rendered":"<p>Cambu\u00ed, no Sul de Minas, recebe durante o m\u00eas de setembro uma exposi\u00e7\u00e3o que convida o p\u00fablico a conhecer, por meio da fotografia, o cotidiano e a cultura do povo Kamaiur\u00e1, do Alto Xingu, em Mato Grosso. A exposi\u00e7\u00e3o \u201cO Povo Kamaiur\u00e1 da Lagoa Ipav\u00fa\u201d, do fot\u00f3grafo e artista Marcus Raio, est\u00e1 aberta \u00e0 visita\u00e7\u00e3o [&hellip;]<\/p>\n","protected":false},"author":17,"featured_media":124368,"comment_status":"open","ping_status":"closed","sticky":false,"template":"","format":"standard","meta":{"_acf_changed":false,"kia_subtitle":"Mostra de Marcus Raio re\u00fane 35 fotografias produzidas no per\u00edodo de conviv\u00eancia no Alto Xingu, em Mato Grosso, e pode ser visitada at\u00e9 30\/9","_jetpack_newsletter_access":"","_jetpack_dont_email_post_to_subs":false,"_jetpack_newsletter_tier_id":0,"_jetpack_memberships_contains_paywalled_content":false,"_jetpack_feature_clip_id":0,"_jetpack_memberships_contains_paid_content":false,"footnotes":"","jetpack_post_was_ever_published":false},"categories":[13,20,149],"tags":[9719],"class_list":["post-124367","post","type-post","status-publish","format-standard","has-post-thumbnail","hentry","category-cultura","category-noticia","category-regiao","tag-o-povo-kamaiura-da-lagoa-ipavu"],"acf":[],"yoast_head":"<!-- This site is optimized with the Yoast SEO plugin v27.9 - https:\/\/yoast.com\/product\/yoast-seo-wordpress\/ -->\n<title>Exposi\u00e7\u00e3o fotogr\u00e1fica apresenta cultura do povo Kamaiur\u00e1 em Cambu\u00ed<\/title>\n<meta name=\"description\" content=\"Mostra de Marcus Raio re\u00fane 35 fotografias produzidas no per\u00edodo de conviv\u00eancia no Alto Xingu, em Mato Grosso, e pode ser visitada at\u00e9 30\/9\" \/>\n<meta name=\"robots\" content=\"index, follow, max-snippet:-1, max-image-preview:large, max-video-preview:-1\" \/>\n<link rel=\"canonical\" href=\"https:\/\/terradomandu.com.br\/index.php\/2026\/09\/03\/exposicao-fotografica-apresenta-cultura-do-povo-kamaiura-em-cambui\/\" \/>\n<meta property=\"og:locale\" content=\"pt_BR\" \/>\n<meta property=\"og:type\" content=\"article\" \/>\n<meta property=\"og:title\" content=\"Exposi\u00e7\u00e3o fotogr\u00e1fica apresenta cultura do povo Kamaiur\u00e1 em Cambu\u00ed\" \/>\n<meta property=\"og:description\" content=\"Mostra de Marcus Raio re\u00fane 35 fotografias produzidas no per\u00edodo de conviv\u00eancia no Alto Xingu, em Mato Grosso, e pode ser visitada at\u00e9 30\/9\" \/>\n<meta property=\"og:url\" content=\"https:\/\/terradomandu.com.br\/index.php\/2026\/09\/03\/exposicao-fotografica-apresenta-cultura-do-povo-kamaiura-em-cambui\/\" \/>\n<meta property=\"og:site_name\" content=\"Terra do Mandu - Not\u00edcias de Pouso Alegre e regi\u00e3o\" \/>\n<meta property=\"article:publisher\" content=\"https:\/\/www.facebook.com\/terradomandu\/\" \/>\n<meta property=\"article:published_time\" content=\"2026-09-03T12:08:21+00:00\" \/>\n<meta property=\"og:image\" content=\"http:\/\/terradomandu.com.br\/wp-content\/uploads\/2026\/09\/90889d3a-56e7-4c56-9f86-f1cdccf4fae1.jpg\" \/>\n\t<meta property=\"og:image:width\" content=\"820\" \/>\n\t<meta property=\"og:image:height\" content=\"461\" \/>\n\t<meta property=\"og:image:type\" content=\"image\/jpeg\" \/>\n<meta name=\"author\" content=\"Iago Almeida\" \/>\n<meta name=\"twitter:card\" content=\"summary_large_image\" \/>\n<meta name=\"twitter:creator\" content=\"@terradomandu\" \/>\n<meta name=\"twitter:site\" content=\"@terradomandu\" \/>\n<meta name=\"twitter:label1\" content=\"Escrito por\" \/>\n\t<meta name=\"twitter:data1\" content=\"Iago Almeida\" \/>\n\t<meta name=\"twitter:label2\" content=\"Est. tempo de leitura\" \/>\n\t<meta name=\"twitter:data2\" content=\"4 minutos\" \/>\n<script type=\"application\/ld+json\" class=\"yoast-schema-graph\">{\"@context\":\"https:\\\/\\\/schema.org\",\"@graph\":[{\"@type\":\"Article\",\"@id\":\"https:\\\/\\\/terradomandu.com.br\\\/index.php\\\/2026\\\/09\\\/03\\\/exposicao-fotografica-apresenta-cultura-do-povo-kamaiura-em-cambui\\\/#article\",\"isPartOf\":{\"@id\":\"https:\\\/\\\/terradomandu.com.br\\\/index.php\\\/2026\\\/09\\\/03\\\/exposicao-fotografica-apresenta-cultura-do-povo-kamaiura-em-cambui\\\/\"},\"author\":{\"name\":\"Iago Almeida\",\"@id\":\"https:\\\/\\\/terradomandu.com.br\\\/#\\\/schema\\\/person\\\/85e4925923043514fb783fc0d9b0643f\"},\"headline\":\"Exposi\u00e7\u00e3o fotogr\u00e1fica apresenta cultura do povo Kamaiur\u00e1 em Cambu\u00ed\",\"datePublished\":\"2026-09-03T12:08:21+00:00\",\"mainEntityOfPage\":{\"@id\":\"https:\\\/\\\/terradomandu.com.br\\\/index.php\\\/2026\\\/09\\\/03\\\/exposicao-fotografica-apresenta-cultura-do-povo-kamaiura-em-cambui\\\/\"},\"wordCount\":436,\"commentCount\":0,\"publisher\":{\"@id\":\"https:\\\/\\\/terradomandu.com.br\\\/#organization\"},\"image\":{\"@id\":\"https:\\\/\\\/terradomandu.com.br\\\/index.php\\\/2026\\\/09\\\/03\\\/exposicao-fotografica-apresenta-cultura-do-povo-kamaiura-em-cambui\\\/#primaryimage\"},\"thumbnailUrl\":\"https:\\\/\\\/terradomandu.com.br\\\/wp-content\\\/uploads\\\/2026\\\/09\\\/90889d3a-56e7-4c56-9f86-f1cdccf4fae1.jpg\",\"keywords\":[\"\u201cO Povo Kamaiur\u00e1 da Lagoa Ipav\u00fa\u201d\"],\"articleSection\":[\"Cultura\",\"Not\u00edcia\",\"Regi\u00e3o\"],\"inLanguage\":\"pt-BR\",\"potentialAction\":[{\"@type\":\"CommentAction\",\"name\":\"Comment\",\"target\":[\"https:\\\/\\\/terradomandu.com.br\\\/index.php\\\/2026\\\/09\\\/03\\\/exposicao-fotografica-apresenta-cultura-do-povo-kamaiura-em-cambui\\\/#respond\"]}]},{\"@type\":\"WebPage\",\"@id\":\"https:\\\/\\\/terradomandu.com.br\\\/index.php\\\/2026\\\/09\\\/03\\\/exposicao-fotografica-apresenta-cultura-do-povo-kamaiura-em-cambui\\\/\",\"url\":\"https:\\\/\\\/terradomandu.com.br\\\/index.php\\\/2026\\\/09\\\/03\\\/exposicao-fotografica-apresenta-cultura-do-povo-kamaiura-em-cambui\\\/\",\"name\":\"Exposi\u00e7\u00e3o fotogr\u00e1fica apresenta cultura do povo Kamaiur\u00e1 em Cambu\u00ed\",\"isPartOf\":{\"@id\":\"https:\\\/\\\/terradomandu.com.br\\\/#website\"},\"primaryImageOfPage\":{\"@id\":\"https:\\\/\\\/terradomandu.com.br\\\/index.php\\\/2026\\\/09\\\/03\\\/exposicao-fotografica-apresenta-cultura-do-povo-kamaiura-em-cambui\\\/#primaryimage\"},\"image\":{\"@id\":\"https:\\\/\\\/terradomandu.com.br\\\/index.php\\\/2026\\\/09\\\/03\\\/exposicao-fotografica-apresenta-cultura-do-povo-kamaiura-em-cambui\\\/#primaryimage\"},\"thumbnailUrl\":\"https:\\\/\\\/terradomandu.com.br\\\/wp-content\\\/uploads\\\/2026\\\/09\\\/90889d3a-56e7-4c56-9f86-f1cdccf4fae1.jpg\",\"datePublished\":\"2026-09-03T12:08:21+00:00\",\"description\":\"Mostra de Marcus Raio re\u00fane 35 fotografias produzidas no per\u00edodo de conviv\u00eancia no Alto Xingu, em Mato Grosso, e pode ser visitada at\u00e9 30\\\/9\",\"breadcrumb\":{\"@id\":\"https:\\\/\\\/terradomandu.com.br\\\/index.php\\\/2026\\\/09\\\/03\\\/exposicao-fotografica-apresenta-cultura-do-povo-kamaiura-em-cambui\\\/#breadcrumb\"},\"inLanguage\":\"pt-BR\",\"potentialAction\":[{\"@type\":\"ReadAction\",\"target\":[\"https:\\\/\\\/terradomandu.com.br\\\/index.php\\\/2026\\\/09\\\/03\\\/exposicao-fotografica-apresenta-cultura-do-povo-kamaiura-em-cambui\\\/\"]}]},{\"@type\":\"ImageObject\",\"inLanguage\":\"pt-BR\",\"@id\":\"https:\\\/\\\/terradomandu.com.br\\\/index.php\\\/2026\\\/09\\\/03\\\/exposicao-fotografica-apresenta-cultura-do-povo-kamaiura-em-cambui\\\/#primaryimage\",\"url\":\"https:\\\/\\\/terradomandu.com.br\\\/wp-content\\\/uploads\\\/2026\\\/09\\\/90889d3a-56e7-4c56-9f86-f1cdccf4fae1.jpg\",\"contentUrl\":\"https:\\\/\\\/terradomandu.com.br\\\/wp-content\\\/uploads\\\/2026\\\/09\\\/90889d3a-56e7-4c56-9f86-f1cdccf4fae1.jpg\",\"width\":820,\"height\":461,\"caption\":\"Exposi\u00e7\u00e3o fotogr\u00e1fica apresenta cultura do povo Kamaiur\u00e1 em Cambu\u00ed\"},{\"@type\":\"BreadcrumbList\",\"@id\":\"https:\\\/\\\/terradomandu.com.br\\\/index.php\\\/2026\\\/09\\\/03\\\/exposicao-fotografica-apresenta-cultura-do-povo-kamaiura-em-cambui\\\/#breadcrumb\",\"itemListElement\":[{\"@type\":\"ListItem\",\"position\":1,\"name\":\"In\u00edcio\",\"item\":\"https:\\\/\\\/terradomandu.com.br\\\/\"},{\"@type\":\"ListItem\",\"position\":2,\"name\":\"Exposi\u00e7\u00e3o fotogr\u00e1fica apresenta cultura do povo Kamaiur\u00e1 em Cambu\u00ed\"}]},{\"@type\":\"WebSite\",\"@id\":\"https:\\\/\\\/terradomandu.com.br\\\/#website\",\"url\":\"https:\\\/\\\/terradomandu.com.br\\\/\",\"name\":\"Terra do Mandu - Not\u00edcias de Pouso Alegre e regi\u00e3o\",\"description\":\"Not\u00edcias de Pouso Alegre e regi\u00e3o. Terra do Mandu \u00e9 jornalismo s\u00e9rio e conte\u00fado pr\u00f3prio.\",\"publisher\":{\"@id\":\"https:\\\/\\\/terradomandu.com.br\\\/#organization\"},\"potentialAction\":[{\"@type\":\"SearchAction\",\"target\":{\"@type\":\"EntryPoint\",\"urlTemplate\":\"https:\\\/\\\/terradomandu.com.br\\\/?s={search_term_string}\"},\"query-input\":{\"@type\":\"PropertyValueSpecification\",\"valueRequired\":true,\"valueName\":\"search_term_string\"}}],\"inLanguage\":\"pt-BR\"},{\"@type\":\"Organization\",\"@id\":\"https:\\\/\\\/terradomandu.com.br\\\/#organization\",\"name\":\"TERRA DO MANDU - NOT\u00cdCIAS DE POUSO ALEGRE E SUL DE MINAS\",\"url\":\"https:\\\/\\\/terradomandu.com.br\\\/\",\"logo\":{\"@type\":\"ImageObject\",\"inLanguage\":\"pt-BR\",\"@id\":\"https:\\\/\\\/terradomandu.com.br\\\/#\\\/schema\\\/logo\\\/image\\\/\",\"url\":\"https:\\\/\\\/terradomandu.com.br\\\/wp-content\\\/uploads\\\/2020\\\/10\\\/logo_azul-1.png\",\"contentUrl\":\"https:\\\/\\\/terradomandu.com.br\\\/wp-content\\\/uploads\\\/2020\\\/10\\\/logo_azul-1.png\",\"width\":1080,\"height\":1080,\"caption\":\"TERRA DO MANDU - NOT\u00cdCIAS DE POUSO ALEGRE E SUL DE MINAS\"},\"image\":{\"@id\":\"https:\\\/\\\/terradomandu.com.br\\\/#\\\/schema\\\/logo\\\/image\\\/\"},\"sameAs\":[\"https:\\\/\\\/www.facebook.com\\\/terradomandu\\\/\",\"https:\\\/\\\/x.com\\\/terradomandu\",\"https:\\\/\\\/www.instagram.com\\\/terradomandu\",\"https:\\\/\\\/www.youtube.com\\\/terradomandu\"]},{\"@type\":\"Person\",\"@id\":\"https:\\\/\\\/terradomandu.com.br\\\/#\\\/schema\\\/person\\\/85e4925923043514fb783fc0d9b0643f\",\"name\":\"Iago Almeida\",\"image\":{\"@type\":\"ImageObject\",\"inLanguage\":\"pt-BR\",\"@id\":\"https:\\\/\\\/secure.gravatar.com\\\/avatar\\\/1c0d735e1391113652fee430a32ef5febd55afc9d31a33f95e354727dbdbedd9?s=96&d=mm&r=g\",\"url\":\"https:\\\/\\\/secure.gravatar.com\\\/avatar\\\/1c0d735e1391113652fee430a32ef5febd55afc9d31a33f95e354727dbdbedd9?s=96&d=mm&r=g\",\"contentUrl\":\"https:\\\/\\\/secure.gravatar.com\\\/avatar\\\/1c0d735e1391113652fee430a32ef5febd55afc9d31a33f95e354727dbdbedd9?s=96&d=mm&r=g\",\"caption\":\"Iago Almeida\"},\"sameAs\":[\"https:\\\/\\\/terradomandu.com.br\"],\"url\":\"https:\\\/\\\/terradomandu.com.br\\\/index.php\\\/author\\\/iago\\\/\"}]}<\/script>\n<!-- \/ Yoast SEO plugin. -->","yoast_head_json":{"title":"Exposi\u00e7\u00e3o fotogr\u00e1fica apresenta cultura do povo Kamaiur\u00e1 em Cambu\u00ed","description":"Mostra de Marcus Raio re\u00fane 35 fotografias produzidas no per\u00edodo de conviv\u00eancia no Alto Xingu, em Mato Grosso, e pode ser visitada at\u00e9 30\/9","robots":{"index":"index","follow":"follow","max-snippet":"max-snippet:-1","max-image-preview":"max-image-preview:large","max-video-preview":"max-video-preview:-1"},"canonical":"https:\/\/terradomandu.com.br\/index.php\/2026\/09\/03\/exposicao-fotografica-apresenta-cultura-do-povo-kamaiura-em-cambui\/","og_locale":"pt_BR","og_type":"article","og_title":"Exposi\u00e7\u00e3o fotogr\u00e1fica apresenta cultura do povo Kamaiur\u00e1 em Cambu\u00ed","og_description":"Mostra de Marcus Raio re\u00fane 35 fotografias produzidas no per\u00edodo de conviv\u00eancia no Alto Xingu, em Mato Grosso, e pode ser visitada at\u00e9 30\/9","og_url":"https:\/\/terradomandu.com.br\/index.php\/2026\/09\/03\/exposicao-fotografica-apresenta-cultura-do-povo-kamaiura-em-cambui\/","og_site_name":"Terra do Mandu - Not\u00edcias de Pouso Alegre e regi\u00e3o","article_publisher":"https:\/\/www.facebook.com\/terradomandu\/","article_published_time":"2026-09-03T12:08:21+00:00","og_image":[{"width":820,"height":461,"url":"http:\/\/terradomandu.com.br\/wp-content\/uploads\/2026\/09\/90889d3a-56e7-4c56-9f86-f1cdccf4fae1.jpg","type":"image\/jpeg"}],"author":"Iago Almeida","twitter_card":"summary_large_image","twitter_creator":"@terradomandu","twitter_site":"@terradomandu","twitter_misc":{"Escrito por":"Iago Almeida","Est. tempo de leitura":"4 minutos"},"schema":{"@context":"https:\/\/schema.org","@graph":[{"@type":"Article","@id":"https:\/\/terradomandu.com.br\/index.php\/2026\/09\/03\/exposicao-fotografica-apresenta-cultura-do-povo-kamaiura-em-cambui\/#article","isPartOf":{"@id":"https:\/\/terradomandu.com.br\/index.php\/2026\/09\/03\/exposicao-fotografica-apresenta-cultura-do-povo-kamaiura-em-cambui\/"},"author":{"name":"Iago Almeida","@id":"https:\/\/terradomandu.com.br\/#\/schema\/person\/85e4925923043514fb783fc0d9b0643f"},"headline":"Exposi\u00e7\u00e3o fotogr\u00e1fica apresenta cultura do povo Kamaiur\u00e1 em Cambu\u00ed","datePublished":"2026-09-03T12:08:21+00:00","mainEntityOfPage":{"@id":"https:\/\/terradomandu.com.br\/index.php\/2026\/09\/03\/exposicao-fotografica-apresenta-cultura-do-povo-kamaiura-em-cambui\/"},"wordCount":436,"commentCount":0,"publisher":{"@id":"https:\/\/terradomandu.com.br\/#organization"},"image":{"@id":"https:\/\/terradomandu.com.br\/index.php\/2026\/09\/03\/exposicao-fotografica-apresenta-cultura-do-povo-kamaiura-em-cambui\/#primaryimage"},"thumbnailUrl":"https:\/\/terradomandu.com.br\/wp-content\/uploads\/2026\/09\/90889d3a-56e7-4c56-9f86-f1cdccf4fae1.jpg","keywords":["\u201cO Povo Kamaiur\u00e1 da Lagoa Ipav\u00fa\u201d"],"articleSection":["Cultura","Not\u00edcia","Regi\u00e3o"],"inLanguage":"pt-BR","potentialAction":[{"@type":"CommentAction","name":"Comment","target":["https:\/\/terradomandu.com.br\/index.php\/2026\/09\/03\/exposicao-fotografica-apresenta-cultura-do-povo-kamaiura-em-cambui\/#respond"]}]},{"@type":"WebPage","@id":"https:\/\/terradomandu.com.br\/index.php\/2026\/09\/03\/exposicao-fotografica-apresenta-cultura-do-povo-kamaiura-em-cambui\/","url":"https:\/\/terradomandu.com.br\/index.php\/2026\/09\/03\/exposicao-fotografica-apresenta-cultura-do-povo-kamaiura-em-cambui\/","name":"Exposi\u00e7\u00e3o fotogr\u00e1fica apresenta cultura do povo Kamaiur\u00e1 em Cambu\u00ed","isPartOf":{"@id":"https:\/\/terradomandu.com.br\/#website"},"primaryImageOfPage":{"@id":"https:\/\/terradomandu.com.br\/index.php\/2026\/09\/03\/exposicao-fotografica-apresenta-cultura-do-povo-kamaiura-em-cambui\/#primaryimage"},"image":{"@id":"https:\/\/terradomandu.com.br\/index.php\/2026\/09\/03\/exposicao-fotografica-apresenta-cultura-do-povo-kamaiura-em-cambui\/#primaryimage"},"thumbnailUrl":"https:\/\/terradomandu.com.br\/wp-content\/uploads\/2026\/09\/90889d3a-56e7-4c56-9f86-f1cdccf4fae1.jpg","datePublished":"2026-09-03T12:08:21+00:00","description":"Mostra de Marcus Raio re\u00fane 35 fotografias produzidas no per\u00edodo de conviv\u00eancia no Alto Xingu, em Mato Grosso, e pode ser visitada at\u00e9 30\/9","breadcrumb":{"@id":"https:\/\/terradomandu.com.br\/index.php\/2026\/09\/03\/exposicao-fotografica-apresenta-cultura-do-povo-kamaiura-em-cambui\/#breadcrumb"},"inLanguage":"pt-BR","potentialAction":[{"@type":"ReadAction","target":["https:\/\/terradomandu.com.br\/index.php\/2026\/09\/03\/exposicao-fotografica-apresenta-cultura-do-povo-kamaiura-em-cambui\/"]}]},{"@type":"ImageObject","inLanguage":"pt-BR","@id":"https:\/\/terradomandu.com.br\/index.php\/2026\/09\/03\/exposicao-fotografica-apresenta-cultura-do-povo-kamaiura-em-cambui\/#primaryimage","url":"https:\/\/terradomandu.com.br\/wp-content\/uploads\/2026\/09\/90889d3a-56e7-4c56-9f86-f1cdccf4fae1.jpg","contentUrl":"https:\/\/terradomandu.com.br\/wp-content\/uploads\/2026\/09\/90889d3a-56e7-4c56-9f86-f1cdccf4fae1.jpg","width":820,"height":461,"caption":"Exposi\u00e7\u00e3o fotogr\u00e1fica apresenta cultura do povo Kamaiur\u00e1 em Cambu\u00ed"},{"@type":"BreadcrumbList","@id":"https:\/\/terradomandu.com.br\/index.php\/2026\/09\/03\/exposicao-fotografica-apresenta-cultura-do-povo-kamaiura-em-cambui\/#breadcrumb","itemListElement":[{"@type":"ListItem","position":1,"name":"In\u00edcio","item":"https:\/\/terradomandu.com.br\/"},{"@type":"ListItem","position":2,"name":"Exposi\u00e7\u00e3o fotogr\u00e1fica apresenta cultura do povo Kamaiur\u00e1 em Cambu\u00ed"}]},{"@type":"WebSite","@id":"https:\/\/terradomandu.com.br\/#website","url":"https:\/\/terradomandu.com.br\/","name":"Terra do Mandu - Not\u00edcias de Pouso Alegre e regi\u00e3o","description":"Not\u00edcias de Pouso Alegre e regi\u00e3o. Terra do Mandu \u00e9 jornalismo s\u00e9rio e conte\u00fado pr\u00f3prio.","publisher":{"@id":"https:\/\/terradomandu.com.br\/#organization"},"potentialAction":[{"@type":"SearchAction","target":{"@type":"EntryPoint","urlTemplate":"https:\/\/terradomandu.com.br\/?s={search_term_string}"},"query-input":{"@type":"PropertyValueSpecification","valueRequired":true,"valueName":"search_term_string"}}],"inLanguage":"pt-BR"},{"@type":"Organization","@id":"https:\/\/terradomandu.com.br\/#organization","name":"TERRA DO MANDU - NOT\u00cdCIAS DE POUSO ALEGRE E SUL DE MINAS","url":"https:\/\/terradomandu.com.br\/","logo":{"@type":"ImageObject","inLanguage":"pt-BR","@id":"https:\/\/terradomandu.com.br\/#\/schema\/logo\/image\/","url":"https:\/\/terradomandu.com.br\/wp-content\/uploads\/2020\/10\/logo_azul-1.png","contentUrl":"https:\/\/terradomandu.com.br\/wp-content\/uploads\/2020\/10\/logo_azul-1.png","width":1080,"height":1080,"caption":"TERRA DO MANDU - NOT\u00cdCIAS DE POUSO ALEGRE E SUL DE MINAS"},"image":{"@id":"https:\/\/terradomandu.com.br\/#\/schema\/logo\/image\/"},"sameAs":["https:\/\/www.facebook.com\/terradomandu\/","https:\/\/x.com\/terradomandu","https:\/\/www.instagram.com\/terradomandu","https:\/\/www.youtube.com\/terradomandu"]},{"@type":"Person","@id":"https:\/\/terradomandu.com.br\/#\/schema\/person\/85e4925923043514fb783fc0d9b0643f","name":"Iago Almeida","image":{"@type":"ImageObject","inLanguage":"pt-BR","@id":"https:\/\/secure.gravatar.com\/avatar\/1c0d735e1391113652fee430a32ef5febd55afc9d31a33f95e354727dbdbedd9?s=96&d=mm&r=g","url":"https:\/\/secure.gravatar.com\/avatar\/1c0d735e1391113652fee430a32ef5febd55afc9d31a33f95e354727dbdbedd9?s=96&d=mm&r=g","contentUrl":"https:\/\/secure.gravatar.com\/avatar\/1c0d735e1391113652fee430a32ef5febd55afc9d31a33f95e354727dbdbedd9?s=96&d=mm&r=g","caption":"Iago Almeida"},"sameAs":["https:\/\/terradomandu.com.br"],"url":"https:\/\/terradomandu.com.br\/index.php\/author\/iago\/"}]}},"jetpack_featured_media_url":"https:\/\/terradomandu.com.br\/wp-content\/uploads\/2026\/09\/90889d3a-56e7-4c56-9f86-f1cdccf4fae1.jpg","jetpack_sharing_enabled":true,"_links":{"self":[{"href":"https:\/\/terradomandu.com.br\/index.php\/wp-json\/wp\/v2\/posts\/124367","targetHints":{"allow":["GET"]}}],"collection":[{"href":"https:\/\/terradomandu.com.br\/index.php\/wp-json\/wp\/v2\/posts"}],"about":[{"href":"https:\/\/terradomandu.com.br\/index.php\/wp-json\/wp\/v2\/types\/post"}],"author":[{"embeddable":true,"href":"https:\/\/terradomandu.com.br\/index.php\/wp-json\/wp\/v2\/users\/17"}],"replies":[{"embeddable":true,"href":"https:\/\/terradomandu.com.br\/index.php\/wp-json\/wp\/v2\/comments?post=124367"}],"version-history":[{"count":2,"href":"https:\/\/terradomandu.com.br\/index.php\/wp-json\/wp\/v2\/posts\/124367\/revisions"}],"predecessor-version":[{"id":124374,"href":"https:\/\/terradomandu.com.br\/index.php\/wp-json\/wp\/v2\/posts\/124367\/revisions\/124374"}],"wp:featuredmedia":[{"embeddable":true,"href":"https:\/\/terradomandu.com.br\/index.php\/wp-json\/wp\/v2\/media\/124368"}],"wp:attachment":[{"href":"https:\/\/terradomandu.com.br\/index.php\/wp-json\/wp\/v2\/media?parent=124367"}],"wp:term":[{"taxonomy":"category","embeddable":true,"href":"https:\/\/terradomandu.com.br\/index.php\/wp-json\/wp\/v2\/categories?post=124367"},{"taxonomy":"post_tag","embeddable":true,"href":"https:\/\/terradomandu.com.br\/index.php\/wp-json\/wp\/v2\/tags?post=124367"}],"curies":[{"name":"wp","href":"https:\/\/api.w.org\/{rel}","templated":true}]}}