


{"id":124358,"date":"2026-09-02T21:09:20","date_gmt":"2026-09-03T00:09:20","guid":{"rendered":"https:\/\/terradomandu.com.br\/?p=124358"},"modified":"2026-09-02T21:11:00","modified_gmt":"2026-09-03T00:11:00","slug":"moradores-reclamam-de-condicoes-de-estrada-na-zona-rural-de-borda-da-mata","status":"publish","type":"post","link":"https:\/\/terradomandu.com.br\/index.php\/2026\/09\/02\/moradores-reclamam-de-condicoes-de-estrada-na-zona-rural-de-borda-da-mata\/","title":{"rendered":"Moradores reclamam de condi\u00e7\u00f5es de estrada na zona rural de Borda da Mata"},"content":{"rendered":"<p><iframe loading=\"lazy\" title=\"Quando chove agrava o problema: moradores reclamam das condi\u00e7\u00f5es de estrada rural em Borda da Mata\" width=\"500\" height=\"281\" src=\"https:\/\/www.youtube.com\/embed\/1oh6nMOrz84?feature=oembed\" frameborder=\"0\" allow=\"accelerometer; autoplay; clipboard-write; encrypted-media; gyroscope; picture-in-picture; web-share\" referrerpolicy=\"strict-origin-when-cross-origin\" allowfullscreen><\/iframe><\/p>\n<p>Moradores do bairro da Serrinha, zona rural de Borda da Mata, afirmam que h\u00e1 anos convivem com as condi\u00e7\u00f5es prec\u00e1rias da estrada que passa pelo bairro. A situa\u00e7\u00e3o se agrava quando chove, como ocorreu no in\u00edcio desta semana (1\u00ba\/9).<\/p>\n<p>V\u00eddeo enviado ao Terra do Mandu mostra um \u00f4nibus escolar grudado na lama. Pessoas que conversaram com a nossa reportagem disseram que havia alunos e professor no ve\u00edculo, que s\u00f3 foi retirado ap\u00f3s a ajuda de um trator.<\/p>\n<p>Os moradores contam ainda que o problema \u00e9 antigo. &#8220;H\u00e1 muito tempo a popula\u00e7\u00e3o vem reclamando das condi\u00e7\u00f5es dessa estrada. Quando chove, o problema se agrava ainda mais, a ponto de alguns pais deixarem de mandar seus filhos para a escola por medo de o \u00f4nibus n\u00e3o conseguir passar com seguran\u00e7a&#8221;.<\/p>\n<p>A moradora Cida Matos gravou um v\u00eddeo contando os transtornos vividos por ela e o marido. Os dois s\u00e3o idosos e precisam de ir a consultas ou buscar medicamentos na cidade e em dias de chuva fica quase imposs\u00edvel de sair de casa. Veja na reportagem acima!<\/p>\n<p>Os moradores cobram provid\u00eancias da prefeitura\u00a0 para uma &#8220;solu\u00e7\u00e3o que realmente funcione e que d\u00ea condi\u00e7\u00f5es dignas e seguras para os moradores, alunos, professores e para todos que precisam utilizar essa estrada&#8221;.<\/p>\n<p><strong>O que disse a prefeitura<\/strong><\/p>\n<p>Em nota enviada \u00e0 reda\u00e7\u00e3o do Terra do Mandu, a prefeitura de Borda da Mata informou que a situa\u00e7\u00e3o espec\u00edfica desta semana foi agravada porque as equipes estavam trabalhando na estrada quando veio a chuva.<\/p>\n<p>A administra\u00e7\u00e3o diz ainda que os trabalhos ser\u00e3o retomados assim que as condi\u00e7\u00f5es do solo permitirem e que a estrada ir\u00e1 receber o servi\u00e7o de cascalhamento.<\/p>\n<p>Confira a nota na \u00edntegra:<\/p>\n<p><em>A Prefeitura de Borda da Mata esclarece que as equipes da Secretaria de Obras realizavam servi\u00e7os cronograma de manuten\u00e7\u00e3o preventiva no trecho principal do bairro da Serrinha quando o local foi atingido por chuvas intensas.<\/em><\/p>\n<p><em>Diante do grande volume de \u00e1gua sobre o solo revolvido, a administra\u00e7\u00e3o atuou de forma imediata na regi\u00e3o para prestar socorro e auxiliar na libera\u00e7\u00e3o dos ve\u00edculos afetados.<\/em><\/p>\n<p><em>Os profissionais ir\u00e3o concluir o cascalhamento assim que o solo apresentar a estiagem necess\u00e1ria, orientando os motoristas a utilizarem as vias alternativas e disponibilizando atendimento direto \u00e0 popula\u00e7\u00e3o pelas redes sociais oficiais.<\/em><\/p>\n<p>&nbsp;<\/p>\n<div class=\"fb-background-color\">\n\t\t\t  <div \n\t\t\t  \tclass = \"fb-comments\" \n\t\t\t  \tdata-href = \"https:\/\/terradomandu.com.br\/index.php\/2026\/09\/02\/moradores-reclamam-de-condicoes-de-estrada-na-zona-rural-de-borda-da-mata\/\"\n\t\t\t  \tdata-numposts = \"10\"\n\t\t\t  \tdata-lazy = \"true\"\n\t\t\t\tdata-colorscheme = \"light\"\n\t\t\t\tdata-order-by = \"social\"\n\t\t\t\tdata-mobile=true>\n\t\t\t  <\/div><\/div>\n\t\t  <style>\n\t\t    .fb-background-color {\n\t\t\t\tbackground: #ffffff !important;\n\t\t\t}\n\t\t\t.fb_iframe_widget_fluid_desktop iframe {\n\t\t\t    width: 100% !important;\n\t\t\t}\n\t\t  <\/style>\n\t\t  ","protected":false},"excerpt":{"rendered":"<p>Moradores do bairro da Serrinha, zona rural de Borda da Mata, afirmam que h\u00e1 anos convivem com as condi\u00e7\u00f5es prec\u00e1rias da estrada que passa pelo bairro. A situa\u00e7\u00e3o se agrava quando chove, como ocorreu no in\u00edcio desta semana (1\u00ba\/9). V\u00eddeo enviado ao Terra do Mandu mostra um \u00f4nibus escolar grudado na lama. Pessoas que conversaram [&hellip;]<\/p>\n","protected":false},"author":2,"featured_media":124359,"comment_status":"open","ping_status":"closed","sticky":false,"template":"","format":"standard","meta":{"_acf_changed":false,"kia_subtitle":"Estrada do bairro da Serrinha fica intransit\u00e1vel em dias de chuva e com muita poeira nos dias secos. Prefeitura afirma que ir\u00e1 cascalhar trecho. Veja v\u00eddeo!","_jetpack_newsletter_access":"","_jetpack_dont_email_post_to_subs":false,"_jetpack_newsletter_tier_id":0,"_jetpack_memberships_contains_paywalled_content":false,"_jetpack_feature_clip_id":0,"_jetpack_memberships_contains_paid_content":false,"footnotes":"","jetpack_post_was_ever_published":false},"categories":[526],"tags":[9718],"class_list":["post-124358","post","type-post","status-publish","format-standard","has-post-thumbnail","hentry","category-destaque","tag-bairro-da-serrinha"],"acf":[],"yoast_head":"<!-- This site is optimized with the Yoast SEO plugin v27.9 - https:\/\/yoast.com\/product\/yoast-seo-wordpress\/ -->\n<title>Moradores reclamam de condi\u00e7\u00f5es de estrada na zona rural de Borda da Mata<\/title>\n<meta name=\"description\" content=\"Moradores do bairro da Serrinha, em Borda da Mata, reclamam das condi\u00e7\u00f5es da estrada. Segundo eles, o problema \u00e9 antigo. A prefeitura diz que ir\u00e1 cascalhar o trecho.\" \/>\n<meta name=\"robots\" content=\"index, follow, max-snippet:-1, max-image-preview:large, max-video-preview:-1\" \/>\n<link rel=\"canonical\" href=\"https:\/\/terradomandu.com.br\/index.php\/2026\/09\/02\/moradores-reclamam-de-condicoes-de-estrada-na-zona-rural-de-borda-da-mata\/\" \/>\n<meta property=\"og:locale\" content=\"pt_BR\" \/>\n<meta property=\"og:type\" content=\"article\" \/>\n<meta property=\"og:title\" content=\"Moradores reclamam de condi\u00e7\u00f5es de estrada na zona rural de Borda da Mata\" \/>\n<meta property=\"og:description\" content=\"Moradores do bairro da Serrinha, em Borda da Mata, reclamam das condi\u00e7\u00f5es da estrada. Segundo eles, o problema \u00e9 antigo. A prefeitura diz que ir\u00e1 cascalhar o trecho.\" \/>\n<meta property=\"og:url\" content=\"https:\/\/terradomandu.com.br\/index.php\/2026\/09\/02\/moradores-reclamam-de-condicoes-de-estrada-na-zona-rural-de-borda-da-mata\/\" \/>\n<meta property=\"og:site_name\" content=\"Terra do Mandu - Not\u00edcias de Pouso Alegre e regi\u00e3o\" \/>\n<meta property=\"article:publisher\" content=\"https:\/\/www.facebook.com\/terradomandu\/\" \/>\n<meta property=\"article:published_time\" content=\"2026-09-03T00:09:20+00:00\" \/>\n<meta property=\"article:modified_time\" content=\"2026-09-03T00:11:00+00:00\" \/>\n<meta property=\"og:image\" content=\"http:\/\/terradomandu.com.br\/wp-content\/uploads\/2026\/09\/WhatsApp-Image-2026-09-02-at-14.47.48.jpg\" \/>\n\t<meta property=\"og:image:width\" content=\"899\" \/>\n\t<meta property=\"og:image:height\" content=\"506\" \/>\n\t<meta property=\"og:image:type\" content=\"image\/jpeg\" \/>\n<meta name=\"author\" content=\"Magson Gomes\" \/>\n<meta name=\"twitter:card\" content=\"summary_large_image\" \/>\n<meta name=\"twitter:creator\" content=\"@terradomandu\" \/>\n<meta name=\"twitter:site\" content=\"@terradomandu\" \/>\n<meta name=\"twitter:label1\" content=\"Escrito por\" \/>\n\t<meta name=\"twitter:data1\" content=\"Magson Gomes\" \/>\n\t<meta name=\"twitter:label2\" content=\"Est. tempo de leitura\" \/>\n\t<meta name=\"twitter:data2\" content=\"3 minutos\" \/>\n<script type=\"application\/ld+json\" class=\"yoast-schema-graph\">{\"@context\":\"https:\\\/\\\/schema.org\",\"@graph\":[{\"@type\":\"Article\",\"@id\":\"https:\\\/\\\/terradomandu.com.br\\\/index.php\\\/2026\\\/09\\\/02\\\/moradores-reclamam-de-condicoes-de-estrada-na-zona-rural-de-borda-da-mata\\\/#article\",\"isPartOf\":{\"@id\":\"https:\\\/\\\/terradomandu.com.br\\\/index.php\\\/2026\\\/09\\\/02\\\/moradores-reclamam-de-condicoes-de-estrada-na-zona-rural-de-borda-da-mata\\\/\"},\"author\":{\"name\":\"Magson Gomes\",\"@id\":\"https:\\\/\\\/terradomandu.com.br\\\/#\\\/schema\\\/person\\\/7de057f269b2608e6ca8f7798f29f97b\"},\"headline\":\"Moradores reclamam de condi\u00e7\u00f5es de estrada na zona rural de Borda da Mata\",\"datePublished\":\"2026-09-03T00:09:20+00:00\",\"dateModified\":\"2026-09-03T00:11:00+00:00\",\"mainEntityOfPage\":{\"@id\":\"https:\\\/\\\/terradomandu.com.br\\\/index.php\\\/2026\\\/09\\\/02\\\/moradores-reclamam-de-condicoes-de-estrada-na-zona-rural-de-borda-da-mata\\\/\"},\"wordCount\":422,\"commentCount\":0,\"publisher\":{\"@id\":\"https:\\\/\\\/terradomandu.com.br\\\/#organization\"},\"image\":{\"@id\":\"https:\\\/\\\/terradomandu.com.br\\\/index.php\\\/2026\\\/09\\\/02\\\/moradores-reclamam-de-condicoes-de-estrada-na-zona-rural-de-borda-da-mata\\\/#primaryimage\"},\"thumbnailUrl\":\"https:\\\/\\\/terradomandu.com.br\\\/wp-content\\\/uploads\\\/2026\\\/09\\\/WhatsApp-Image-2026-09-02-at-14.47.48.jpg\",\"keywords\":[\"Bairro da Serrinha\"],\"articleSection\":[\"DESTAQUE\"],\"inLanguage\":\"pt-BR\",\"potentialAction\":[{\"@type\":\"CommentAction\",\"name\":\"Comment\",\"target\":[\"https:\\\/\\\/terradomandu.com.br\\\/index.php\\\/2026\\\/09\\\/02\\\/moradores-reclamam-de-condicoes-de-estrada-na-zona-rural-de-borda-da-mata\\\/#respond\"]}]},{\"@type\":\"WebPage\",\"@id\":\"https:\\\/\\\/terradomandu.com.br\\\/index.php\\\/2026\\\/09\\\/02\\\/moradores-reclamam-de-condicoes-de-estrada-na-zona-rural-de-borda-da-mata\\\/\",\"url\":\"https:\\\/\\\/terradomandu.com.br\\\/index.php\\\/2026\\\/09\\\/02\\\/moradores-reclamam-de-condicoes-de-estrada-na-zona-rural-de-borda-da-mata\\\/\",\"name\":\"Moradores reclamam de condi\u00e7\u00f5es de estrada na zona rural de Borda da Mata\",\"isPartOf\":{\"@id\":\"https:\\\/\\\/terradomandu.com.br\\\/#website\"},\"primaryImageOfPage\":{\"@id\":\"https:\\\/\\\/terradomandu.com.br\\\/index.php\\\/2026\\\/09\\\/02\\\/moradores-reclamam-de-condicoes-de-estrada-na-zona-rural-de-borda-da-mata\\\/#primaryimage\"},\"image\":{\"@id\":\"https:\\\/\\\/terradomandu.com.br\\\/index.php\\\/2026\\\/09\\\/02\\\/moradores-reclamam-de-condicoes-de-estrada-na-zona-rural-de-borda-da-mata\\\/#primaryimage\"},\"thumbnailUrl\":\"https:\\\/\\\/terradomandu.com.br\\\/wp-content\\\/uploads\\\/2026\\\/09\\\/WhatsApp-Image-2026-09-02-at-14.47.48.jpg\",\"datePublished\":\"2026-09-03T00:09:20+00:00\",\"dateModified\":\"2026-09-03T00:11:00+00:00\",\"description\":\"Moradores do bairro da Serrinha, em Borda da Mata, reclamam das condi\u00e7\u00f5es da estrada. Segundo eles, o problema \u00e9 antigo. A prefeitura diz que ir\u00e1 cascalhar o trecho.\",\"breadcrumb\":{\"@id\":\"https:\\\/\\\/terradomandu.com.br\\\/index.php\\\/2026\\\/09\\\/02\\\/moradores-reclamam-de-condicoes-de-estrada-na-zona-rural-de-borda-da-mata\\\/#breadcrumb\"},\"inLanguage\":\"pt-BR\",\"potentialAction\":[{\"@type\":\"ReadAction\",\"target\":[\"https:\\\/\\\/terradomandu.com.br\\\/index.php\\\/2026\\\/09\\\/02\\\/moradores-reclamam-de-condicoes-de-estrada-na-zona-rural-de-borda-da-mata\\\/\"]}]},{\"@type\":\"ImageObject\",\"inLanguage\":\"pt-BR\",\"@id\":\"https:\\\/\\\/terradomandu.com.br\\\/index.php\\\/2026\\\/09\\\/02\\\/moradores-reclamam-de-condicoes-de-estrada-na-zona-rural-de-borda-da-mata\\\/#primaryimage\",\"url\":\"https:\\\/\\\/terradomandu.com.br\\\/wp-content\\\/uploads\\\/2026\\\/09\\\/WhatsApp-Image-2026-09-02-at-14.47.48.jpg\",\"contentUrl\":\"https:\\\/\\\/terradomandu.com.br\\\/wp-content\\\/uploads\\\/2026\\\/09\\\/WhatsApp-Image-2026-09-02-at-14.47.48.jpg\",\"width\":899,\"height\":506},{\"@type\":\"BreadcrumbList\",\"@id\":\"https:\\\/\\\/terradomandu.com.br\\\/index.php\\\/2026\\\/09\\\/02\\\/moradores-reclamam-de-condicoes-de-estrada-na-zona-rural-de-borda-da-mata\\\/#breadcrumb\",\"itemListElement\":[{\"@type\":\"ListItem\",\"position\":1,\"name\":\"In\u00edcio\",\"item\":\"https:\\\/\\\/terradomandu.com.br\\\/\"},{\"@type\":\"ListItem\",\"position\":2,\"name\":\"Moradores reclamam de condi\u00e7\u00f5es de estrada na zona rural de Borda da Mata\"}]},{\"@type\":\"WebSite\",\"@id\":\"https:\\\/\\\/terradomandu.com.br\\\/#website\",\"url\":\"https:\\\/\\\/terradomandu.com.br\\\/\",\"name\":\"Terra do Mandu - Not\u00edcias de Pouso Alegre e regi\u00e3o\",\"description\":\"Not\u00edcias de Pouso Alegre e regi\u00e3o. Terra do Mandu \u00e9 jornalismo s\u00e9rio e conte\u00fado pr\u00f3prio.\",\"publisher\":{\"@id\":\"https:\\\/\\\/terradomandu.com.br\\\/#organization\"},\"potentialAction\":[{\"@type\":\"SearchAction\",\"target\":{\"@type\":\"EntryPoint\",\"urlTemplate\":\"https:\\\/\\\/terradomandu.com.br\\\/?s={search_term_string}\"},\"query-input\":{\"@type\":\"PropertyValueSpecification\",\"valueRequired\":true,\"valueName\":\"search_term_string\"}}],\"inLanguage\":\"pt-BR\"},{\"@type\":\"Organization\",\"@id\":\"https:\\\/\\\/terradomandu.com.br\\\/#organization\",\"name\":\"TERRA DO MANDU - NOT\u00cdCIAS DE POUSO ALEGRE E SUL DE MINAS\",\"url\":\"https:\\\/\\\/terradomandu.com.br\\\/\",\"logo\":{\"@type\":\"ImageObject\",\"inLanguage\":\"pt-BR\",\"@id\":\"https:\\\/\\\/terradomandu.com.br\\\/#\\\/schema\\\/logo\\\/image\\\/\",\"url\":\"https:\\\/\\\/terradomandu.com.br\\\/wp-content\\\/uploads\\\/2020\\\/10\\\/logo_azul-1.png\",\"contentUrl\":\"https:\\\/\\\/terradomandu.com.br\\\/wp-content\\\/uploads\\\/2020\\\/10\\\/logo_azul-1.png\",\"width\":1080,\"height\":1080,\"caption\":\"TERRA DO MANDU - NOT\u00cdCIAS DE POUSO ALEGRE E SUL DE MINAS\"},\"image\":{\"@id\":\"https:\\\/\\\/terradomandu.com.br\\\/#\\\/schema\\\/logo\\\/image\\\/\"},\"sameAs\":[\"https:\\\/\\\/www.facebook.com\\\/terradomandu\\\/\",\"https:\\\/\\\/x.com\\\/terradomandu\",\"https:\\\/\\\/www.instagram.com\\\/terradomandu\",\"https:\\\/\\\/www.youtube.com\\\/terradomandu\"]},{\"@type\":\"Person\",\"@id\":\"https:\\\/\\\/terradomandu.com.br\\\/#\\\/schema\\\/person\\\/7de057f269b2608e6ca8f7798f29f97b\",\"name\":\"Magson Gomes\",\"image\":{\"@type\":\"ImageObject\",\"inLanguage\":\"pt-BR\",\"@id\":\"https:\\\/\\\/secure.gravatar.com\\\/avatar\\\/dc9dc73e44360b2877063bf5a8519d382eff67a9ed7b83f0acbe1437d7ced006?s=96&d=mm&r=g\",\"url\":\"https:\\\/\\\/secure.gravatar.com\\\/avatar\\\/dc9dc73e44360b2877063bf5a8519d382eff67a9ed7b83f0acbe1437d7ced006?s=96&d=mm&r=g\",\"contentUrl\":\"https:\\\/\\\/secure.gravatar.com\\\/avatar\\\/dc9dc73e44360b2877063bf5a8519d382eff67a9ed7b83f0acbe1437d7ced006?s=96&d=mm&r=g\",\"caption\":\"Magson Gomes\"},\"sameAs\":[\"http:\\\/\\\/www.terradomandu.com.br\"],\"url\":\"https:\\\/\\\/terradomandu.com.br\\\/index.php\\\/author\\\/magson\\\/\"}]}<\/script>\n<!-- \/ Yoast SEO plugin. -->","yoast_head_json":{"title":"Moradores reclamam de condi\u00e7\u00f5es de estrada na zona rural de Borda da Mata","description":"Moradores do bairro da Serrinha, em Borda da Mata, reclamam das condi\u00e7\u00f5es da estrada. Segundo eles, o problema \u00e9 antigo. A prefeitura diz que ir\u00e1 cascalhar o trecho.","robots":{"index":"index","follow":"follow","max-snippet":"max-snippet:-1","max-image-preview":"max-image-preview:large","max-video-preview":"max-video-preview:-1"},"canonical":"https:\/\/terradomandu.com.br\/index.php\/2026\/09\/02\/moradores-reclamam-de-condicoes-de-estrada-na-zona-rural-de-borda-da-mata\/","og_locale":"pt_BR","og_type":"article","og_title":"Moradores reclamam de condi\u00e7\u00f5es de estrada na zona rural de Borda da Mata","og_description":"Moradores do bairro da Serrinha, em Borda da Mata, reclamam das condi\u00e7\u00f5es da estrada. Segundo eles, o problema \u00e9 antigo. A prefeitura diz que ir\u00e1 cascalhar o trecho.","og_url":"https:\/\/terradomandu.com.br\/index.php\/2026\/09\/02\/moradores-reclamam-de-condicoes-de-estrada-na-zona-rural-de-borda-da-mata\/","og_site_name":"Terra do Mandu - Not\u00edcias de Pouso Alegre e regi\u00e3o","article_publisher":"https:\/\/www.facebook.com\/terradomandu\/","article_published_time":"2026-09-03T00:09:20+00:00","article_modified_time":"2026-09-03T00:11:00+00:00","og_image":[{"width":899,"height":506,"url":"http:\/\/terradomandu.com.br\/wp-content\/uploads\/2026\/09\/WhatsApp-Image-2026-09-02-at-14.47.48.jpg","type":"image\/jpeg"}],"author":"Magson Gomes","twitter_card":"summary_large_image","twitter_creator":"@terradomandu","twitter_site":"@terradomandu","twitter_misc":{"Escrito por":"Magson Gomes","Est. tempo de leitura":"3 minutos"},"schema":{"@context":"https:\/\/schema.org","@graph":[{"@type":"Article","@id":"https:\/\/terradomandu.com.br\/index.php\/2026\/09\/02\/moradores-reclamam-de-condicoes-de-estrada-na-zona-rural-de-borda-da-mata\/#article","isPartOf":{"@id":"https:\/\/terradomandu.com.br\/index.php\/2026\/09\/02\/moradores-reclamam-de-condicoes-de-estrada-na-zona-rural-de-borda-da-mata\/"},"author":{"name":"Magson Gomes","@id":"https:\/\/terradomandu.com.br\/#\/schema\/person\/7de057f269b2608e6ca8f7798f29f97b"},"headline":"Moradores reclamam de condi\u00e7\u00f5es de estrada na zona rural de Borda da Mata","datePublished":"2026-09-03T00:09:20+00:00","dateModified":"2026-09-03T00:11:00+00:00","mainEntityOfPage":{"@id":"https:\/\/terradomandu.com.br\/index.php\/2026\/09\/02\/moradores-reclamam-de-condicoes-de-estrada-na-zona-rural-de-borda-da-mata\/"},"wordCount":422,"commentCount":0,"publisher":{"@id":"https:\/\/terradomandu.com.br\/#organization"},"image":{"@id":"https:\/\/terradomandu.com.br\/index.php\/2026\/09\/02\/moradores-reclamam-de-condicoes-de-estrada-na-zona-rural-de-borda-da-mata\/#primaryimage"},"thumbnailUrl":"https:\/\/terradomandu.com.br\/wp-content\/uploads\/2026\/09\/WhatsApp-Image-2026-09-02-at-14.47.48.jpg","keywords":["Bairro da Serrinha"],"articleSection":["DESTAQUE"],"inLanguage":"pt-BR","potentialAction":[{"@type":"CommentAction","name":"Comment","target":["https:\/\/terradomandu.com.br\/index.php\/2026\/09\/02\/moradores-reclamam-de-condicoes-de-estrada-na-zona-rural-de-borda-da-mata\/#respond"]}]},{"@type":"WebPage","@id":"https:\/\/terradomandu.com.br\/index.php\/2026\/09\/02\/moradores-reclamam-de-condicoes-de-estrada-na-zona-rural-de-borda-da-mata\/","url":"https:\/\/terradomandu.com.br\/index.php\/2026\/09\/02\/moradores-reclamam-de-condicoes-de-estrada-na-zona-rural-de-borda-da-mata\/","name":"Moradores reclamam de condi\u00e7\u00f5es de estrada na zona rural de Borda da Mata","isPartOf":{"@id":"https:\/\/terradomandu.com.br\/#website"},"primaryImageOfPage":{"@id":"https:\/\/terradomandu.com.br\/index.php\/2026\/09\/02\/moradores-reclamam-de-condicoes-de-estrada-na-zona-rural-de-borda-da-mata\/#primaryimage"},"image":{"@id":"https:\/\/terradomandu.com.br\/index.php\/2026\/09\/02\/moradores-reclamam-de-condicoes-de-estrada-na-zona-rural-de-borda-da-mata\/#primaryimage"},"thumbnailUrl":"https:\/\/terradomandu.com.br\/wp-content\/uploads\/2026\/09\/WhatsApp-Image-2026-09-02-at-14.47.48.jpg","datePublished":"2026-09-03T00:09:20+00:00","dateModified":"2026-09-03T00:11:00+00:00","description":"Moradores do bairro da Serrinha, em Borda da Mata, reclamam das condi\u00e7\u00f5es da estrada. Segundo eles, o problema \u00e9 antigo. A prefeitura diz que ir\u00e1 cascalhar o trecho.","breadcrumb":{"@id":"https:\/\/terradomandu.com.br\/index.php\/2026\/09\/02\/moradores-reclamam-de-condicoes-de-estrada-na-zona-rural-de-borda-da-mata\/#breadcrumb"},"inLanguage":"pt-BR","potentialAction":[{"@type":"ReadAction","target":["https:\/\/terradomandu.com.br\/index.php\/2026\/09\/02\/moradores-reclamam-de-condicoes-de-estrada-na-zona-rural-de-borda-da-mata\/"]}]},{"@type":"ImageObject","inLanguage":"pt-BR","@id":"https:\/\/terradomandu.com.br\/index.php\/2026\/09\/02\/moradores-reclamam-de-condicoes-de-estrada-na-zona-rural-de-borda-da-mata\/#primaryimage","url":"https:\/\/terradomandu.com.br\/wp-content\/uploads\/2026\/09\/WhatsApp-Image-2026-09-02-at-14.47.48.jpg","contentUrl":"https:\/\/terradomandu.com.br\/wp-content\/uploads\/2026\/09\/WhatsApp-Image-2026-09-02-at-14.47.48.jpg","width":899,"height":506},{"@type":"BreadcrumbList","@id":"https:\/\/terradomandu.com.br\/index.php\/2026\/09\/02\/moradores-reclamam-de-condicoes-de-estrada-na-zona-rural-de-borda-da-mata\/#breadcrumb","itemListElement":[{"@type":"ListItem","position":1,"name":"In\u00edcio","item":"https:\/\/terradomandu.com.br\/"},{"@type":"ListItem","position":2,"name":"Moradores reclamam de condi\u00e7\u00f5es de estrada na zona rural de Borda da Mata"}]},{"@type":"WebSite","@id":"https:\/\/terradomandu.com.br\/#website","url":"https:\/\/terradomandu.com.br\/","name":"Terra do Mandu - Not\u00edcias de Pouso Alegre e regi\u00e3o","description":"Not\u00edcias de Pouso Alegre e regi\u00e3o. Terra do Mandu \u00e9 jornalismo s\u00e9rio e conte\u00fado pr\u00f3prio.","publisher":{"@id":"https:\/\/terradomandu.com.br\/#organization"},"potentialAction":[{"@type":"SearchAction","target":{"@type":"EntryPoint","urlTemplate":"https:\/\/terradomandu.com.br\/?s={search_term_string}"},"query-input":{"@type":"PropertyValueSpecification","valueRequired":true,"valueName":"search_term_string"}}],"inLanguage":"pt-BR"},{"@type":"Organization","@id":"https:\/\/terradomandu.com.br\/#organization","name":"TERRA DO MANDU - NOT\u00cdCIAS DE POUSO ALEGRE E SUL DE MINAS","url":"https:\/\/terradomandu.com.br\/","logo":{"@type":"ImageObject","inLanguage":"pt-BR","@id":"https:\/\/terradomandu.com.br\/#\/schema\/logo\/image\/","url":"https:\/\/terradomandu.com.br\/wp-content\/uploads\/2020\/10\/logo_azul-1.png","contentUrl":"https:\/\/terradomandu.com.br\/wp-content\/uploads\/2020\/10\/logo_azul-1.png","width":1080,"height":1080,"caption":"TERRA DO MANDU - NOT\u00cdCIAS DE POUSO ALEGRE E SUL DE MINAS"},"image":{"@id":"https:\/\/terradomandu.com.br\/#\/schema\/logo\/image\/"},"sameAs":["https:\/\/www.facebook.com\/terradomandu\/","https:\/\/x.com\/terradomandu","https:\/\/www.instagram.com\/terradomandu","https:\/\/www.youtube.com\/terradomandu"]},{"@type":"Person","@id":"https:\/\/terradomandu.com.br\/#\/schema\/person\/7de057f269b2608e6ca8f7798f29f97b","name":"Magson Gomes","image":{"@type":"ImageObject","inLanguage":"pt-BR","@id":"https:\/\/secure.gravatar.com\/avatar\/dc9dc73e44360b2877063bf5a8519d382eff67a9ed7b83f0acbe1437d7ced006?s=96&d=mm&r=g","url":"https:\/\/secure.gravatar.com\/avatar\/dc9dc73e44360b2877063bf5a8519d382eff67a9ed7b83f0acbe1437d7ced006?s=96&d=mm&r=g","contentUrl":"https:\/\/secure.gravatar.com\/avatar\/dc9dc73e44360b2877063bf5a8519d382eff67a9ed7b83f0acbe1437d7ced006?s=96&d=mm&r=g","caption":"Magson Gomes"},"sameAs":["http:\/\/www.terradomandu.com.br"],"url":"https:\/\/terradomandu.com.br\/index.php\/author\/magson\/"}]}},"jetpack_featured_media_url":"https:\/\/terradomandu.com.br\/wp-content\/uploads\/2026\/09\/WhatsApp-Image-2026-09-02-at-14.47.48.jpg","jetpack_sharing_enabled":true,"_links":{"self":[{"href":"https:\/\/terradomandu.com.br\/index.php\/wp-json\/wp\/v2\/posts\/124358","targetHints":{"allow":["GET"]}}],"collection":[{"href":"https:\/\/terradomandu.com.br\/index.php\/wp-json\/wp\/v2\/posts"}],"about":[{"href":"https:\/\/terradomandu.com.br\/index.php\/wp-json\/wp\/v2\/types\/post"}],"author":[{"embeddable":true,"href":"https:\/\/terradomandu.com.br\/index.php\/wp-json\/wp\/v2\/users\/2"}],"replies":[{"embeddable":true,"href":"https:\/\/terradomandu.com.br\/index.php\/wp-json\/wp\/v2\/comments?post=124358"}],"version-history":[{"count":1,"href":"https:\/\/terradomandu.com.br\/index.php\/wp-json\/wp\/v2\/posts\/124358\/revisions"}],"predecessor-version":[{"id":124360,"href":"https:\/\/terradomandu.com.br\/index.php\/wp-json\/wp\/v2\/posts\/124358\/revisions\/124360"}],"wp:featuredmedia":[{"embeddable":true,"href":"https:\/\/terradomandu.com.br\/index.php\/wp-json\/wp\/v2\/media\/124359"}],"wp:attachment":[{"href":"https:\/\/terradomandu.com.br\/index.php\/wp-json\/wp\/v2\/media?parent=124358"}],"wp:term":[{"taxonomy":"category","embeddable":true,"href":"https:\/\/terradomandu.com.br\/index.php\/wp-json\/wp\/v2\/categories?post=124358"},{"taxonomy":"post_tag","embeddable":true,"href":"https:\/\/terradomandu.com.br\/index.php\/wp-json\/wp\/v2\/tags?post=124358"}],"curies":[{"name":"wp","href":"https:\/\/api.w.org\/{rel}","templated":true}]}}