


{"id":124339,"date":"2026-09-02T18:06:40","date_gmt":"2026-09-02T21:06:40","guid":{"rendered":"https:\/\/terradomandu.com.br\/?p=124339"},"modified":"2026-09-02T21:15:28","modified_gmt":"2026-09-03T00:15:28","slug":"setembro-tera-calor-e-chuva-acima-da-media-impulsionados-por-el-nino-intenso","status":"publish","type":"post","link":"https:\/\/terradomandu.com.br\/index.php\/2026\/09\/02\/setembro-tera-calor-e-chuva-acima-da-media-impulsionados-por-el-nino-intenso\/","title":{"rendered":"Setembro ter\u00e1 calor e chuva acima da m\u00e9dia, impulsionados por El Ni\u00f1o intenso"},"content":{"rendered":"<p><iframe loading=\"lazy\" title=\"Setembro ter\u00e1 calor e chuva acima da m\u00e9dia, impulsionados por El Ni\u00f1o intenso\" width=\"500\" height=\"281\" src=\"https:\/\/www.youtube.com\/embed\/Y77cGP7o8zk?feature=oembed\" frameborder=\"0\" allow=\"accelerometer; autoplay; clipboard-write; encrypted-media; gyroscope; picture-in-picture; web-share\" referrerpolicy=\"strict-origin-when-cross-origin\" allowfullscreen><\/iframe><\/p>\n<p>&nbsp;<\/p>\n<p>Setembro ser\u00e1 um m\u00eas marcado por calor e chuva acima da m\u00e9dia no Brasil. \u00c9 a influ\u00eancia do El Ni\u00f1o, que est\u00e1 cada vez mais forte.<\/p>\n<p>O excesso de calor vai predominar no centro-norte do pa\u00eds, enquanto no Sul e em \u00e1reas do Sudeste e Centro-Oeste a chuva frequente e o excesso de nebulosidade podem ficar menos quentes que o normal para o m\u00eas.<\/p>\n<p>A quinta-feira no Sul de Minas ter\u00e1 m\u00e9dia de temperatura m\u00ednima de 11\u00baC e m\u00e1xima de 22\u00baC. E o m\u00eas re\u00fane a passagem de frentes frias e picos de temperaturas mais elevadas, espalhados no pa\u00eds.<\/p>\n<h2>Previs\u00e3o para esta quinta-feira (03\/9)<\/h2>\n<p>Sul de Minas tem previs\u00e3o de amanhecer com poucas nuvens e possibilidade de geada nesta quinta-feira (03\/9). Isso vale para \u00e1reas de Pouso Alegre, Circuito das Malhas, rota que leva ao Vale do Para\u00edba e Extremo Sul de Minas.<\/p>\n<p>J\u00e1 nas cidades na regi\u00e3o de Ipui\u00fana, Silvian\u00f3polis, S\u00e3o Gon\u00e7alo do Sapuca\u00ed e demais \u00e1reas, a previs\u00e3o \u00e9 de poucas nuvens. E a nossa regi\u00e3o est\u00e1 bem pr\u00f3xima dessa \u00e1rea no mapa paulista que indica nevoeiro ou n\u00e9voa \u00famida.<\/p>\n<p>O que chama a aten\u00e7\u00e3o \u00e9 a alta amplitude t\u00e9rmica com diferen\u00e7a m\u00e9dia de 10\u00baC entre a m\u00ednima e m\u00e1xima em v\u00e1rios munic\u00edpios. Ser\u00e1 um dia de tempo est\u00e1vel, com temperaturas m\u00ednimas em m\u00e9dia de 11\u00baC e m\u00e1ximas em 22\u00baC.<\/p>\n<h2>Clima em setembro<\/h2>\n<p>Essa \u00e9poca \u00e9 a transi\u00e7\u00e3o do per\u00edodo seco do inverno para a chegada da primavera, que \u00e9 mais \u00famida, na maior parte do Brasil.\u00a0O aquecimento do Oceano Pac\u00edfico Equatorial segue entre a costa do Peru e do Equador, e segundo os meteorologistas, esse El Ni\u00f1o pode ser muito forte, com extremos e o mais intenso desde 1950.<\/p>\n<p>O que tamb\u00e9m chama a aten\u00e7\u00e3o \u00e9 o aquecimento do Pac\u00edfico Equatorial jamais visto antes e o \u00e1pice do El Ni\u00f1o \u00e9 previsto entre meados da primavera e o come\u00e7o do ver\u00e3o.<\/p>\n<p>Cada regi\u00e3o do Brasil vai sentir esse fen\u00f4meno de diferentes formas. A costa do Sul, do Sudeste e do leste do Nordeste do Brasil deve ficar mais aquecida que o normal.<\/p>\n<p>Aqui no Sudeste e no Sul, esse aquecimento traz o predom\u00ednio de forma\u00e7\u00e3o de baixas press\u00f5es atmosf\u00e9ricas e frentes frias. Esses fen\u00f4menos mant\u00e9m e formam \u00e1reas de chuva no interior.<\/p>\n<p>Segundo a meteorologista Jos\u00e9lia Pegorim, da Climatempo, a chuva vai surpreender neste m\u00eas, o que vai ajudar a reduzir os riscos de propaga\u00e7\u00e3o de queimada ao umedecer o solo e vegeta\u00e7\u00e3o.<\/p>\n<p>Nos primeiros 10 dias de setembro s\u00e3o esperadas pancadas de chuva em \u00e1reas normalmente ainda secas, como o interior do Sudeste, o Centro-Oeste, o Tocantins, sul do Par\u00e1 e o oeste da Bahia. Ser\u00e1 um contraponto em rela\u00e7\u00e3o a setembro de 2025, quando houve queda nos n\u00edveis de chuva.<\/p>\n<div id=\"attachment_124340\" style=\"width: 950px\" class=\"wp-caption aligncenter\"><img loading=\"lazy\" decoding=\"async\" aria-describedby=\"caption-attachment-124340\" class=\"size-full wp-image-124340\" src=\"http:\/\/terradomandu.com.br\/wp-content\/uploads\/2026\/09\/Setembro-2026-site-anomalia-de-precipitacao-prevista.webp\" alt=\"\" width=\"940\" height=\"557\" srcset=\"https:\/\/terradomandu.com.br\/wp-content\/uploads\/2026\/09\/Setembro-2026-site-anomalia-de-precipitacao-prevista.webp 940w, https:\/\/terradomandu.com.br\/wp-content\/uploads\/2026\/09\/Setembro-2026-site-anomalia-de-precipitacao-prevista-300x178.webp 300w, https:\/\/terradomandu.com.br\/wp-content\/uploads\/2026\/09\/Setembro-2026-site-anomalia-de-precipitacao-prevista-768x455.webp 768w\" sizes=\"auto, (max-width: 940px) 100vw, 940px\" \/><p id=\"caption-attachment-124340\" class=\"wp-caption-text\">Mapa de chuvas para setembro de 2026. Fonte Climatempo.<\/p><\/div>\n<p>No mapa temos a previs\u00e3o de mais chuva que o normal no m\u00eas para este ano. As \u00e1reas em verde no Sul, todo o Sudeste e grande parte do Centro Oeste e estados do Nordeste. No Sul o maior \u00edndice de chuva \u00e9 esperado para o Paran\u00e1. Defici\u00eancia de chuva em estados do Norte do Brasil.<\/p>\n<p>Setembro \u00e9 um m\u00eas com dias muito quentes e isso se intensifica. O mapa de anomalia das temperaturas para o m\u00eas mostra \u00e1reas em vermelho com excesso de calor e temperaturas m\u00e9dias acima do normal nos estados do Nordeste, do Norte, grande parte do Centro-Oeste, no centro norte e oeste de Minas Gerais e no Esp\u00edrito Santo.<\/p>\n<div id=\"attachment_124341\" style=\"width: 950px\" class=\"wp-caption aligncenter\"><img loading=\"lazy\" decoding=\"async\" aria-describedby=\"caption-attachment-124341\" class=\"size-full wp-image-124341\" src=\"http:\/\/terradomandu.com.br\/wp-content\/uploads\/2026\/09\/Setembro-2026-site-anomalia-de-temperatura-prevista.webp\" alt=\"\" width=\"940\" height=\"557\" srcset=\"https:\/\/terradomandu.com.br\/wp-content\/uploads\/2026\/09\/Setembro-2026-site-anomalia-de-temperatura-prevista.webp 940w, https:\/\/terradomandu.com.br\/wp-content\/uploads\/2026\/09\/Setembro-2026-site-anomalia-de-temperatura-prevista-300x178.webp 300w, https:\/\/terradomandu.com.br\/wp-content\/uploads\/2026\/09\/Setembro-2026-site-anomalia-de-temperatura-prevista-768x455.webp 768w\" sizes=\"auto, (max-width: 940px) 100vw, 940px\" \/><p id=\"caption-attachment-124341\" class=\"wp-caption-text\">Mapa de temperaturas para setembro de 2026. Fonte Climatempo.<\/p><\/div>\n<p>As \u00e1reas em azul no Sul do Brasil, parte do Mato Grosso do Sul, em S\u00e3o Paulo, no centro-sul de Minas e no estado do Rio de Janeiro, indicam excesso de nebulosidade e chuva frequente, al\u00e9m da passagem do ar frio das frente frias.<\/p>\n<p>A temperatura de setembro deve ser pr\u00f3xima a abaixo do normal, mas ter\u00e3o alguns picos de calor intenso no decorrer do m\u00eas.\u00a0No Sul do Brasil, deve esfriar bastante no 1\u00ba fim de semana de setembro e pode gear nos tr\u00eas estados.<\/p>\n<div class=\"fb-background-color\">\n\t\t\t  <div \n\t\t\t  \tclass = \"fb-comments\" \n\t\t\t  \tdata-href = \"https:\/\/terradomandu.com.br\/index.php\/2026\/09\/02\/setembro-tera-calor-e-chuva-acima-da-media-impulsionados-por-el-nino-intenso\/\"\n\t\t\t  \tdata-numposts = \"10\"\n\t\t\t  \tdata-lazy = \"true\"\n\t\t\t\tdata-colorscheme = \"light\"\n\t\t\t\tdata-order-by = \"social\"\n\t\t\t\tdata-mobile=true>\n\t\t\t  <\/div><\/div>\n\t\t  <style>\n\t\t    .fb-background-color {\n\t\t\t\tbackground: #ffffff !important;\n\t\t\t}\n\t\t\t.fb_iframe_widget_fluid_desktop iframe {\n\t\t\t    width: 100% !important;\n\t\t\t}\n\t\t  <\/style>\n\t\t  ","protected":false},"excerpt":{"rendered":"<p>&nbsp; Setembro ser\u00e1 um m\u00eas marcado por calor e chuva acima da m\u00e9dia no Brasil. \u00c9 a influ\u00eancia do El Ni\u00f1o, que est\u00e1 cada vez mais forte. O excesso de calor vai predominar no centro-norte do pa\u00eds, enquanto no Sul e em \u00e1reas do Sudeste e Centro-Oeste a chuva frequente e o excesso de nebulosidade [&hellip;]<\/p>\n","protected":false},"author":15,"featured_media":124343,"comment_status":"open","ping_status":"closed","sticky":false,"template":"","format":"standard","meta":{"_acf_changed":false,"kia_subtitle":"Quinta-feira no Sul de Minas ter\u00e1 m\u00e9dia de temperatura m\u00ednima de 11\u00baC e m\u00e1xima de 22\u00baC. Confira a previs\u00e3o para o m\u00eas de setembro.","_jetpack_newsletter_access":"","_jetpack_dont_email_post_to_subs":false,"_jetpack_newsletter_tier_id":0,"_jetpack_memberships_contains_paywalled_content":false,"_jetpack_feature_clip_id":0,"_jetpack_memberships_contains_paid_content":false,"footnotes":"","jetpack_post_was_ever_published":false},"categories":[20,149],"tags":[9523],"class_list":["post-124339","post","type-post","status-publish","format-standard","has-post-thumbnail","hentry","category-noticia","category-regiao","tag-previsao-do-mes"],"acf":[],"yoast_head":"<!-- This site is optimized with the Yoast SEO plugin v27.9 - https:\/\/yoast.com\/product\/yoast-seo-wordpress\/ -->\n<title>Setembro ter\u00e1 calor e chuva acima da m\u00e9dia, impulsionados por El Ni\u00f1o intenso<\/title>\n<meta name=\"description\" content=\"Quinta-feira no Sul de Minas ter\u00e1 tempo est\u00e1vel e m\u00e9dia de temperatura m\u00ednima de 11\u00baC e m\u00e1xima de 22\u00baC. Confira a previs\u00e3o para o m\u00eas de setembro e progn\u00f3stico do El Ni\u00f1o.\" \/>\n<meta name=\"robots\" content=\"index, follow, max-snippet:-1, max-image-preview:large, max-video-preview:-1\" \/>\n<link rel=\"canonical\" href=\"https:\/\/terradomandu.com.br\/index.php\/2026\/09\/02\/setembro-tera-calor-e-chuva-acima-da-media-impulsionados-por-el-nino-intenso\/\" \/>\n<meta property=\"og:locale\" content=\"pt_BR\" \/>\n<meta property=\"og:type\" content=\"article\" \/>\n<meta property=\"og:title\" content=\"Setembro ter\u00e1 calor e chuva acima da m\u00e9dia, impulsionados por El Ni\u00f1o intenso\" \/>\n<meta property=\"og:description\" content=\"Quinta-feira no Sul de Minas ter\u00e1 tempo est\u00e1vel e m\u00e9dia de temperatura m\u00ednima de 11\u00baC e m\u00e1xima de 22\u00baC. Confira a previs\u00e3o para o m\u00eas de setembro e progn\u00f3stico do El Ni\u00f1o.\" \/>\n<meta property=\"og:url\" content=\"https:\/\/terradomandu.com.br\/index.php\/2026\/09\/02\/setembro-tera-calor-e-chuva-acima-da-media-impulsionados-por-el-nino-intenso\/\" \/>\n<meta property=\"og:site_name\" content=\"Terra do Mandu - Not\u00edcias de Pouso Alegre e regi\u00e3o\" \/>\n<meta property=\"article:publisher\" content=\"https:\/\/www.facebook.com\/terradomandu\/\" \/>\n<meta property=\"article:published_time\" content=\"2026-09-02T21:06:40+00:00\" \/>\n<meta property=\"article:modified_time\" content=\"2026-09-03T00:15:28+00:00\" \/>\n<meta property=\"og:image\" content=\"http:\/\/terradomandu.com.br\/wp-content\/uploads\/2026\/09\/Setembro-sera-marcado-por-temperaturas-acima-da-media-e-chuvas-alem-do-esperado-para-o-mes.jpeg\" \/>\n\t<meta property=\"og:image:width\" content=\"940\" \/>\n\t<meta property=\"og:image:height\" content=\"529\" \/>\n\t<meta property=\"og:image:type\" content=\"image\/jpeg\" \/>\n<meta name=\"author\" content=\"Nayara Andery\" \/>\n<meta name=\"twitter:card\" content=\"summary_large_image\" \/>\n<meta name=\"twitter:creator\" content=\"@terradomandu\" \/>\n<meta name=\"twitter:site\" content=\"@terradomandu\" \/>\n<meta name=\"twitter:label1\" content=\"Escrito por\" \/>\n\t<meta name=\"twitter:data1\" content=\"Nayara Andery\" \/>\n\t<meta name=\"twitter:label2\" content=\"Est. tempo de leitura\" \/>\n\t<meta name=\"twitter:data2\" content=\"5 minutos\" \/>\n<script type=\"application\/ld+json\" class=\"yoast-schema-graph\">{\"@context\":\"https:\\\/\\\/schema.org\",\"@graph\":[{\"@type\":\"Article\",\"@id\":\"https:\\\/\\\/terradomandu.com.br\\\/index.php\\\/2026\\\/09\\\/02\\\/setembro-tera-calor-e-chuva-acima-da-media-impulsionados-por-el-nino-intenso\\\/#article\",\"isPartOf\":{\"@id\":\"https:\\\/\\\/terradomandu.com.br\\\/index.php\\\/2026\\\/09\\\/02\\\/setembro-tera-calor-e-chuva-acima-da-media-impulsionados-por-el-nino-intenso\\\/\"},\"author\":{\"name\":\"Nayara Andery\",\"@id\":\"https:\\\/\\\/terradomandu.com.br\\\/#\\\/schema\\\/person\\\/061b2b0225000e5ec3b1ae824adef593\"},\"headline\":\"Setembro ter\u00e1 calor e chuva acima da m\u00e9dia, impulsionados por El Ni\u00f1o intenso\",\"datePublished\":\"2026-09-02T21:06:40+00:00\",\"dateModified\":\"2026-09-03T00:15:28+00:00\",\"mainEntityOfPage\":{\"@id\":\"https:\\\/\\\/terradomandu.com.br\\\/index.php\\\/2026\\\/09\\\/02\\\/setembro-tera-calor-e-chuva-acima-da-media-impulsionados-por-el-nino-intenso\\\/\"},\"wordCount\":767,\"commentCount\":0,\"publisher\":{\"@id\":\"https:\\\/\\\/terradomandu.com.br\\\/#organization\"},\"image\":{\"@id\":\"https:\\\/\\\/terradomandu.com.br\\\/index.php\\\/2026\\\/09\\\/02\\\/setembro-tera-calor-e-chuva-acima-da-media-impulsionados-por-el-nino-intenso\\\/#primaryimage\"},\"thumbnailUrl\":\"https:\\\/\\\/terradomandu.com.br\\\/wp-content\\\/uploads\\\/2026\\\/09\\\/Setembro-sera-marcado-por-temperaturas-acima-da-media-e-chuvas-alem-do-esperado-para-o-mes.jpeg\",\"keywords\":[\"Previs\u00e3o do m\u00eas\"],\"articleSection\":[\"Not\u00edcia\",\"Regi\u00e3o\"],\"inLanguage\":\"pt-BR\",\"potentialAction\":[{\"@type\":\"CommentAction\",\"name\":\"Comment\",\"target\":[\"https:\\\/\\\/terradomandu.com.br\\\/index.php\\\/2026\\\/09\\\/02\\\/setembro-tera-calor-e-chuva-acima-da-media-impulsionados-por-el-nino-intenso\\\/#respond\"]}]},{\"@type\":\"WebPage\",\"@id\":\"https:\\\/\\\/terradomandu.com.br\\\/index.php\\\/2026\\\/09\\\/02\\\/setembro-tera-calor-e-chuva-acima-da-media-impulsionados-por-el-nino-intenso\\\/\",\"url\":\"https:\\\/\\\/terradomandu.com.br\\\/index.php\\\/2026\\\/09\\\/02\\\/setembro-tera-calor-e-chuva-acima-da-media-impulsionados-por-el-nino-intenso\\\/\",\"name\":\"Setembro ter\u00e1 calor e chuva acima da m\u00e9dia, impulsionados por El Ni\u00f1o intenso\",\"isPartOf\":{\"@id\":\"https:\\\/\\\/terradomandu.com.br\\\/#website\"},\"primaryImageOfPage\":{\"@id\":\"https:\\\/\\\/terradomandu.com.br\\\/index.php\\\/2026\\\/09\\\/02\\\/setembro-tera-calor-e-chuva-acima-da-media-impulsionados-por-el-nino-intenso\\\/#primaryimage\"},\"image\":{\"@id\":\"https:\\\/\\\/terradomandu.com.br\\\/index.php\\\/2026\\\/09\\\/02\\\/setembro-tera-calor-e-chuva-acima-da-media-impulsionados-por-el-nino-intenso\\\/#primaryimage\"},\"thumbnailUrl\":\"https:\\\/\\\/terradomandu.com.br\\\/wp-content\\\/uploads\\\/2026\\\/09\\\/Setembro-sera-marcado-por-temperaturas-acima-da-media-e-chuvas-alem-do-esperado-para-o-mes.jpeg\",\"datePublished\":\"2026-09-02T21:06:40+00:00\",\"dateModified\":\"2026-09-03T00:15:28+00:00\",\"description\":\"Quinta-feira no Sul de Minas ter\u00e1 tempo est\u00e1vel e m\u00e9dia de temperatura m\u00ednima de 11\u00baC e m\u00e1xima de 22\u00baC. Confira a previs\u00e3o para o m\u00eas de setembro e progn\u00f3stico do El Ni\u00f1o.\",\"breadcrumb\":{\"@id\":\"https:\\\/\\\/terradomandu.com.br\\\/index.php\\\/2026\\\/09\\\/02\\\/setembro-tera-calor-e-chuva-acima-da-media-impulsionados-por-el-nino-intenso\\\/#breadcrumb\"},\"inLanguage\":\"pt-BR\",\"potentialAction\":[{\"@type\":\"ReadAction\",\"target\":[\"https:\\\/\\\/terradomandu.com.br\\\/index.php\\\/2026\\\/09\\\/02\\\/setembro-tera-calor-e-chuva-acima-da-media-impulsionados-por-el-nino-intenso\\\/\"]}]},{\"@type\":\"ImageObject\",\"inLanguage\":\"pt-BR\",\"@id\":\"https:\\\/\\\/terradomandu.com.br\\\/index.php\\\/2026\\\/09\\\/02\\\/setembro-tera-calor-e-chuva-acima-da-media-impulsionados-por-el-nino-intenso\\\/#primaryimage\",\"url\":\"https:\\\/\\\/terradomandu.com.br\\\/wp-content\\\/uploads\\\/2026\\\/09\\\/Setembro-sera-marcado-por-temperaturas-acima-da-media-e-chuvas-alem-do-esperado-para-o-mes.jpeg\",\"contentUrl\":\"https:\\\/\\\/terradomandu.com.br\\\/wp-content\\\/uploads\\\/2026\\\/09\\\/Setembro-sera-marcado-por-temperaturas-acima-da-media-e-chuvas-alem-do-esperado-para-o-mes.jpeg\",\"width\":940,\"height\":529,\"caption\":\"Setembro ser\u00e1 marcado por temperaturas acima da m\u00e9dia e chuvas al\u00e9m do esperado para o m\u00eas.\"},{\"@type\":\"BreadcrumbList\",\"@id\":\"https:\\\/\\\/terradomandu.com.br\\\/index.php\\\/2026\\\/09\\\/02\\\/setembro-tera-calor-e-chuva-acima-da-media-impulsionados-por-el-nino-intenso\\\/#breadcrumb\",\"itemListElement\":[{\"@type\":\"ListItem\",\"position\":1,\"name\":\"In\u00edcio\",\"item\":\"https:\\\/\\\/terradomandu.com.br\\\/\"},{\"@type\":\"ListItem\",\"position\":2,\"name\":\"Setembro ter\u00e1 calor e chuva acima da m\u00e9dia, impulsionados por El Ni\u00f1o intenso\"}]},{\"@type\":\"WebSite\",\"@id\":\"https:\\\/\\\/terradomandu.com.br\\\/#website\",\"url\":\"https:\\\/\\\/terradomandu.com.br\\\/\",\"name\":\"Terra do Mandu - Not\u00edcias de Pouso Alegre e regi\u00e3o\",\"description\":\"Not\u00edcias de Pouso Alegre e regi\u00e3o. Terra do Mandu \u00e9 jornalismo s\u00e9rio e conte\u00fado pr\u00f3prio.\",\"publisher\":{\"@id\":\"https:\\\/\\\/terradomandu.com.br\\\/#organization\"},\"potentialAction\":[{\"@type\":\"SearchAction\",\"target\":{\"@type\":\"EntryPoint\",\"urlTemplate\":\"https:\\\/\\\/terradomandu.com.br\\\/?s={search_term_string}\"},\"query-input\":{\"@type\":\"PropertyValueSpecification\",\"valueRequired\":true,\"valueName\":\"search_term_string\"}}],\"inLanguage\":\"pt-BR\"},{\"@type\":\"Organization\",\"@id\":\"https:\\\/\\\/terradomandu.com.br\\\/#organization\",\"name\":\"TERRA DO MANDU - NOT\u00cdCIAS DE POUSO ALEGRE E SUL DE MINAS\",\"url\":\"https:\\\/\\\/terradomandu.com.br\\\/\",\"logo\":{\"@type\":\"ImageObject\",\"inLanguage\":\"pt-BR\",\"@id\":\"https:\\\/\\\/terradomandu.com.br\\\/#\\\/schema\\\/logo\\\/image\\\/\",\"url\":\"https:\\\/\\\/terradomandu.com.br\\\/wp-content\\\/uploads\\\/2020\\\/10\\\/logo_azul-1.png\",\"contentUrl\":\"https:\\\/\\\/terradomandu.com.br\\\/wp-content\\\/uploads\\\/2020\\\/10\\\/logo_azul-1.png\",\"width\":1080,\"height\":1080,\"caption\":\"TERRA DO MANDU - NOT\u00cdCIAS DE POUSO ALEGRE E SUL DE MINAS\"},\"image\":{\"@id\":\"https:\\\/\\\/terradomandu.com.br\\\/#\\\/schema\\\/logo\\\/image\\\/\"},\"sameAs\":[\"https:\\\/\\\/www.facebook.com\\\/terradomandu\\\/\",\"https:\\\/\\\/x.com\\\/terradomandu\",\"https:\\\/\\\/www.instagram.com\\\/terradomandu\",\"https:\\\/\\\/www.youtube.com\\\/terradomandu\"]},{\"@type\":\"Person\",\"@id\":\"https:\\\/\\\/terradomandu.com.br\\\/#\\\/schema\\\/person\\\/061b2b0225000e5ec3b1ae824adef593\",\"name\":\"Nayara Andery\",\"image\":{\"@type\":\"ImageObject\",\"inLanguage\":\"pt-BR\",\"@id\":\"https:\\\/\\\/secure.gravatar.com\\\/avatar\\\/cb9f581aa88d54cff130ae816a216b38fe51f4485b5382d335bce4533d72d3e3?s=96&d=mm&r=g\",\"url\":\"https:\\\/\\\/secure.gravatar.com\\\/avatar\\\/cb9f581aa88d54cff130ae816a216b38fe51f4485b5382d335bce4533d72d3e3?s=96&d=mm&r=g\",\"contentUrl\":\"https:\\\/\\\/secure.gravatar.com\\\/avatar\\\/cb9f581aa88d54cff130ae816a216b38fe51f4485b5382d335bce4533d72d3e3?s=96&d=mm&r=g\",\"caption\":\"Nayara Andery\"},\"url\":\"https:\\\/\\\/terradomandu.com.br\\\/index.php\\\/author\\\/nayara\\\/\"}]}<\/script>\n<!-- \/ Yoast SEO plugin. -->","yoast_head_json":{"title":"Setembro ter\u00e1 calor e chuva acima da m\u00e9dia, impulsionados por El Ni\u00f1o intenso","description":"Quinta-feira no Sul de Minas ter\u00e1 tempo est\u00e1vel e m\u00e9dia de temperatura m\u00ednima de 11\u00baC e m\u00e1xima de 22\u00baC. Confira a previs\u00e3o para o m\u00eas de setembro e progn\u00f3stico do El Ni\u00f1o.","robots":{"index":"index","follow":"follow","max-snippet":"max-snippet:-1","max-image-preview":"max-image-preview:large","max-video-preview":"max-video-preview:-1"},"canonical":"https:\/\/terradomandu.com.br\/index.php\/2026\/09\/02\/setembro-tera-calor-e-chuva-acima-da-media-impulsionados-por-el-nino-intenso\/","og_locale":"pt_BR","og_type":"article","og_title":"Setembro ter\u00e1 calor e chuva acima da m\u00e9dia, impulsionados por El Ni\u00f1o intenso","og_description":"Quinta-feira no Sul de Minas ter\u00e1 tempo est\u00e1vel e m\u00e9dia de temperatura m\u00ednima de 11\u00baC e m\u00e1xima de 22\u00baC. Confira a previs\u00e3o para o m\u00eas de setembro e progn\u00f3stico do El Ni\u00f1o.","og_url":"https:\/\/terradomandu.com.br\/index.php\/2026\/09\/02\/setembro-tera-calor-e-chuva-acima-da-media-impulsionados-por-el-nino-intenso\/","og_site_name":"Terra do Mandu - Not\u00edcias de Pouso Alegre e regi\u00e3o","article_publisher":"https:\/\/www.facebook.com\/terradomandu\/","article_published_time":"2026-09-02T21:06:40+00:00","article_modified_time":"2026-09-03T00:15:28+00:00","og_image":[{"width":940,"height":529,"url":"http:\/\/terradomandu.com.br\/wp-content\/uploads\/2026\/09\/Setembro-sera-marcado-por-temperaturas-acima-da-media-e-chuvas-alem-do-esperado-para-o-mes.jpeg","type":"image\/jpeg"}],"author":"Nayara Andery","twitter_card":"summary_large_image","twitter_creator":"@terradomandu","twitter_site":"@terradomandu","twitter_misc":{"Escrito por":"Nayara Andery","Est. tempo de leitura":"5 minutos"},"schema":{"@context":"https:\/\/schema.org","@graph":[{"@type":"Article","@id":"https:\/\/terradomandu.com.br\/index.php\/2026\/09\/02\/setembro-tera-calor-e-chuva-acima-da-media-impulsionados-por-el-nino-intenso\/#article","isPartOf":{"@id":"https:\/\/terradomandu.com.br\/index.php\/2026\/09\/02\/setembro-tera-calor-e-chuva-acima-da-media-impulsionados-por-el-nino-intenso\/"},"author":{"name":"Nayara Andery","@id":"https:\/\/terradomandu.com.br\/#\/schema\/person\/061b2b0225000e5ec3b1ae824adef593"},"headline":"Setembro ter\u00e1 calor e chuva acima da m\u00e9dia, impulsionados por El Ni\u00f1o intenso","datePublished":"2026-09-02T21:06:40+00:00","dateModified":"2026-09-03T00:15:28+00:00","mainEntityOfPage":{"@id":"https:\/\/terradomandu.com.br\/index.php\/2026\/09\/02\/setembro-tera-calor-e-chuva-acima-da-media-impulsionados-por-el-nino-intenso\/"},"wordCount":767,"commentCount":0,"publisher":{"@id":"https:\/\/terradomandu.com.br\/#organization"},"image":{"@id":"https:\/\/terradomandu.com.br\/index.php\/2026\/09\/02\/setembro-tera-calor-e-chuva-acima-da-media-impulsionados-por-el-nino-intenso\/#primaryimage"},"thumbnailUrl":"https:\/\/terradomandu.com.br\/wp-content\/uploads\/2026\/09\/Setembro-sera-marcado-por-temperaturas-acima-da-media-e-chuvas-alem-do-esperado-para-o-mes.jpeg","keywords":["Previs\u00e3o do m\u00eas"],"articleSection":["Not\u00edcia","Regi\u00e3o"],"inLanguage":"pt-BR","potentialAction":[{"@type":"CommentAction","name":"Comment","target":["https:\/\/terradomandu.com.br\/index.php\/2026\/09\/02\/setembro-tera-calor-e-chuva-acima-da-media-impulsionados-por-el-nino-intenso\/#respond"]}]},{"@type":"WebPage","@id":"https:\/\/terradomandu.com.br\/index.php\/2026\/09\/02\/setembro-tera-calor-e-chuva-acima-da-media-impulsionados-por-el-nino-intenso\/","url":"https:\/\/terradomandu.com.br\/index.php\/2026\/09\/02\/setembro-tera-calor-e-chuva-acima-da-media-impulsionados-por-el-nino-intenso\/","name":"Setembro ter\u00e1 calor e chuva acima da m\u00e9dia, impulsionados por El Ni\u00f1o intenso","isPartOf":{"@id":"https:\/\/terradomandu.com.br\/#website"},"primaryImageOfPage":{"@id":"https:\/\/terradomandu.com.br\/index.php\/2026\/09\/02\/setembro-tera-calor-e-chuva-acima-da-media-impulsionados-por-el-nino-intenso\/#primaryimage"},"image":{"@id":"https:\/\/terradomandu.com.br\/index.php\/2026\/09\/02\/setembro-tera-calor-e-chuva-acima-da-media-impulsionados-por-el-nino-intenso\/#primaryimage"},"thumbnailUrl":"https:\/\/terradomandu.com.br\/wp-content\/uploads\/2026\/09\/Setembro-sera-marcado-por-temperaturas-acima-da-media-e-chuvas-alem-do-esperado-para-o-mes.jpeg","datePublished":"2026-09-02T21:06:40+00:00","dateModified":"2026-09-03T00:15:28+00:00","description":"Quinta-feira no Sul de Minas ter\u00e1 tempo est\u00e1vel e m\u00e9dia de temperatura m\u00ednima de 11\u00baC e m\u00e1xima de 22\u00baC. Confira a previs\u00e3o para o m\u00eas de setembro e progn\u00f3stico do El Ni\u00f1o.","breadcrumb":{"@id":"https:\/\/terradomandu.com.br\/index.php\/2026\/09\/02\/setembro-tera-calor-e-chuva-acima-da-media-impulsionados-por-el-nino-intenso\/#breadcrumb"},"inLanguage":"pt-BR","potentialAction":[{"@type":"ReadAction","target":["https:\/\/terradomandu.com.br\/index.php\/2026\/09\/02\/setembro-tera-calor-e-chuva-acima-da-media-impulsionados-por-el-nino-intenso\/"]}]},{"@type":"ImageObject","inLanguage":"pt-BR","@id":"https:\/\/terradomandu.com.br\/index.php\/2026\/09\/02\/setembro-tera-calor-e-chuva-acima-da-media-impulsionados-por-el-nino-intenso\/#primaryimage","url":"https:\/\/terradomandu.com.br\/wp-content\/uploads\/2026\/09\/Setembro-sera-marcado-por-temperaturas-acima-da-media-e-chuvas-alem-do-esperado-para-o-mes.jpeg","contentUrl":"https:\/\/terradomandu.com.br\/wp-content\/uploads\/2026\/09\/Setembro-sera-marcado-por-temperaturas-acima-da-media-e-chuvas-alem-do-esperado-para-o-mes.jpeg","width":940,"height":529,"caption":"Setembro ser\u00e1 marcado por temperaturas acima da m\u00e9dia e chuvas al\u00e9m do esperado para o m\u00eas."},{"@type":"BreadcrumbList","@id":"https:\/\/terradomandu.com.br\/index.php\/2026\/09\/02\/setembro-tera-calor-e-chuva-acima-da-media-impulsionados-por-el-nino-intenso\/#breadcrumb","itemListElement":[{"@type":"ListItem","position":1,"name":"In\u00edcio","item":"https:\/\/terradomandu.com.br\/"},{"@type":"ListItem","position":2,"name":"Setembro ter\u00e1 calor e chuva acima da m\u00e9dia, impulsionados por El Ni\u00f1o intenso"}]},{"@type":"WebSite","@id":"https:\/\/terradomandu.com.br\/#website","url":"https:\/\/terradomandu.com.br\/","name":"Terra do Mandu - Not\u00edcias de Pouso Alegre e regi\u00e3o","description":"Not\u00edcias de Pouso Alegre e regi\u00e3o. Terra do Mandu \u00e9 jornalismo s\u00e9rio e conte\u00fado pr\u00f3prio.","publisher":{"@id":"https:\/\/terradomandu.com.br\/#organization"},"potentialAction":[{"@type":"SearchAction","target":{"@type":"EntryPoint","urlTemplate":"https:\/\/terradomandu.com.br\/?s={search_term_string}"},"query-input":{"@type":"PropertyValueSpecification","valueRequired":true,"valueName":"search_term_string"}}],"inLanguage":"pt-BR"},{"@type":"Organization","@id":"https:\/\/terradomandu.com.br\/#organization","name":"TERRA DO MANDU - NOT\u00cdCIAS DE POUSO ALEGRE E SUL DE MINAS","url":"https:\/\/terradomandu.com.br\/","logo":{"@type":"ImageObject","inLanguage":"pt-BR","@id":"https:\/\/terradomandu.com.br\/#\/schema\/logo\/image\/","url":"https:\/\/terradomandu.com.br\/wp-content\/uploads\/2020\/10\/logo_azul-1.png","contentUrl":"https:\/\/terradomandu.com.br\/wp-content\/uploads\/2020\/10\/logo_azul-1.png","width":1080,"height":1080,"caption":"TERRA DO MANDU - NOT\u00cdCIAS DE POUSO ALEGRE E SUL DE MINAS"},"image":{"@id":"https:\/\/terradomandu.com.br\/#\/schema\/logo\/image\/"},"sameAs":["https:\/\/www.facebook.com\/terradomandu\/","https:\/\/x.com\/terradomandu","https:\/\/www.instagram.com\/terradomandu","https:\/\/www.youtube.com\/terradomandu"]},{"@type":"Person","@id":"https:\/\/terradomandu.com.br\/#\/schema\/person\/061b2b0225000e5ec3b1ae824adef593","name":"Nayara Andery","image":{"@type":"ImageObject","inLanguage":"pt-BR","@id":"https:\/\/secure.gravatar.com\/avatar\/cb9f581aa88d54cff130ae816a216b38fe51f4485b5382d335bce4533d72d3e3?s=96&d=mm&r=g","url":"https:\/\/secure.gravatar.com\/avatar\/cb9f581aa88d54cff130ae816a216b38fe51f4485b5382d335bce4533d72d3e3?s=96&d=mm&r=g","contentUrl":"https:\/\/secure.gravatar.com\/avatar\/cb9f581aa88d54cff130ae816a216b38fe51f4485b5382d335bce4533d72d3e3?s=96&d=mm&r=g","caption":"Nayara Andery"},"url":"https:\/\/terradomandu.com.br\/index.php\/author\/nayara\/"}]}},"jetpack_featured_media_url":"https:\/\/terradomandu.com.br\/wp-content\/uploads\/2026\/09\/Setembro-sera-marcado-por-temperaturas-acima-da-media-e-chuvas-alem-do-esperado-para-o-mes.jpeg","jetpack_sharing_enabled":true,"_links":{"self":[{"href":"https:\/\/terradomandu.com.br\/index.php\/wp-json\/wp\/v2\/posts\/124339","targetHints":{"allow":["GET"]}}],"collection":[{"href":"https:\/\/terradomandu.com.br\/index.php\/wp-json\/wp\/v2\/posts"}],"about":[{"href":"https:\/\/terradomandu.com.br\/index.php\/wp-json\/wp\/v2\/types\/post"}],"author":[{"embeddable":true,"href":"https:\/\/terradomandu.com.br\/index.php\/wp-json\/wp\/v2\/users\/15"}],"replies":[{"embeddable":true,"href":"https:\/\/terradomandu.com.br\/index.php\/wp-json\/wp\/v2\/comments?post=124339"}],"version-history":[{"count":5,"href":"https:\/\/terradomandu.com.br\/index.php\/wp-json\/wp\/v2\/posts\/124339\/revisions"}],"predecessor-version":[{"id":124348,"href":"https:\/\/terradomandu.com.br\/index.php\/wp-json\/wp\/v2\/posts\/124339\/revisions\/124348"}],"wp:featuredmedia":[{"embeddable":true,"href":"https:\/\/terradomandu.com.br\/index.php\/wp-json\/wp\/v2\/media\/124343"}],"wp:attachment":[{"href":"https:\/\/terradomandu.com.br\/index.php\/wp-json\/wp\/v2\/media?parent=124339"}],"wp:term":[{"taxonomy":"category","embeddable":true,"href":"https:\/\/terradomandu.com.br\/index.php\/wp-json\/wp\/v2\/categories?post=124339"},{"taxonomy":"post_tag","embeddable":true,"href":"https:\/\/terradomandu.com.br\/index.php\/wp-json\/wp\/v2\/tags?post=124339"}],"curies":[{"name":"wp","href":"https:\/\/api.w.org\/{rel}","templated":true}]}}