


{"id":124326,"date":"2026-09-02T11:28:10","date_gmt":"2026-09-02T14:28:10","guid":{"rendered":"https:\/\/terradomandu.com.br\/?p=124326"},"modified":"2026-09-02T20:30:01","modified_gmt":"2026-09-02T23:30:01","slug":"bloco-leoes-do-horto-abre-pre-venda-para-edicao-especial-de-10-anos","status":"publish","type":"post","link":"https:\/\/terradomandu.com.br\/index.php\/2026\/09\/02\/bloco-leoes-do-horto-abre-pre-venda-para-edicao-especial-de-10-anos\/","title":{"rendered":"Bloco Le\u00f5es do Horto abre pr\u00e9-venda para edi\u00e7\u00e3o especial de 10 anos"},"content":{"rendered":"<p><iframe loading=\"lazy\" title=\"Bloco Le\u00f5es do Horto abre pr\u00e9-venda para edi\u00e7\u00e3o especial de 10 anos\" width=\"500\" height=\"281\" src=\"https:\/\/www.youtube.com\/embed\/2VG3tZONdkE?feature=oembed\" frameborder=\"0\" allow=\"accelerometer; autoplay; clipboard-write; encrypted-media; gyroscope; picture-in-picture; web-share\" referrerpolicy=\"strict-origin-when-cross-origin\" allowfullscreen><\/iframe><\/p>\n<p>O Carnaval 2027 vai celebrar os 10 anos do Bloco Le\u00f5es do Horto, em Pouso Alegre (MG). A pr\u00e9-venda de ingressos promocionais come\u00e7a \u00e0s 12h desta quarta-feira (02\/9). A edi\u00e7\u00e3o comemorativa ser\u00e1 em 6 e 8 de fevereiro.<\/p>\n<p>O Le\u00f5es do Horto se consagra como um dos maiores blocos de carnaval da regi\u00e3o. A venda exclusiva tem pacotes para os dois dias de festa, em lotes promocionais e limitados. O 1\u00ba lote do Ingresso Solid\u00e1rio custa R$ 420, que pode ser parcelado em at\u00e9 6 vezes sem juros.<\/p>\n<p>Os ingressos s\u00e3o vendidos pelo site oficial da Q2 Ingressos. Os pontos de venda presenciais em Pouso Alegre s\u00e3o a Boleria do Bem e Lanna Aviamentos. Tem desconto especial para pagamentos via PIX ou em dinheiro nessas lojas.<\/p>\n<p>Quem comprar o Ingresso Solid\u00e1rio deve entregar 1 kg de alimento n\u00e3o perec\u00edvel ao retirar o abad\u00e1, perto da data da festa. A organiza\u00e7\u00e3o do Le\u00f5es do Horto destaca que ao final do lote promocional os valores ser\u00e3o alterados.<\/p>\n<p>O Le\u00f5es do Horto \u00e9 um evento que re\u00fane fam\u00edlias, amigos e p\u00fablico de todas faixas et\u00e1rias. Ele se destaca pelas atra\u00e7\u00f5es, seguran\u00e7a e qualidade.<\/p>\n<p>O bloco nasceu de uma reuni\u00e3o de amigos e em poucos anos cresceu e se tornou uma das refer\u00eancias de Carnaval em Pouso Alegre. Ele atrai moradores do Sul de Minas e pessoas de outros estados.<\/p>\n<p>As atra\u00e7\u00f5es da edi\u00e7\u00e3o especial ainda ser\u00e3o anunciadas. A organiza\u00e7\u00e3o do evento j\u00e1 realiza os preparativos para fazer a festa que vai celebrar uma d\u00e9cada de hist\u00f3ria do bloco.<\/p>\n<p>O evento tamb\u00e9m tem car\u00e1ter solid\u00e1rio. A arrecada\u00e7\u00e3o de alimentos une e a comemora\u00e7\u00e3o do Carnaval a a\u00e7\u00e3o em benef\u00edcio da comunidade, por meio da redu\u00e7\u00e3o do valor do ingresso em troca da doa\u00e7\u00e3o de alimentos n\u00e3o perec\u00edveis.<\/p>\n<p><a href=\"https:\/\/www.instagram.com\/reels\/DUwQRqxAbVN\/\" target=\"_blank\" rel=\"noopener\">Confira a cobertura do Terra do Mandu no Bloco Le\u00f5es do Horto em 2026<\/a>. Para saber mais sobre o evento acesse o Instagram @blocoleoesdohorto.<\/p>\n<div class=\"fb-background-color\">\n\t\t\t  <div \n\t\t\t  \tclass = \"fb-comments\" \n\t\t\t  \tdata-href = \"https:\/\/terradomandu.com.br\/index.php\/2026\/09\/02\/bloco-leoes-do-horto-abre-pre-venda-para-edicao-especial-de-10-anos\/\"\n\t\t\t  \tdata-numposts = \"10\"\n\t\t\t  \tdata-lazy = \"true\"\n\t\t\t\tdata-colorscheme = \"light\"\n\t\t\t\tdata-order-by = \"social\"\n\t\t\t\tdata-mobile=true>\n\t\t\t  <\/div><\/div>\n\t\t  <style>\n\t\t    .fb-background-color {\n\t\t\t\tbackground: #ffffff !important;\n\t\t\t}\n\t\t\t.fb_iframe_widget_fluid_desktop iframe {\n\t\t\t    width: 100% !important;\n\t\t\t}\n\t\t  <\/style>\n\t\t  ","protected":false},"excerpt":{"rendered":"<p>O Carnaval 2027 vai celebrar os 10 anos do Bloco Le\u00f5es do Horto, em Pouso Alegre (MG). A pr\u00e9-venda de ingressos promocionais come\u00e7a \u00e0s 12h desta quarta-feira (02\/9). A edi\u00e7\u00e3o comemorativa ser\u00e1 em 6 e 8 de fevereiro. O Le\u00f5es do Horto se consagra como um dos maiores blocos de carnaval da regi\u00e3o. A venda [&hellip;]<\/p>\n","protected":false},"author":15,"featured_media":124338,"comment_status":"open","ping_status":"closed","sticky":false,"template":"","format":"standard","meta":{"_acf_changed":false,"kia_subtitle":"Pr\u00e9-venda de ingressos do Bloco Le\u00f5es do Horto 2027 come\u00e7a nesta quarta-feira (02\/9) e tem valor promocional, al\u00e9m de desconto para pagamento em dinheiro ou PIX.","_jetpack_newsletter_access":"","_jetpack_dont_email_post_to_subs":false,"_jetpack_newsletter_tier_id":0,"_jetpack_memberships_contains_paywalled_content":false,"_jetpack_feature_clip_id":0,"_jetpack_memberships_contains_paid_content":false,"footnotes":"","jetpack_post_was_ever_published":false},"categories":[13,20],"tags":[661],"class_list":["post-124326","post","type-post","status-publish","format-standard","has-post-thumbnail","hentry","category-cultura","category-noticia","tag-informe-publicitario"],"acf":[],"yoast_head":"<!-- This site is optimized with the Yoast SEO plugin v27.9 - https:\/\/yoast.com\/product\/yoast-seo-wordpress\/ -->\n<title>Bloco Le\u00f5es do Horto abre pr\u00e9-venda para edi\u00e7\u00e3o especial de 10 anos<\/title>\n<meta name=\"description\" content=\"Pr\u00e9-venda de ingressos do Bloco Le\u00f5es do Horto para Carnaval 2027 come\u00e7a nesta quarta-feira (02) com valor promocional e desconto para pagamento em dinheiro e PIX.\" \/>\n<meta name=\"robots\" content=\"index, follow, max-snippet:-1, max-image-preview:large, max-video-preview:-1\" \/>\n<link rel=\"canonical\" href=\"https:\/\/terradomandu.com.br\/index.php\/2026\/09\/02\/bloco-leoes-do-horto-abre-pre-venda-para-edicao-especial-de-10-anos\/\" \/>\n<meta property=\"og:locale\" content=\"pt_BR\" \/>\n<meta property=\"og:type\" content=\"article\" \/>\n<meta property=\"og:title\" content=\"Bloco Le\u00f5es do Horto abre pr\u00e9-venda para edi\u00e7\u00e3o especial de 10 anos\" \/>\n<meta property=\"og:description\" content=\"Pr\u00e9-venda de ingressos do Bloco Le\u00f5es do Horto para Carnaval 2027 come\u00e7a nesta quarta-feira (02) com valor promocional e desconto para pagamento em dinheiro e PIX.\" \/>\n<meta property=\"og:url\" content=\"https:\/\/terradomandu.com.br\/index.php\/2026\/09\/02\/bloco-leoes-do-horto-abre-pre-venda-para-edicao-especial-de-10-anos\/\" \/>\n<meta property=\"og:site_name\" content=\"Terra do Mandu - Not\u00edcias de Pouso Alegre e regi\u00e3o\" \/>\n<meta property=\"article:publisher\" content=\"https:\/\/www.facebook.com\/terradomandu\/\" \/>\n<meta property=\"article:published_time\" content=\"2026-09-02T14:28:10+00:00\" \/>\n<meta property=\"article:modified_time\" content=\"2026-09-02T23:30:01+00:00\" \/>\n<meta property=\"og:image\" content=\"http:\/\/terradomandu.com.br\/wp-content\/uploads\/2026\/09\/BJS07776.jpg\" \/>\n\t<meta property=\"og:image:width\" content=\"940\" \/>\n\t<meta property=\"og:image:height\" content=\"529\" \/>\n\t<meta property=\"og:image:type\" content=\"image\/jpeg\" \/>\n<meta name=\"author\" content=\"Nayara Andery\" \/>\n<meta name=\"twitter:card\" content=\"summary_large_image\" \/>\n<meta name=\"twitter:creator\" content=\"@terradomandu\" \/>\n<meta name=\"twitter:site\" content=\"@terradomandu\" \/>\n<meta name=\"twitter:label1\" content=\"Escrito por\" \/>\n\t<meta name=\"twitter:data1\" content=\"Nayara Andery\" \/>\n\t<meta name=\"twitter:label2\" content=\"Est. tempo de leitura\" \/>\n\t<meta name=\"twitter:data2\" content=\"2 minutos\" \/>\n<script type=\"application\/ld+json\" class=\"yoast-schema-graph\">{\"@context\":\"https:\\\/\\\/schema.org\",\"@graph\":[{\"@type\":\"Article\",\"@id\":\"https:\\\/\\\/terradomandu.com.br\\\/index.php\\\/2026\\\/09\\\/02\\\/bloco-leoes-do-horto-abre-pre-venda-para-edicao-especial-de-10-anos\\\/#article\",\"isPartOf\":{\"@id\":\"https:\\\/\\\/terradomandu.com.br\\\/index.php\\\/2026\\\/09\\\/02\\\/bloco-leoes-do-horto-abre-pre-venda-para-edicao-especial-de-10-anos\\\/\"},\"author\":{\"name\":\"Nayara Andery\",\"@id\":\"https:\\\/\\\/terradomandu.com.br\\\/#\\\/schema\\\/person\\\/061b2b0225000e5ec3b1ae824adef593\"},\"headline\":\"Bloco Le\u00f5es do Horto abre pr\u00e9-venda para edi\u00e7\u00e3o especial de 10 anos\",\"datePublished\":\"2026-09-02T14:28:10+00:00\",\"dateModified\":\"2026-09-02T23:30:01+00:00\",\"mainEntityOfPage\":{\"@id\":\"https:\\\/\\\/terradomandu.com.br\\\/index.php\\\/2026\\\/09\\\/02\\\/bloco-leoes-do-horto-abre-pre-venda-para-edicao-especial-de-10-anos\\\/\"},\"wordCount\":367,\"commentCount\":0,\"publisher\":{\"@id\":\"https:\\\/\\\/terradomandu.com.br\\\/#organization\"},\"image\":{\"@id\":\"https:\\\/\\\/terradomandu.com.br\\\/index.php\\\/2026\\\/09\\\/02\\\/bloco-leoes-do-horto-abre-pre-venda-para-edicao-especial-de-10-anos\\\/#primaryimage\"},\"thumbnailUrl\":\"https:\\\/\\\/terradomandu.com.br\\\/wp-content\\\/uploads\\\/2026\\\/09\\\/BJS07776.jpg\",\"keywords\":[\"Informe Publicit\u00e1rio\"],\"articleSection\":[\"Cultura\",\"Not\u00edcia\"],\"inLanguage\":\"pt-BR\",\"potentialAction\":[{\"@type\":\"CommentAction\",\"name\":\"Comment\",\"target\":[\"https:\\\/\\\/terradomandu.com.br\\\/index.php\\\/2026\\\/09\\\/02\\\/bloco-leoes-do-horto-abre-pre-venda-para-edicao-especial-de-10-anos\\\/#respond\"]}]},{\"@type\":\"WebPage\",\"@id\":\"https:\\\/\\\/terradomandu.com.br\\\/index.php\\\/2026\\\/09\\\/02\\\/bloco-leoes-do-horto-abre-pre-venda-para-edicao-especial-de-10-anos\\\/\",\"url\":\"https:\\\/\\\/terradomandu.com.br\\\/index.php\\\/2026\\\/09\\\/02\\\/bloco-leoes-do-horto-abre-pre-venda-para-edicao-especial-de-10-anos\\\/\",\"name\":\"Bloco Le\u00f5es do Horto abre pr\u00e9-venda para edi\u00e7\u00e3o especial de 10 anos\",\"isPartOf\":{\"@id\":\"https:\\\/\\\/terradomandu.com.br\\\/#website\"},\"primaryImageOfPage\":{\"@id\":\"https:\\\/\\\/terradomandu.com.br\\\/index.php\\\/2026\\\/09\\\/02\\\/bloco-leoes-do-horto-abre-pre-venda-para-edicao-especial-de-10-anos\\\/#primaryimage\"},\"image\":{\"@id\":\"https:\\\/\\\/terradomandu.com.br\\\/index.php\\\/2026\\\/09\\\/02\\\/bloco-leoes-do-horto-abre-pre-venda-para-edicao-especial-de-10-anos\\\/#primaryimage\"},\"thumbnailUrl\":\"https:\\\/\\\/terradomandu.com.br\\\/wp-content\\\/uploads\\\/2026\\\/09\\\/BJS07776.jpg\",\"datePublished\":\"2026-09-02T14:28:10+00:00\",\"dateModified\":\"2026-09-02T23:30:01+00:00\",\"description\":\"Pr\u00e9-venda de ingressos do Bloco Le\u00f5es do Horto para Carnaval 2027 come\u00e7a nesta quarta-feira (02) com valor promocional e desconto para pagamento em dinheiro e PIX.\",\"breadcrumb\":{\"@id\":\"https:\\\/\\\/terradomandu.com.br\\\/index.php\\\/2026\\\/09\\\/02\\\/bloco-leoes-do-horto-abre-pre-venda-para-edicao-especial-de-10-anos\\\/#breadcrumb\"},\"inLanguage\":\"pt-BR\",\"potentialAction\":[{\"@type\":\"ReadAction\",\"target\":[\"https:\\\/\\\/terradomandu.com.br\\\/index.php\\\/2026\\\/09\\\/02\\\/bloco-leoes-do-horto-abre-pre-venda-para-edicao-especial-de-10-anos\\\/\"]}]},{\"@type\":\"ImageObject\",\"inLanguage\":\"pt-BR\",\"@id\":\"https:\\\/\\\/terradomandu.com.br\\\/index.php\\\/2026\\\/09\\\/02\\\/bloco-leoes-do-horto-abre-pre-venda-para-edicao-especial-de-10-anos\\\/#primaryimage\",\"url\":\"https:\\\/\\\/terradomandu.com.br\\\/wp-content\\\/uploads\\\/2026\\\/09\\\/BJS07776.jpg\",\"contentUrl\":\"https:\\\/\\\/terradomandu.com.br\\\/wp-content\\\/uploads\\\/2026\\\/09\\\/BJS07776.jpg\",\"width\":940,\"height\":529,\"caption\":\"Bloco Le\u00f5es do Horto abre pr\u00e9-venda para edi\u00e7\u00e3o especial de 10 anos. Foto: divulga\u00e7\u00e3o\"},{\"@type\":\"BreadcrumbList\",\"@id\":\"https:\\\/\\\/terradomandu.com.br\\\/index.php\\\/2026\\\/09\\\/02\\\/bloco-leoes-do-horto-abre-pre-venda-para-edicao-especial-de-10-anos\\\/#breadcrumb\",\"itemListElement\":[{\"@type\":\"ListItem\",\"position\":1,\"name\":\"In\u00edcio\",\"item\":\"https:\\\/\\\/terradomandu.com.br\\\/\"},{\"@type\":\"ListItem\",\"position\":2,\"name\":\"Bloco Le\u00f5es do Horto abre pr\u00e9-venda para edi\u00e7\u00e3o especial de 10 anos\"}]},{\"@type\":\"WebSite\",\"@id\":\"https:\\\/\\\/terradomandu.com.br\\\/#website\",\"url\":\"https:\\\/\\\/terradomandu.com.br\\\/\",\"name\":\"Terra do Mandu - Not\u00edcias de Pouso Alegre e regi\u00e3o\",\"description\":\"Not\u00edcias de Pouso Alegre e regi\u00e3o. Terra do Mandu \u00e9 jornalismo s\u00e9rio e conte\u00fado pr\u00f3prio.\",\"publisher\":{\"@id\":\"https:\\\/\\\/terradomandu.com.br\\\/#organization\"},\"potentialAction\":[{\"@type\":\"SearchAction\",\"target\":{\"@type\":\"EntryPoint\",\"urlTemplate\":\"https:\\\/\\\/terradomandu.com.br\\\/?s={search_term_string}\"},\"query-input\":{\"@type\":\"PropertyValueSpecification\",\"valueRequired\":true,\"valueName\":\"search_term_string\"}}],\"inLanguage\":\"pt-BR\"},{\"@type\":\"Organization\",\"@id\":\"https:\\\/\\\/terradomandu.com.br\\\/#organization\",\"name\":\"TERRA DO MANDU - NOT\u00cdCIAS DE POUSO ALEGRE E SUL DE MINAS\",\"url\":\"https:\\\/\\\/terradomandu.com.br\\\/\",\"logo\":{\"@type\":\"ImageObject\",\"inLanguage\":\"pt-BR\",\"@id\":\"https:\\\/\\\/terradomandu.com.br\\\/#\\\/schema\\\/logo\\\/image\\\/\",\"url\":\"https:\\\/\\\/terradomandu.com.br\\\/wp-content\\\/uploads\\\/2020\\\/10\\\/logo_azul-1.png\",\"contentUrl\":\"https:\\\/\\\/terradomandu.com.br\\\/wp-content\\\/uploads\\\/2020\\\/10\\\/logo_azul-1.png\",\"width\":1080,\"height\":1080,\"caption\":\"TERRA DO MANDU - NOT\u00cdCIAS DE POUSO ALEGRE E SUL DE MINAS\"},\"image\":{\"@id\":\"https:\\\/\\\/terradomandu.com.br\\\/#\\\/schema\\\/logo\\\/image\\\/\"},\"sameAs\":[\"https:\\\/\\\/www.facebook.com\\\/terradomandu\\\/\",\"https:\\\/\\\/x.com\\\/terradomandu\",\"https:\\\/\\\/www.instagram.com\\\/terradomandu\",\"https:\\\/\\\/www.youtube.com\\\/terradomandu\"]},{\"@type\":\"Person\",\"@id\":\"https:\\\/\\\/terradomandu.com.br\\\/#\\\/schema\\\/person\\\/061b2b0225000e5ec3b1ae824adef593\",\"name\":\"Nayara Andery\",\"image\":{\"@type\":\"ImageObject\",\"inLanguage\":\"pt-BR\",\"@id\":\"https:\\\/\\\/secure.gravatar.com\\\/avatar\\\/cb9f581aa88d54cff130ae816a216b38fe51f4485b5382d335bce4533d72d3e3?s=96&d=mm&r=g\",\"url\":\"https:\\\/\\\/secure.gravatar.com\\\/avatar\\\/cb9f581aa88d54cff130ae816a216b38fe51f4485b5382d335bce4533d72d3e3?s=96&d=mm&r=g\",\"contentUrl\":\"https:\\\/\\\/secure.gravatar.com\\\/avatar\\\/cb9f581aa88d54cff130ae816a216b38fe51f4485b5382d335bce4533d72d3e3?s=96&d=mm&r=g\",\"caption\":\"Nayara Andery\"},\"url\":\"https:\\\/\\\/terradomandu.com.br\\\/index.php\\\/author\\\/nayara\\\/\"}]}<\/script>\n<!-- \/ Yoast SEO plugin. -->","yoast_head_json":{"title":"Bloco Le\u00f5es do Horto abre pr\u00e9-venda para edi\u00e7\u00e3o especial de 10 anos","description":"Pr\u00e9-venda de ingressos do Bloco Le\u00f5es do Horto para Carnaval 2027 come\u00e7a nesta quarta-feira (02) com valor promocional e desconto para pagamento em dinheiro e PIX.","robots":{"index":"index","follow":"follow","max-snippet":"max-snippet:-1","max-image-preview":"max-image-preview:large","max-video-preview":"max-video-preview:-1"},"canonical":"https:\/\/terradomandu.com.br\/index.php\/2026\/09\/02\/bloco-leoes-do-horto-abre-pre-venda-para-edicao-especial-de-10-anos\/","og_locale":"pt_BR","og_type":"article","og_title":"Bloco Le\u00f5es do Horto abre pr\u00e9-venda para edi\u00e7\u00e3o especial de 10 anos","og_description":"Pr\u00e9-venda de ingressos do Bloco Le\u00f5es do Horto para Carnaval 2027 come\u00e7a nesta quarta-feira (02) com valor promocional e desconto para pagamento em dinheiro e PIX.","og_url":"https:\/\/terradomandu.com.br\/index.php\/2026\/09\/02\/bloco-leoes-do-horto-abre-pre-venda-para-edicao-especial-de-10-anos\/","og_site_name":"Terra do Mandu - Not\u00edcias de Pouso Alegre e regi\u00e3o","article_publisher":"https:\/\/www.facebook.com\/terradomandu\/","article_published_time":"2026-09-02T14:28:10+00:00","article_modified_time":"2026-09-02T23:30:01+00:00","og_image":[{"width":940,"height":529,"url":"http:\/\/terradomandu.com.br\/wp-content\/uploads\/2026\/09\/BJS07776.jpg","type":"image\/jpeg"}],"author":"Nayara Andery","twitter_card":"summary_large_image","twitter_creator":"@terradomandu","twitter_site":"@terradomandu","twitter_misc":{"Escrito por":"Nayara Andery","Est. tempo de leitura":"2 minutos"},"schema":{"@context":"https:\/\/schema.org","@graph":[{"@type":"Article","@id":"https:\/\/terradomandu.com.br\/index.php\/2026\/09\/02\/bloco-leoes-do-horto-abre-pre-venda-para-edicao-especial-de-10-anos\/#article","isPartOf":{"@id":"https:\/\/terradomandu.com.br\/index.php\/2026\/09\/02\/bloco-leoes-do-horto-abre-pre-venda-para-edicao-especial-de-10-anos\/"},"author":{"name":"Nayara Andery","@id":"https:\/\/terradomandu.com.br\/#\/schema\/person\/061b2b0225000e5ec3b1ae824adef593"},"headline":"Bloco Le\u00f5es do Horto abre pr\u00e9-venda para edi\u00e7\u00e3o especial de 10 anos","datePublished":"2026-09-02T14:28:10+00:00","dateModified":"2026-09-02T23:30:01+00:00","mainEntityOfPage":{"@id":"https:\/\/terradomandu.com.br\/index.php\/2026\/09\/02\/bloco-leoes-do-horto-abre-pre-venda-para-edicao-especial-de-10-anos\/"},"wordCount":367,"commentCount":0,"publisher":{"@id":"https:\/\/terradomandu.com.br\/#organization"},"image":{"@id":"https:\/\/terradomandu.com.br\/index.php\/2026\/09\/02\/bloco-leoes-do-horto-abre-pre-venda-para-edicao-especial-de-10-anos\/#primaryimage"},"thumbnailUrl":"https:\/\/terradomandu.com.br\/wp-content\/uploads\/2026\/09\/BJS07776.jpg","keywords":["Informe Publicit\u00e1rio"],"articleSection":["Cultura","Not\u00edcia"],"inLanguage":"pt-BR","potentialAction":[{"@type":"CommentAction","name":"Comment","target":["https:\/\/terradomandu.com.br\/index.php\/2026\/09\/02\/bloco-leoes-do-horto-abre-pre-venda-para-edicao-especial-de-10-anos\/#respond"]}]},{"@type":"WebPage","@id":"https:\/\/terradomandu.com.br\/index.php\/2026\/09\/02\/bloco-leoes-do-horto-abre-pre-venda-para-edicao-especial-de-10-anos\/","url":"https:\/\/terradomandu.com.br\/index.php\/2026\/09\/02\/bloco-leoes-do-horto-abre-pre-venda-para-edicao-especial-de-10-anos\/","name":"Bloco Le\u00f5es do Horto abre pr\u00e9-venda para edi\u00e7\u00e3o especial de 10 anos","isPartOf":{"@id":"https:\/\/terradomandu.com.br\/#website"},"primaryImageOfPage":{"@id":"https:\/\/terradomandu.com.br\/index.php\/2026\/09\/02\/bloco-leoes-do-horto-abre-pre-venda-para-edicao-especial-de-10-anos\/#primaryimage"},"image":{"@id":"https:\/\/terradomandu.com.br\/index.php\/2026\/09\/02\/bloco-leoes-do-horto-abre-pre-venda-para-edicao-especial-de-10-anos\/#primaryimage"},"thumbnailUrl":"https:\/\/terradomandu.com.br\/wp-content\/uploads\/2026\/09\/BJS07776.jpg","datePublished":"2026-09-02T14:28:10+00:00","dateModified":"2026-09-02T23:30:01+00:00","description":"Pr\u00e9-venda de ingressos do Bloco Le\u00f5es do Horto para Carnaval 2027 come\u00e7a nesta quarta-feira (02) com valor promocional e desconto para pagamento em dinheiro e PIX.","breadcrumb":{"@id":"https:\/\/terradomandu.com.br\/index.php\/2026\/09\/02\/bloco-leoes-do-horto-abre-pre-venda-para-edicao-especial-de-10-anos\/#breadcrumb"},"inLanguage":"pt-BR","potentialAction":[{"@type":"ReadAction","target":["https:\/\/terradomandu.com.br\/index.php\/2026\/09\/02\/bloco-leoes-do-horto-abre-pre-venda-para-edicao-especial-de-10-anos\/"]}]},{"@type":"ImageObject","inLanguage":"pt-BR","@id":"https:\/\/terradomandu.com.br\/index.php\/2026\/09\/02\/bloco-leoes-do-horto-abre-pre-venda-para-edicao-especial-de-10-anos\/#primaryimage","url":"https:\/\/terradomandu.com.br\/wp-content\/uploads\/2026\/09\/BJS07776.jpg","contentUrl":"https:\/\/terradomandu.com.br\/wp-content\/uploads\/2026\/09\/BJS07776.jpg","width":940,"height":529,"caption":"Bloco Le\u00f5es do Horto abre pr\u00e9-venda para edi\u00e7\u00e3o especial de 10 anos. Foto: divulga\u00e7\u00e3o"},{"@type":"BreadcrumbList","@id":"https:\/\/terradomandu.com.br\/index.php\/2026\/09\/02\/bloco-leoes-do-horto-abre-pre-venda-para-edicao-especial-de-10-anos\/#breadcrumb","itemListElement":[{"@type":"ListItem","position":1,"name":"In\u00edcio","item":"https:\/\/terradomandu.com.br\/"},{"@type":"ListItem","position":2,"name":"Bloco Le\u00f5es do Horto abre pr\u00e9-venda para edi\u00e7\u00e3o especial de 10 anos"}]},{"@type":"WebSite","@id":"https:\/\/terradomandu.com.br\/#website","url":"https:\/\/terradomandu.com.br\/","name":"Terra do Mandu - Not\u00edcias de Pouso Alegre e regi\u00e3o","description":"Not\u00edcias de Pouso Alegre e regi\u00e3o. Terra do Mandu \u00e9 jornalismo s\u00e9rio e conte\u00fado pr\u00f3prio.","publisher":{"@id":"https:\/\/terradomandu.com.br\/#organization"},"potentialAction":[{"@type":"SearchAction","target":{"@type":"EntryPoint","urlTemplate":"https:\/\/terradomandu.com.br\/?s={search_term_string}"},"query-input":{"@type":"PropertyValueSpecification","valueRequired":true,"valueName":"search_term_string"}}],"inLanguage":"pt-BR"},{"@type":"Organization","@id":"https:\/\/terradomandu.com.br\/#organization","name":"TERRA DO MANDU - NOT\u00cdCIAS DE POUSO ALEGRE E SUL DE MINAS","url":"https:\/\/terradomandu.com.br\/","logo":{"@type":"ImageObject","inLanguage":"pt-BR","@id":"https:\/\/terradomandu.com.br\/#\/schema\/logo\/image\/","url":"https:\/\/terradomandu.com.br\/wp-content\/uploads\/2020\/10\/logo_azul-1.png","contentUrl":"https:\/\/terradomandu.com.br\/wp-content\/uploads\/2020\/10\/logo_azul-1.png","width":1080,"height":1080,"caption":"TERRA DO MANDU - NOT\u00cdCIAS DE POUSO ALEGRE E SUL DE MINAS"},"image":{"@id":"https:\/\/terradomandu.com.br\/#\/schema\/logo\/image\/"},"sameAs":["https:\/\/www.facebook.com\/terradomandu\/","https:\/\/x.com\/terradomandu","https:\/\/www.instagram.com\/terradomandu","https:\/\/www.youtube.com\/terradomandu"]},{"@type":"Person","@id":"https:\/\/terradomandu.com.br\/#\/schema\/person\/061b2b0225000e5ec3b1ae824adef593","name":"Nayara Andery","image":{"@type":"ImageObject","inLanguage":"pt-BR","@id":"https:\/\/secure.gravatar.com\/avatar\/cb9f581aa88d54cff130ae816a216b38fe51f4485b5382d335bce4533d72d3e3?s=96&d=mm&r=g","url":"https:\/\/secure.gravatar.com\/avatar\/cb9f581aa88d54cff130ae816a216b38fe51f4485b5382d335bce4533d72d3e3?s=96&d=mm&r=g","contentUrl":"https:\/\/secure.gravatar.com\/avatar\/cb9f581aa88d54cff130ae816a216b38fe51f4485b5382d335bce4533d72d3e3?s=96&d=mm&r=g","caption":"Nayara Andery"},"url":"https:\/\/terradomandu.com.br\/index.php\/author\/nayara\/"}]}},"jetpack_featured_media_url":"https:\/\/terradomandu.com.br\/wp-content\/uploads\/2026\/09\/BJS07776.jpg","jetpack_sharing_enabled":true,"_links":{"self":[{"href":"https:\/\/terradomandu.com.br\/index.php\/wp-json\/wp\/v2\/posts\/124326","targetHints":{"allow":["GET"]}}],"collection":[{"href":"https:\/\/terradomandu.com.br\/index.php\/wp-json\/wp\/v2\/posts"}],"about":[{"href":"https:\/\/terradomandu.com.br\/index.php\/wp-json\/wp\/v2\/types\/post"}],"author":[{"embeddable":true,"href":"https:\/\/terradomandu.com.br\/index.php\/wp-json\/wp\/v2\/users\/15"}],"replies":[{"embeddable":true,"href":"https:\/\/terradomandu.com.br\/index.php\/wp-json\/wp\/v2\/comments?post=124326"}],"version-history":[{"count":2,"href":"https:\/\/terradomandu.com.br\/index.php\/wp-json\/wp\/v2\/posts\/124326\/revisions"}],"predecessor-version":[{"id":124328,"href":"https:\/\/terradomandu.com.br\/index.php\/wp-json\/wp\/v2\/posts\/124326\/revisions\/124328"}],"wp:featuredmedia":[{"embeddable":true,"href":"https:\/\/terradomandu.com.br\/index.php\/wp-json\/wp\/v2\/media\/124338"}],"wp:attachment":[{"href":"https:\/\/terradomandu.com.br\/index.php\/wp-json\/wp\/v2\/media?parent=124326"}],"wp:term":[{"taxonomy":"category","embeddable":true,"href":"https:\/\/terradomandu.com.br\/index.php\/wp-json\/wp\/v2\/categories?post=124326"},{"taxonomy":"post_tag","embeddable":true,"href":"https:\/\/terradomandu.com.br\/index.php\/wp-json\/wp\/v2\/tags?post=124326"}],"curies":[{"name":"wp","href":"https:\/\/api.w.org\/{rel}","templated":true}]}}