


{"id":124322,"date":"2026-09-01T20:35:54","date_gmt":"2026-09-01T23:35:54","guid":{"rendered":"https:\/\/terradomandu.com.br\/?p=124322"},"modified":"2026-09-01T20:35:54","modified_gmt":"2026-09-01T23:35:54","slug":"candidata-ao-senado-marilia-campos-cumpre-agenda-em-pouso-alegre-e-fala-ao-terra-do-mandu","status":"publish","type":"post","link":"https:\/\/terradomandu.com.br\/index.php\/2026\/09\/01\/candidata-ao-senado-marilia-campos-cumpre-agenda-em-pouso-alegre-e-fala-ao-terra-do-mandu\/","title":{"rendered":"Candidata ao Senado, Mar\u00edlia Campos cumpre agenda em Pouso Alegre e fala ao Terra do Mandu"},"content":{"rendered":"<p><iframe loading=\"lazy\" title=\"Candidata ao Senado, Mar\u00edlia Campos visita Pouso Alegre e fala de suas propostas em entrevista\" width=\"500\" height=\"281\" src=\"https:\/\/www.youtube.com\/embed\/A9HxvrUpz_U?feature=oembed\" frameborder=\"0\" allow=\"accelerometer; autoplay; clipboard-write; encrypted-media; gyroscope; picture-in-picture; web-share\" referrerpolicy=\"strict-origin-when-cross-origin\" allowfullscreen><\/iframe><\/p>\n<p>A candidata ao Senado por Minas Gerais, Mar\u00edlia Campos (PT), esteve em Pouso Alegre nesta ter\u00e7a-feira (1\u00ba\/9), onde cumpriu agenda e falou ao Terra do Mandu. Confira a entrevista acima.<\/p>\n<p>Mar\u00edlia Campos foi prefeita de Contagem, terceira maior cidade mineira, por quatro mandatos. Renunciou ao cargo em mar\u00e7o deste ano para disputar uma das duas vagas do estado no Senado Federal. Ela tamb\u00e9m foi tr\u00eas vezes deputada estadual.<\/p>\n<p>Entre as propostas que a candidata defende est\u00e3o os direitos das mulheres, com a necessidade de ampliar a presen\u00e7a e a participa\u00e7\u00e3o das mulheres nos espa\u00e7os de decis\u00e3o. No Senado, Mar\u00edlia pretende fortalecer pol\u00edticas de prote\u00e7\u00e3o \u00e0s mulheres, combater a viol\u00eancia e o feminic\u00eddio e garantir recursos para que as leis de prote\u00e7\u00e3o sejam efetivamente cumpridas.<\/p>\n<p>A ex-prefeita tamb\u00e9m fala sobre fortalecimento dos munic\u00edpios e desenvolvimento regional que, para ela, \u00e9 sua principal pauta. Sobre o poder de investimento de Minas Gerais, a candidata lembra que s\u00e3o os senadores que fazem o or\u00e7amento que vai para os estados.<\/p>\n<p>Mar\u00edlia Campos ainda responde sobre o fato de ser filiada ao Partido dos Trabalhadores e ter que convencer os eleitores de que &#8216;escolher a pessoa e n\u00e3o o partido&#8217;. Ela afirma que sempre recebeu votos de eleitores conservadores em Contagem, onde foi eleita no primeiro turno na elei\u00e7\u00e3o de 2024.<\/p>\n<p>Ela ainda diz que quer levar ao Senado a experi\u00eancia de gest\u00e3o e articula\u00e7\u00e3o constru\u00edda ao longo de quatro mandatos como prefeita de Contagem. &#8220;A proposta \u00e9 defender a democracia e construir di\u00e1logo entre munic\u00edpios, Estado, Governo Federal e diferentes setores da sociedade para viabilizar solu\u00e7\u00f5es para Minas&#8221;.<\/p>\n<p><strong>Minas tem duas vagas ao Senado<\/strong><\/p>\n<p>Nas elei\u00e7\u00f5es de 2026 os eleitores v\u00e3o escolher dois candidatos para o Senado. Minas Gerais tem 16 nomes na disputa. O Terra do Mandu ir\u00e1 ouvir os candidatos mais bem colocados nas pesquisas que visitarem Pouso Alegre ao longo da campanha.<\/p>\n<div class=\"fb-background-color\">\n\t\t\t  <div \n\t\t\t  \tclass = \"fb-comments\" \n\t\t\t  \tdata-href = \"https:\/\/terradomandu.com.br\/index.php\/2026\/09\/01\/candidata-ao-senado-marilia-campos-cumpre-agenda-em-pouso-alegre-e-fala-ao-terra-do-mandu\/\"\n\t\t\t  \tdata-numposts = \"10\"\n\t\t\t  \tdata-lazy = \"true\"\n\t\t\t\tdata-colorscheme = \"light\"\n\t\t\t\tdata-order-by = \"social\"\n\t\t\t\tdata-mobile=true>\n\t\t\t  <\/div><\/div>\n\t\t  <style>\n\t\t    .fb-background-color {\n\t\t\t\tbackground: #ffffff !important;\n\t\t\t}\n\t\t\t.fb_iframe_widget_fluid_desktop iframe {\n\t\t\t    width: 100% !important;\n\t\t\t}\n\t\t  <\/style>\n\t\t  ","protected":false},"excerpt":{"rendered":"<p>A candidata ao Senado por Minas Gerais, Mar\u00edlia Campos (PT), esteve em Pouso Alegre nesta ter\u00e7a-feira (1\u00ba\/9), onde cumpriu agenda e falou ao Terra do Mandu. Confira a entrevista acima. Mar\u00edlia Campos foi prefeita de Contagem, terceira maior cidade mineira, por quatro mandatos. Renunciou ao cargo em mar\u00e7o deste ano para disputar uma das duas [&hellip;]<\/p>\n","protected":false},"author":2,"featured_media":124323,"comment_status":"open","ping_status":"closed","sticky":false,"template":"","format":"standard","meta":{"_acf_changed":false,"kia_subtitle":"Entre suas propostas est\u00e3o a maior participa\u00e7\u00e3o da mulher na pol\u00edtica e o desenvolvimento das cidades. Mar\u00edlia Campos foi prefeita de Contagem por quatro mandatos.","_jetpack_newsletter_access":"","_jetpack_dont_email_post_to_subs":false,"_jetpack_newsletter_tier_id":0,"_jetpack_memberships_contains_paywalled_content":false,"_jetpack_feature_clip_id":0,"_jetpack_memberships_contains_paid_content":false,"footnotes":"","jetpack_post_was_ever_published":false},"categories":[526,2],"tags":[9652],"class_list":["post-124322","post","type-post","status-publish","format-standard","has-post-thumbnail","hentry","category-destaque","category-politica","tag-eleicoes-2026"],"acf":[],"yoast_head":"<!-- This site is optimized with the Yoast SEO plugin v27.9 - https:\/\/yoast.com\/product\/yoast-seo-wordpress\/ -->\n<title>Candidata ao Senado, Mar\u00edlia Campos visita Pouso Alegre e fala ao Terra do Mandu<\/title>\n<meta name=\"description\" content=\"A candidata ao Senado por Minas Gerais, Mar\u00edlia Campos, esteve em Pouso Alegre nesta ter\u00e7a-feira (1\u00ba\/9), onde cumpriu agenda e falou ao Terra do Mandu. Confira entrevista.\" \/>\n<meta name=\"robots\" content=\"index, follow, max-snippet:-1, max-image-preview:large, max-video-preview:-1\" \/>\n<link rel=\"canonical\" href=\"https:\/\/terradomandu.com.br\/index.php\/2026\/09\/01\/candidata-ao-senado-marilia-campos-cumpre-agenda-em-pouso-alegre-e-fala-ao-terra-do-mandu\/\" \/>\n<meta property=\"og:locale\" content=\"pt_BR\" \/>\n<meta property=\"og:type\" content=\"article\" \/>\n<meta property=\"og:title\" content=\"Candidata ao Senado, Mar\u00edlia Campos visita Pouso Alegre e fala ao Terra do Mandu\" \/>\n<meta property=\"og:description\" content=\"A candidata ao Senado por Minas Gerais, Mar\u00edlia Campos, esteve em Pouso Alegre nesta ter\u00e7a-feira (1\u00ba\/9), onde cumpriu agenda e falou ao Terra do Mandu. Confira entrevista.\" \/>\n<meta property=\"og:url\" content=\"https:\/\/terradomandu.com.br\/index.php\/2026\/09\/01\/candidata-ao-senado-marilia-campos-cumpre-agenda-em-pouso-alegre-e-fala-ao-terra-do-mandu\/\" \/>\n<meta property=\"og:site_name\" content=\"Terra do Mandu - Not\u00edcias de Pouso Alegre e regi\u00e3o\" \/>\n<meta property=\"article:publisher\" content=\"https:\/\/www.facebook.com\/terradomandu\/\" \/>\n<meta property=\"article:published_time\" content=\"2026-09-01T23:35:54+00:00\" \/>\n<meta property=\"og:image\" content=\"http:\/\/terradomandu.com.br\/wp-content\/uploads\/2026\/09\/WhatsApp-Image-2026-09-01-at-20.20.16.jpeg\" \/>\n\t<meta property=\"og:image:width\" content=\"940\" \/>\n\t<meta property=\"og:image:height\" content=\"529\" \/>\n\t<meta property=\"og:image:type\" content=\"image\/jpeg\" \/>\n<meta name=\"author\" content=\"Magson Gomes\" \/>\n<meta name=\"twitter:card\" content=\"summary_large_image\" \/>\n<meta name=\"twitter:creator\" content=\"@terradomandu\" \/>\n<meta name=\"twitter:site\" content=\"@terradomandu\" \/>\n<meta name=\"twitter:label1\" content=\"Escrito por\" \/>\n\t<meta name=\"twitter:data1\" content=\"Magson Gomes\" \/>\n\t<meta name=\"twitter:label2\" content=\"Est. tempo de leitura\" \/>\n\t<meta name=\"twitter:data2\" content=\"2 minutos\" \/>\n<script type=\"application\/ld+json\" class=\"yoast-schema-graph\">{\"@context\":\"https:\\\/\\\/schema.org\",\"@graph\":[{\"@type\":\"Article\",\"@id\":\"https:\\\/\\\/terradomandu.com.br\\\/index.php\\\/2026\\\/09\\\/01\\\/candidata-ao-senado-marilia-campos-cumpre-agenda-em-pouso-alegre-e-fala-ao-terra-do-mandu\\\/#article\",\"isPartOf\":{\"@id\":\"https:\\\/\\\/terradomandu.com.br\\\/index.php\\\/2026\\\/09\\\/01\\\/candidata-ao-senado-marilia-campos-cumpre-agenda-em-pouso-alegre-e-fala-ao-terra-do-mandu\\\/\"},\"author\":{\"name\":\"Magson Gomes\",\"@id\":\"https:\\\/\\\/terradomandu.com.br\\\/#\\\/schema\\\/person\\\/7de057f269b2608e6ca8f7798f29f97b\"},\"headline\":\"Candidata ao Senado, Mar\u00edlia Campos cumpre agenda em Pouso Alegre e fala ao Terra do Mandu\",\"datePublished\":\"2026-09-01T23:35:54+00:00\",\"mainEntityOfPage\":{\"@id\":\"https:\\\/\\\/terradomandu.com.br\\\/index.php\\\/2026\\\/09\\\/01\\\/candidata-ao-senado-marilia-campos-cumpre-agenda-em-pouso-alegre-e-fala-ao-terra-do-mandu\\\/\"},\"wordCount\":365,\"commentCount\":0,\"publisher\":{\"@id\":\"https:\\\/\\\/terradomandu.com.br\\\/#organization\"},\"image\":{\"@id\":\"https:\\\/\\\/terradomandu.com.br\\\/index.php\\\/2026\\\/09\\\/01\\\/candidata-ao-senado-marilia-campos-cumpre-agenda-em-pouso-alegre-e-fala-ao-terra-do-mandu\\\/#primaryimage\"},\"thumbnailUrl\":\"https:\\\/\\\/terradomandu.com.br\\\/wp-content\\\/uploads\\\/2026\\\/09\\\/WhatsApp-Image-2026-09-01-at-20.20.16.jpeg\",\"keywords\":[\"Elei\u00e7\u00f5es 2026\"],\"articleSection\":[\"DESTAQUE\",\"Pol\u00edtica\"],\"inLanguage\":\"pt-BR\",\"potentialAction\":[{\"@type\":\"CommentAction\",\"name\":\"Comment\",\"target\":[\"https:\\\/\\\/terradomandu.com.br\\\/index.php\\\/2026\\\/09\\\/01\\\/candidata-ao-senado-marilia-campos-cumpre-agenda-em-pouso-alegre-e-fala-ao-terra-do-mandu\\\/#respond\"]}]},{\"@type\":\"WebPage\",\"@id\":\"https:\\\/\\\/terradomandu.com.br\\\/index.php\\\/2026\\\/09\\\/01\\\/candidata-ao-senado-marilia-campos-cumpre-agenda-em-pouso-alegre-e-fala-ao-terra-do-mandu\\\/\",\"url\":\"https:\\\/\\\/terradomandu.com.br\\\/index.php\\\/2026\\\/09\\\/01\\\/candidata-ao-senado-marilia-campos-cumpre-agenda-em-pouso-alegre-e-fala-ao-terra-do-mandu\\\/\",\"name\":\"Candidata ao Senado, Mar\u00edlia Campos visita Pouso Alegre e fala ao Terra do Mandu\",\"isPartOf\":{\"@id\":\"https:\\\/\\\/terradomandu.com.br\\\/#website\"},\"primaryImageOfPage\":{\"@id\":\"https:\\\/\\\/terradomandu.com.br\\\/index.php\\\/2026\\\/09\\\/01\\\/candidata-ao-senado-marilia-campos-cumpre-agenda-em-pouso-alegre-e-fala-ao-terra-do-mandu\\\/#primaryimage\"},\"image\":{\"@id\":\"https:\\\/\\\/terradomandu.com.br\\\/index.php\\\/2026\\\/09\\\/01\\\/candidata-ao-senado-marilia-campos-cumpre-agenda-em-pouso-alegre-e-fala-ao-terra-do-mandu\\\/#primaryimage\"},\"thumbnailUrl\":\"https:\\\/\\\/terradomandu.com.br\\\/wp-content\\\/uploads\\\/2026\\\/09\\\/WhatsApp-Image-2026-09-01-at-20.20.16.jpeg\",\"datePublished\":\"2026-09-01T23:35:54+00:00\",\"description\":\"A candidata ao Senado por Minas Gerais, Mar\u00edlia Campos, esteve em Pouso Alegre nesta ter\u00e7a-feira (1\u00ba\\\/9), onde cumpriu agenda e falou ao Terra do Mandu. Confira entrevista.\",\"breadcrumb\":{\"@id\":\"https:\\\/\\\/terradomandu.com.br\\\/index.php\\\/2026\\\/09\\\/01\\\/candidata-ao-senado-marilia-campos-cumpre-agenda-em-pouso-alegre-e-fala-ao-terra-do-mandu\\\/#breadcrumb\"},\"inLanguage\":\"pt-BR\",\"potentialAction\":[{\"@type\":\"ReadAction\",\"target\":[\"https:\\\/\\\/terradomandu.com.br\\\/index.php\\\/2026\\\/09\\\/01\\\/candidata-ao-senado-marilia-campos-cumpre-agenda-em-pouso-alegre-e-fala-ao-terra-do-mandu\\\/\"]}]},{\"@type\":\"ImageObject\",\"inLanguage\":\"pt-BR\",\"@id\":\"https:\\\/\\\/terradomandu.com.br\\\/index.php\\\/2026\\\/09\\\/01\\\/candidata-ao-senado-marilia-campos-cumpre-agenda-em-pouso-alegre-e-fala-ao-terra-do-mandu\\\/#primaryimage\",\"url\":\"https:\\\/\\\/terradomandu.com.br\\\/wp-content\\\/uploads\\\/2026\\\/09\\\/WhatsApp-Image-2026-09-01-at-20.20.16.jpeg\",\"contentUrl\":\"https:\\\/\\\/terradomandu.com.br\\\/wp-content\\\/uploads\\\/2026\\\/09\\\/WhatsApp-Image-2026-09-01-at-20.20.16.jpeg\",\"width\":940,\"height\":529,\"caption\":\"Candidata ao Senado, Mar\u00edlia Campos cumpre agenda em Pouso Alegre e fala ao Terra do Mandu\"},{\"@type\":\"BreadcrumbList\",\"@id\":\"https:\\\/\\\/terradomandu.com.br\\\/index.php\\\/2026\\\/09\\\/01\\\/candidata-ao-senado-marilia-campos-cumpre-agenda-em-pouso-alegre-e-fala-ao-terra-do-mandu\\\/#breadcrumb\",\"itemListElement\":[{\"@type\":\"ListItem\",\"position\":1,\"name\":\"In\u00edcio\",\"item\":\"http:\\\/\\\/terradomandu.com.br\\\/\"},{\"@type\":\"ListItem\",\"position\":2,\"name\":\"Candidata ao Senado, Mar\u00edlia Campos cumpre agenda em Pouso Alegre e fala ao Terra do Mandu\"}]},{\"@type\":\"WebSite\",\"@id\":\"https:\\\/\\\/terradomandu.com.br\\\/#website\",\"url\":\"https:\\\/\\\/terradomandu.com.br\\\/\",\"name\":\"Terra do Mandu - Not\u00edcias de Pouso Alegre e regi\u00e3o\",\"description\":\"Not\u00edcias de Pouso Alegre e regi\u00e3o. Terra do Mandu \u00e9 jornalismo s\u00e9rio e conte\u00fado pr\u00f3prio.\",\"publisher\":{\"@id\":\"https:\\\/\\\/terradomandu.com.br\\\/#organization\"},\"potentialAction\":[{\"@type\":\"SearchAction\",\"target\":{\"@type\":\"EntryPoint\",\"urlTemplate\":\"https:\\\/\\\/terradomandu.com.br\\\/?s={search_term_string}\"},\"query-input\":{\"@type\":\"PropertyValueSpecification\",\"valueRequired\":true,\"valueName\":\"search_term_string\"}}],\"inLanguage\":\"pt-BR\"},{\"@type\":\"Organization\",\"@id\":\"https:\\\/\\\/terradomandu.com.br\\\/#organization\",\"name\":\"TERRA DO MANDU - NOT\u00cdCIAS DE POUSO ALEGRE E SUL DE MINAS\",\"url\":\"https:\\\/\\\/terradomandu.com.br\\\/\",\"logo\":{\"@type\":\"ImageObject\",\"inLanguage\":\"pt-BR\",\"@id\":\"https:\\\/\\\/terradomandu.com.br\\\/#\\\/schema\\\/logo\\\/image\\\/\",\"url\":\"https:\\\/\\\/terradomandu.com.br\\\/wp-content\\\/uploads\\\/2020\\\/10\\\/logo_azul-1.png\",\"contentUrl\":\"https:\\\/\\\/terradomandu.com.br\\\/wp-content\\\/uploads\\\/2020\\\/10\\\/logo_azul-1.png\",\"width\":1080,\"height\":1080,\"caption\":\"TERRA DO MANDU - NOT\u00cdCIAS DE POUSO ALEGRE E SUL DE MINAS\"},\"image\":{\"@id\":\"https:\\\/\\\/terradomandu.com.br\\\/#\\\/schema\\\/logo\\\/image\\\/\"},\"sameAs\":[\"https:\\\/\\\/www.facebook.com\\\/terradomandu\\\/\",\"https:\\\/\\\/x.com\\\/terradomandu\",\"https:\\\/\\\/www.instagram.com\\\/terradomandu\",\"https:\\\/\\\/www.youtube.com\\\/terradomandu\"]},{\"@type\":\"Person\",\"@id\":\"https:\\\/\\\/terradomandu.com.br\\\/#\\\/schema\\\/person\\\/7de057f269b2608e6ca8f7798f29f97b\",\"name\":\"Magson Gomes\",\"image\":{\"@type\":\"ImageObject\",\"inLanguage\":\"pt-BR\",\"@id\":\"https:\\\/\\\/secure.gravatar.com\\\/avatar\\\/dc9dc73e44360b2877063bf5a8519d382eff67a9ed7b83f0acbe1437d7ced006?s=96&d=mm&r=g\",\"url\":\"https:\\\/\\\/secure.gravatar.com\\\/avatar\\\/dc9dc73e44360b2877063bf5a8519d382eff67a9ed7b83f0acbe1437d7ced006?s=96&d=mm&r=g\",\"contentUrl\":\"https:\\\/\\\/secure.gravatar.com\\\/avatar\\\/dc9dc73e44360b2877063bf5a8519d382eff67a9ed7b83f0acbe1437d7ced006?s=96&d=mm&r=g\",\"caption\":\"Magson Gomes\"},\"sameAs\":[\"http:\\\/\\\/www.terradomandu.com.br\"],\"url\":\"https:\\\/\\\/terradomandu.com.br\\\/index.php\\\/author\\\/magson\\\/\"}]}<\/script>\n<!-- \/ Yoast SEO plugin. -->","yoast_head_json":{"title":"Candidata ao Senado, Mar\u00edlia Campos visita Pouso Alegre e fala ao Terra do Mandu","description":"A candidata ao Senado por Minas Gerais, Mar\u00edlia Campos, esteve em Pouso Alegre nesta ter\u00e7a-feira (1\u00ba\/9), onde cumpriu agenda e falou ao Terra do Mandu. Confira entrevista.","robots":{"index":"index","follow":"follow","max-snippet":"max-snippet:-1","max-image-preview":"max-image-preview:large","max-video-preview":"max-video-preview:-1"},"canonical":"https:\/\/terradomandu.com.br\/index.php\/2026\/09\/01\/candidata-ao-senado-marilia-campos-cumpre-agenda-em-pouso-alegre-e-fala-ao-terra-do-mandu\/","og_locale":"pt_BR","og_type":"article","og_title":"Candidata ao Senado, Mar\u00edlia Campos visita Pouso Alegre e fala ao Terra do Mandu","og_description":"A candidata ao Senado por Minas Gerais, Mar\u00edlia Campos, esteve em Pouso Alegre nesta ter\u00e7a-feira (1\u00ba\/9), onde cumpriu agenda e falou ao Terra do Mandu. Confira entrevista.","og_url":"https:\/\/terradomandu.com.br\/index.php\/2026\/09\/01\/candidata-ao-senado-marilia-campos-cumpre-agenda-em-pouso-alegre-e-fala-ao-terra-do-mandu\/","og_site_name":"Terra do Mandu - Not\u00edcias de Pouso Alegre e regi\u00e3o","article_publisher":"https:\/\/www.facebook.com\/terradomandu\/","article_published_time":"2026-09-01T23:35:54+00:00","og_image":[{"width":940,"height":529,"url":"http:\/\/terradomandu.com.br\/wp-content\/uploads\/2026\/09\/WhatsApp-Image-2026-09-01-at-20.20.16.jpeg","type":"image\/jpeg"}],"author":"Magson Gomes","twitter_card":"summary_large_image","twitter_creator":"@terradomandu","twitter_site":"@terradomandu","twitter_misc":{"Escrito por":"Magson Gomes","Est. tempo de leitura":"2 minutos"},"schema":{"@context":"https:\/\/schema.org","@graph":[{"@type":"Article","@id":"https:\/\/terradomandu.com.br\/index.php\/2026\/09\/01\/candidata-ao-senado-marilia-campos-cumpre-agenda-em-pouso-alegre-e-fala-ao-terra-do-mandu\/#article","isPartOf":{"@id":"https:\/\/terradomandu.com.br\/index.php\/2026\/09\/01\/candidata-ao-senado-marilia-campos-cumpre-agenda-em-pouso-alegre-e-fala-ao-terra-do-mandu\/"},"author":{"name":"Magson Gomes","@id":"https:\/\/terradomandu.com.br\/#\/schema\/person\/7de057f269b2608e6ca8f7798f29f97b"},"headline":"Candidata ao Senado, Mar\u00edlia Campos cumpre agenda em Pouso Alegre e fala ao Terra do Mandu","datePublished":"2026-09-01T23:35:54+00:00","mainEntityOfPage":{"@id":"https:\/\/terradomandu.com.br\/index.php\/2026\/09\/01\/candidata-ao-senado-marilia-campos-cumpre-agenda-em-pouso-alegre-e-fala-ao-terra-do-mandu\/"},"wordCount":365,"commentCount":0,"publisher":{"@id":"https:\/\/terradomandu.com.br\/#organization"},"image":{"@id":"https:\/\/terradomandu.com.br\/index.php\/2026\/09\/01\/candidata-ao-senado-marilia-campos-cumpre-agenda-em-pouso-alegre-e-fala-ao-terra-do-mandu\/#primaryimage"},"thumbnailUrl":"https:\/\/terradomandu.com.br\/wp-content\/uploads\/2026\/09\/WhatsApp-Image-2026-09-01-at-20.20.16.jpeg","keywords":["Elei\u00e7\u00f5es 2026"],"articleSection":["DESTAQUE","Pol\u00edtica"],"inLanguage":"pt-BR","potentialAction":[{"@type":"CommentAction","name":"Comment","target":["https:\/\/terradomandu.com.br\/index.php\/2026\/09\/01\/candidata-ao-senado-marilia-campos-cumpre-agenda-em-pouso-alegre-e-fala-ao-terra-do-mandu\/#respond"]}]},{"@type":"WebPage","@id":"https:\/\/terradomandu.com.br\/index.php\/2026\/09\/01\/candidata-ao-senado-marilia-campos-cumpre-agenda-em-pouso-alegre-e-fala-ao-terra-do-mandu\/","url":"https:\/\/terradomandu.com.br\/index.php\/2026\/09\/01\/candidata-ao-senado-marilia-campos-cumpre-agenda-em-pouso-alegre-e-fala-ao-terra-do-mandu\/","name":"Candidata ao Senado, Mar\u00edlia Campos visita Pouso Alegre e fala ao Terra do Mandu","isPartOf":{"@id":"https:\/\/terradomandu.com.br\/#website"},"primaryImageOfPage":{"@id":"https:\/\/terradomandu.com.br\/index.php\/2026\/09\/01\/candidata-ao-senado-marilia-campos-cumpre-agenda-em-pouso-alegre-e-fala-ao-terra-do-mandu\/#primaryimage"},"image":{"@id":"https:\/\/terradomandu.com.br\/index.php\/2026\/09\/01\/candidata-ao-senado-marilia-campos-cumpre-agenda-em-pouso-alegre-e-fala-ao-terra-do-mandu\/#primaryimage"},"thumbnailUrl":"https:\/\/terradomandu.com.br\/wp-content\/uploads\/2026\/09\/WhatsApp-Image-2026-09-01-at-20.20.16.jpeg","datePublished":"2026-09-01T23:35:54+00:00","description":"A candidata ao Senado por Minas Gerais, Mar\u00edlia Campos, esteve em Pouso Alegre nesta ter\u00e7a-feira (1\u00ba\/9), onde cumpriu agenda e falou ao Terra do Mandu. Confira entrevista.","breadcrumb":{"@id":"https:\/\/terradomandu.com.br\/index.php\/2026\/09\/01\/candidata-ao-senado-marilia-campos-cumpre-agenda-em-pouso-alegre-e-fala-ao-terra-do-mandu\/#breadcrumb"},"inLanguage":"pt-BR","potentialAction":[{"@type":"ReadAction","target":["https:\/\/terradomandu.com.br\/index.php\/2026\/09\/01\/candidata-ao-senado-marilia-campos-cumpre-agenda-em-pouso-alegre-e-fala-ao-terra-do-mandu\/"]}]},{"@type":"ImageObject","inLanguage":"pt-BR","@id":"https:\/\/terradomandu.com.br\/index.php\/2026\/09\/01\/candidata-ao-senado-marilia-campos-cumpre-agenda-em-pouso-alegre-e-fala-ao-terra-do-mandu\/#primaryimage","url":"https:\/\/terradomandu.com.br\/wp-content\/uploads\/2026\/09\/WhatsApp-Image-2026-09-01-at-20.20.16.jpeg","contentUrl":"https:\/\/terradomandu.com.br\/wp-content\/uploads\/2026\/09\/WhatsApp-Image-2026-09-01-at-20.20.16.jpeg","width":940,"height":529,"caption":"Candidata ao Senado, Mar\u00edlia Campos cumpre agenda em Pouso Alegre e fala ao Terra do Mandu"},{"@type":"BreadcrumbList","@id":"https:\/\/terradomandu.com.br\/index.php\/2026\/09\/01\/candidata-ao-senado-marilia-campos-cumpre-agenda-em-pouso-alegre-e-fala-ao-terra-do-mandu\/#breadcrumb","itemListElement":[{"@type":"ListItem","position":1,"name":"In\u00edcio","item":"http:\/\/terradomandu.com.br\/"},{"@type":"ListItem","position":2,"name":"Candidata ao Senado, Mar\u00edlia Campos cumpre agenda em Pouso Alegre e fala ao Terra do Mandu"}]},{"@type":"WebSite","@id":"https:\/\/terradomandu.com.br\/#website","url":"https:\/\/terradomandu.com.br\/","name":"Terra do Mandu - Not\u00edcias de Pouso Alegre e regi\u00e3o","description":"Not\u00edcias de Pouso Alegre e regi\u00e3o. Terra do Mandu \u00e9 jornalismo s\u00e9rio e conte\u00fado pr\u00f3prio.","publisher":{"@id":"https:\/\/terradomandu.com.br\/#organization"},"potentialAction":[{"@type":"SearchAction","target":{"@type":"EntryPoint","urlTemplate":"https:\/\/terradomandu.com.br\/?s={search_term_string}"},"query-input":{"@type":"PropertyValueSpecification","valueRequired":true,"valueName":"search_term_string"}}],"inLanguage":"pt-BR"},{"@type":"Organization","@id":"https:\/\/terradomandu.com.br\/#organization","name":"TERRA DO MANDU - NOT\u00cdCIAS DE POUSO ALEGRE E SUL DE MINAS","url":"https:\/\/terradomandu.com.br\/","logo":{"@type":"ImageObject","inLanguage":"pt-BR","@id":"https:\/\/terradomandu.com.br\/#\/schema\/logo\/image\/","url":"https:\/\/terradomandu.com.br\/wp-content\/uploads\/2020\/10\/logo_azul-1.png","contentUrl":"https:\/\/terradomandu.com.br\/wp-content\/uploads\/2020\/10\/logo_azul-1.png","width":1080,"height":1080,"caption":"TERRA DO MANDU - NOT\u00cdCIAS DE POUSO ALEGRE E SUL DE MINAS"},"image":{"@id":"https:\/\/terradomandu.com.br\/#\/schema\/logo\/image\/"},"sameAs":["https:\/\/www.facebook.com\/terradomandu\/","https:\/\/x.com\/terradomandu","https:\/\/www.instagram.com\/terradomandu","https:\/\/www.youtube.com\/terradomandu"]},{"@type":"Person","@id":"https:\/\/terradomandu.com.br\/#\/schema\/person\/7de057f269b2608e6ca8f7798f29f97b","name":"Magson Gomes","image":{"@type":"ImageObject","inLanguage":"pt-BR","@id":"https:\/\/secure.gravatar.com\/avatar\/dc9dc73e44360b2877063bf5a8519d382eff67a9ed7b83f0acbe1437d7ced006?s=96&d=mm&r=g","url":"https:\/\/secure.gravatar.com\/avatar\/dc9dc73e44360b2877063bf5a8519d382eff67a9ed7b83f0acbe1437d7ced006?s=96&d=mm&r=g","contentUrl":"https:\/\/secure.gravatar.com\/avatar\/dc9dc73e44360b2877063bf5a8519d382eff67a9ed7b83f0acbe1437d7ced006?s=96&d=mm&r=g","caption":"Magson Gomes"},"sameAs":["http:\/\/www.terradomandu.com.br"],"url":"https:\/\/terradomandu.com.br\/index.php\/author\/magson\/"}]}},"jetpack_featured_media_url":"https:\/\/terradomandu.com.br\/wp-content\/uploads\/2026\/09\/WhatsApp-Image-2026-09-01-at-20.20.16.jpeg","jetpack_sharing_enabled":true,"_links":{"self":[{"href":"https:\/\/terradomandu.com.br\/index.php\/wp-json\/wp\/v2\/posts\/124322","targetHints":{"allow":["GET"]}}],"collection":[{"href":"https:\/\/terradomandu.com.br\/index.php\/wp-json\/wp\/v2\/posts"}],"about":[{"href":"https:\/\/terradomandu.com.br\/index.php\/wp-json\/wp\/v2\/types\/post"}],"author":[{"embeddable":true,"href":"https:\/\/terradomandu.com.br\/index.php\/wp-json\/wp\/v2\/users\/2"}],"replies":[{"embeddable":true,"href":"https:\/\/terradomandu.com.br\/index.php\/wp-json\/wp\/v2\/comments?post=124322"}],"version-history":[{"count":1,"href":"https:\/\/terradomandu.com.br\/index.php\/wp-json\/wp\/v2\/posts\/124322\/revisions"}],"predecessor-version":[{"id":124324,"href":"https:\/\/terradomandu.com.br\/index.php\/wp-json\/wp\/v2\/posts\/124322\/revisions\/124324"}],"wp:featuredmedia":[{"embeddable":true,"href":"https:\/\/terradomandu.com.br\/index.php\/wp-json\/wp\/v2\/media\/124323"}],"wp:attachment":[{"href":"https:\/\/terradomandu.com.br\/index.php\/wp-json\/wp\/v2\/media?parent=124322"}],"wp:term":[{"taxonomy":"category","embeddable":true,"href":"https:\/\/terradomandu.com.br\/index.php\/wp-json\/wp\/v2\/categories?post=124322"},{"taxonomy":"post_tag","embeddable":true,"href":"https:\/\/terradomandu.com.br\/index.php\/wp-json\/wp\/v2\/tags?post=124322"}],"curies":[{"name":"wp","href":"https:\/\/api.w.org\/{rel}","templated":true}]}}