


{"id":124318,"date":"2026-09-01T20:01:49","date_gmt":"2026-09-01T23:01:49","guid":{"rendered":"https:\/\/terradomandu.com.br\/?p=124318"},"modified":"2026-09-01T20:01:49","modified_gmt":"2026-09-01T23:01:49","slug":"cabo-da-pm-e-preso-em-ouro-fino-ele-e-investigado-por-agressao-a-civil","status":"publish","type":"post","link":"https:\/\/terradomandu.com.br\/index.php\/2026\/09\/01\/cabo-da-pm-e-preso-em-ouro-fino-ele-e-investigado-por-agressao-a-civil\/","title":{"rendered":"Cabo da PM \u00e9 preso em Ouro Fino; ele \u00e9 investigado por agress\u00e3o a civil"},"content":{"rendered":"<p><iframe loading=\"lazy\" title=\"Cabo da PM \u00e9 preso em Ouro Fino ap\u00f3s n\u00e3o comparecer para depor em processo que responde na justi\u00e7a\" width=\"500\" height=\"281\" src=\"https:\/\/www.youtube.com\/embed\/0bsMDuTlYHo?feature=oembed\" frameborder=\"0\" allow=\"accelerometer; autoplay; clipboard-write; encrypted-media; gyroscope; picture-in-picture; web-share\" referrerpolicy=\"strict-origin-when-cross-origin\" allowfullscreen><\/iframe><\/p>\n<p>Um cabo da Pol\u00edcia Militar foi preso em Ouro Fino, nesta ter\u00e7a-feira (1\u00ba\/9), ap\u00f3s pedido da Justi\u00e7a Comum. O militar \u00e9 investigado por agress\u00e3o a um civil quando estaria fora do exerc\u00edcio da fun\u00e7\u00e3o de policial. A informa\u00e7\u00e3o foi divulgada primeiramente pelo Canal Sul das Gerais e confirmada pelo Terra do Mandu.<\/p>\n<p>Em nota enviada \u00e0 nossa reda\u00e7\u00e3o, a assessoria da PMMG confirma a pris\u00e3o e diz que o mandado foi expedido pela comarca de Andradas. &#8220;A Pol\u00edcia Militar de Minas Gerais (PMMG), por meio de equipes do 20\u00ba Batalh\u00e3o, cumpriu, nesta data, mandado de busca, apreens\u00e3o e pris\u00e3o expedido pela Justi\u00e7a Comum da Comarca de Andradas\/MG, em desfavor de um policial militar, de 38 anos, no munic\u00edpio de Ouro Fino\/MG.<\/p>\n<p>Ap\u00f3s a pris\u00e3o, o militar foi apresentado \u00e0 autoridade de Pol\u00edcia Judici\u00e1ria, para as provid\u00eancias legais cab\u00edveis&#8221;, informa a nota da PMMG.<\/p>\n<p>A pris\u00e3o \u00e9 preventiva, sem prazo espec\u00edfico. Conforme apurado pela reportagem, o cabo Ruan Manoel Braz \u00e9 investigado por agress\u00e3o f\u00edsica contra um civil, quando n\u00e3o estava em servi\u00e7o policial. Ele foi preso preventivamente por ter sido encontrado quando intimado pela justi\u00e7a.<\/p>\n<p>At\u00e9 o momento, a reportagem do Terra do Mandu n\u00e3o conseguiu contato com a defesa do policial militar. Assim que poss\u00edvel, traremos o outro lado da not\u00edcia.<\/p>\n<div class=\"fb-background-color\">\n\t\t\t  <div \n\t\t\t  \tclass = \"fb-comments\" \n\t\t\t  \tdata-href = \"https:\/\/terradomandu.com.br\/index.php\/2026\/09\/01\/cabo-da-pm-e-preso-em-ouro-fino-ele-e-investigado-por-agressao-a-civil\/\"\n\t\t\t  \tdata-numposts = \"10\"\n\t\t\t  \tdata-lazy = \"true\"\n\t\t\t\tdata-colorscheme = \"light\"\n\t\t\t\tdata-order-by = \"social\"\n\t\t\t\tdata-mobile=true>\n\t\t\t  <\/div><\/div>\n\t\t  <style>\n\t\t    .fb-background-color {\n\t\t\t\tbackground: #ffffff !important;\n\t\t\t}\n\t\t\t.fb_iframe_widget_fluid_desktop iframe {\n\t\t\t    width: 100% !important;\n\t\t\t}\n\t\t  <\/style>\n\t\t  ","protected":false},"excerpt":{"rendered":"<p>Um cabo da Pol\u00edcia Militar foi preso em Ouro Fino, nesta ter\u00e7a-feira (1\u00ba\/9), ap\u00f3s pedido da Justi\u00e7a Comum. O militar \u00e9 investigado por agress\u00e3o a um civil quando estaria fora do exerc\u00edcio da fun\u00e7\u00e3o de policial. A informa\u00e7\u00e3o foi divulgada primeiramente pelo Canal Sul das Gerais e confirmada pelo Terra do Mandu. Em nota enviada [&hellip;]<\/p>\n","protected":false},"author":2,"featured_media":124319,"comment_status":"open","ping_status":"closed","sticky":false,"template":"","format":"standard","meta":{"_acf_changed":false,"kia_subtitle":"Terra do Mandu apurou que o policial foi preso preventivamente por n\u00e3o ter sido encontrado quando intimado pela justi\u00e7a.","_jetpack_newsletter_access":"","_jetpack_dont_email_post_to_subs":false,"_jetpack_newsletter_tier_id":0,"_jetpack_memberships_contains_paywalled_content":false,"_jetpack_feature_clip_id":0,"_jetpack_memberships_contains_paid_content":false,"footnotes":"","jetpack_post_was_ever_published":false},"categories":[526],"tags":[2067],"class_list":["post-124318","post","type-post","status-publish","format-standard","has-post-thumbnail","hentry","category-destaque","tag-mandu-news"],"acf":[],"yoast_head":"<!-- This site is optimized with the Yoast SEO plugin v27.9 - https:\/\/yoast.com\/product\/yoast-seo-wordpress\/ -->\n<title>Cabo da PM \u00e9 preso em Ouro Fino; ele \u00e9 investigado por agress\u00e3o a civil<\/title>\n<meta name=\"description\" content=\"Um cabo da Pol\u00edcia Militar foi preso em Ouro Fino, nesta ter\u00e7a-feira (1\u00ba\/9), ap\u00f3s pedido da justi\u00e7a comum. O militar \u00e9 investigado por agress\u00e3o a um civil quando estaria fora do exerc\u00edcio da fun\u00e7\u00e3o de policial.\" \/>\n<meta name=\"robots\" content=\"index, follow, max-snippet:-1, max-image-preview:large, max-video-preview:-1\" \/>\n<link rel=\"canonical\" href=\"https:\/\/terradomandu.com.br\/index.php\/2026\/09\/01\/cabo-da-pm-e-preso-em-ouro-fino-ele-e-investigado-por-agressao-a-civil\/\" \/>\n<meta property=\"og:locale\" content=\"pt_BR\" \/>\n<meta property=\"og:type\" content=\"article\" \/>\n<meta property=\"og:title\" content=\"Cabo da PM \u00e9 preso em Ouro Fino; ele \u00e9 investigado por agress\u00e3o a civil\" \/>\n<meta property=\"og:description\" content=\"Um cabo da Pol\u00edcia Militar foi preso em Ouro Fino, nesta ter\u00e7a-feira (1\u00ba\/9), ap\u00f3s pedido da justi\u00e7a comum. O militar \u00e9 investigado por agress\u00e3o a um civil quando estaria fora do exerc\u00edcio da fun\u00e7\u00e3o de policial.\" \/>\n<meta property=\"og:url\" content=\"https:\/\/terradomandu.com.br\/index.php\/2026\/09\/01\/cabo-da-pm-e-preso-em-ouro-fino-ele-e-investigado-por-agressao-a-civil\/\" \/>\n<meta property=\"og:site_name\" content=\"Terra do Mandu - Not\u00edcias de Pouso Alegre e regi\u00e3o\" \/>\n<meta property=\"article:publisher\" content=\"https:\/\/www.facebook.com\/terradomandu\/\" \/>\n<meta property=\"article:published_time\" content=\"2026-09-01T23:01:49+00:00\" \/>\n<meta property=\"og:image\" content=\"http:\/\/terradomandu.com.br\/wp-content\/uploads\/2026\/09\/WhatsApp-Image-2026-09-01-at-17.47.27.jpeg\" \/>\n\t<meta property=\"og:image:width\" content=\"940\" \/>\n\t<meta property=\"og:image:height\" content=\"529\" \/>\n\t<meta property=\"og:image:type\" content=\"image\/jpeg\" \/>\n<meta name=\"author\" content=\"Magson Gomes\" \/>\n<meta name=\"twitter:card\" content=\"summary_large_image\" \/>\n<meta name=\"twitter:creator\" content=\"@terradomandu\" \/>\n<meta name=\"twitter:site\" content=\"@terradomandu\" \/>\n<meta name=\"twitter:label1\" content=\"Escrito por\" \/>\n\t<meta name=\"twitter:data1\" content=\"Magson Gomes\" \/>\n\t<meta name=\"twitter:label2\" content=\"Est. tempo de leitura\" \/>\n\t<meta name=\"twitter:data2\" content=\"2 minutos\" \/>\n<script type=\"application\/ld+json\" class=\"yoast-schema-graph\">{\"@context\":\"https:\\\/\\\/schema.org\",\"@graph\":[{\"@type\":\"Article\",\"@id\":\"https:\\\/\\\/terradomandu.com.br\\\/index.php\\\/2026\\\/09\\\/01\\\/cabo-da-pm-e-preso-em-ouro-fino-ele-e-investigado-por-agressao-a-civil\\\/#article\",\"isPartOf\":{\"@id\":\"https:\\\/\\\/terradomandu.com.br\\\/index.php\\\/2026\\\/09\\\/01\\\/cabo-da-pm-e-preso-em-ouro-fino-ele-e-investigado-por-agressao-a-civil\\\/\"},\"author\":{\"name\":\"Magson Gomes\",\"@id\":\"https:\\\/\\\/terradomandu.com.br\\\/#\\\/schema\\\/person\\\/7de057f269b2608e6ca8f7798f29f97b\"},\"headline\":\"Cabo da PM \u00e9 preso em Ouro Fino; ele \u00e9 investigado por agress\u00e3o a civil\",\"datePublished\":\"2026-09-01T23:01:49+00:00\",\"mainEntityOfPage\":{\"@id\":\"https:\\\/\\\/terradomandu.com.br\\\/index.php\\\/2026\\\/09\\\/01\\\/cabo-da-pm-e-preso-em-ouro-fino-ele-e-investigado-por-agressao-a-civil\\\/\"},\"wordCount\":260,\"commentCount\":0,\"publisher\":{\"@id\":\"https:\\\/\\\/terradomandu.com.br\\\/#organization\"},\"image\":{\"@id\":\"https:\\\/\\\/terradomandu.com.br\\\/index.php\\\/2026\\\/09\\\/01\\\/cabo-da-pm-e-preso-em-ouro-fino-ele-e-investigado-por-agressao-a-civil\\\/#primaryimage\"},\"thumbnailUrl\":\"https:\\\/\\\/terradomandu.com.br\\\/wp-content\\\/uploads\\\/2026\\\/09\\\/WhatsApp-Image-2026-09-01-at-17.47.27.jpeg\",\"keywords\":[\"MANDU NEWS!\"],\"articleSection\":[\"DESTAQUE\"],\"inLanguage\":\"pt-BR\",\"potentialAction\":[{\"@type\":\"CommentAction\",\"name\":\"Comment\",\"target\":[\"https:\\\/\\\/terradomandu.com.br\\\/index.php\\\/2026\\\/09\\\/01\\\/cabo-da-pm-e-preso-em-ouro-fino-ele-e-investigado-por-agressao-a-civil\\\/#respond\"]}]},{\"@type\":\"WebPage\",\"@id\":\"https:\\\/\\\/terradomandu.com.br\\\/index.php\\\/2026\\\/09\\\/01\\\/cabo-da-pm-e-preso-em-ouro-fino-ele-e-investigado-por-agressao-a-civil\\\/\",\"url\":\"https:\\\/\\\/terradomandu.com.br\\\/index.php\\\/2026\\\/09\\\/01\\\/cabo-da-pm-e-preso-em-ouro-fino-ele-e-investigado-por-agressao-a-civil\\\/\",\"name\":\"Cabo da PM \u00e9 preso em Ouro Fino; ele \u00e9 investigado por agress\u00e3o a civil\",\"isPartOf\":{\"@id\":\"https:\\\/\\\/terradomandu.com.br\\\/#website\"},\"primaryImageOfPage\":{\"@id\":\"https:\\\/\\\/terradomandu.com.br\\\/index.php\\\/2026\\\/09\\\/01\\\/cabo-da-pm-e-preso-em-ouro-fino-ele-e-investigado-por-agressao-a-civil\\\/#primaryimage\"},\"image\":{\"@id\":\"https:\\\/\\\/terradomandu.com.br\\\/index.php\\\/2026\\\/09\\\/01\\\/cabo-da-pm-e-preso-em-ouro-fino-ele-e-investigado-por-agressao-a-civil\\\/#primaryimage\"},\"thumbnailUrl\":\"https:\\\/\\\/terradomandu.com.br\\\/wp-content\\\/uploads\\\/2026\\\/09\\\/WhatsApp-Image-2026-09-01-at-17.47.27.jpeg\",\"datePublished\":\"2026-09-01T23:01:49+00:00\",\"description\":\"Um cabo da Pol\u00edcia Militar foi preso em Ouro Fino, nesta ter\u00e7a-feira (1\u00ba\\\/9), ap\u00f3s pedido da justi\u00e7a comum. O militar \u00e9 investigado por agress\u00e3o a um civil quando estaria fora do exerc\u00edcio da fun\u00e7\u00e3o de policial.\",\"breadcrumb\":{\"@id\":\"https:\\\/\\\/terradomandu.com.br\\\/index.php\\\/2026\\\/09\\\/01\\\/cabo-da-pm-e-preso-em-ouro-fino-ele-e-investigado-por-agressao-a-civil\\\/#breadcrumb\"},\"inLanguage\":\"pt-BR\",\"potentialAction\":[{\"@type\":\"ReadAction\",\"target\":[\"https:\\\/\\\/terradomandu.com.br\\\/index.php\\\/2026\\\/09\\\/01\\\/cabo-da-pm-e-preso-em-ouro-fino-ele-e-investigado-por-agressao-a-civil\\\/\"]}]},{\"@type\":\"ImageObject\",\"inLanguage\":\"pt-BR\",\"@id\":\"https:\\\/\\\/terradomandu.com.br\\\/index.php\\\/2026\\\/09\\\/01\\\/cabo-da-pm-e-preso-em-ouro-fino-ele-e-investigado-por-agressao-a-civil\\\/#primaryimage\",\"url\":\"https:\\\/\\\/terradomandu.com.br\\\/wp-content\\\/uploads\\\/2026\\\/09\\\/WhatsApp-Image-2026-09-01-at-17.47.27.jpeg\",\"contentUrl\":\"https:\\\/\\\/terradomandu.com.br\\\/wp-content\\\/uploads\\\/2026\\\/09\\\/WhatsApp-Image-2026-09-01-at-17.47.27.jpeg\",\"width\":940,\"height\":529,\"caption\":\"Cabo da PM \u00e9 preso em Ouro Fino; ele \u00e9 investigado por agress\u00e3o a civil. Imagem: reprodu\u00e7\u00e3o Canal Sul das Gerais\"},{\"@type\":\"BreadcrumbList\",\"@id\":\"https:\\\/\\\/terradomandu.com.br\\\/index.php\\\/2026\\\/09\\\/01\\\/cabo-da-pm-e-preso-em-ouro-fino-ele-e-investigado-por-agressao-a-civil\\\/#breadcrumb\",\"itemListElement\":[{\"@type\":\"ListItem\",\"position\":1,\"name\":\"In\u00edcio\",\"item\":\"http:\\\/\\\/terradomandu.com.br\\\/\"},{\"@type\":\"ListItem\",\"position\":2,\"name\":\"Cabo da PM \u00e9 preso em Ouro Fino; ele \u00e9 investigado por agress\u00e3o a civil\"}]},{\"@type\":\"WebSite\",\"@id\":\"https:\\\/\\\/terradomandu.com.br\\\/#website\",\"url\":\"https:\\\/\\\/terradomandu.com.br\\\/\",\"name\":\"Terra do Mandu - Not\u00edcias de Pouso Alegre e regi\u00e3o\",\"description\":\"Not\u00edcias de Pouso Alegre e regi\u00e3o. Terra do Mandu \u00e9 jornalismo s\u00e9rio e conte\u00fado pr\u00f3prio.\",\"publisher\":{\"@id\":\"https:\\\/\\\/terradomandu.com.br\\\/#organization\"},\"potentialAction\":[{\"@type\":\"SearchAction\",\"target\":{\"@type\":\"EntryPoint\",\"urlTemplate\":\"https:\\\/\\\/terradomandu.com.br\\\/?s={search_term_string}\"},\"query-input\":{\"@type\":\"PropertyValueSpecification\",\"valueRequired\":true,\"valueName\":\"search_term_string\"}}],\"inLanguage\":\"pt-BR\"},{\"@type\":\"Organization\",\"@id\":\"https:\\\/\\\/terradomandu.com.br\\\/#organization\",\"name\":\"TERRA DO MANDU - NOT\u00cdCIAS DE POUSO ALEGRE E SUL DE MINAS\",\"url\":\"https:\\\/\\\/terradomandu.com.br\\\/\",\"logo\":{\"@type\":\"ImageObject\",\"inLanguage\":\"pt-BR\",\"@id\":\"https:\\\/\\\/terradomandu.com.br\\\/#\\\/schema\\\/logo\\\/image\\\/\",\"url\":\"https:\\\/\\\/terradomandu.com.br\\\/wp-content\\\/uploads\\\/2020\\\/10\\\/logo_azul-1.png\",\"contentUrl\":\"https:\\\/\\\/terradomandu.com.br\\\/wp-content\\\/uploads\\\/2020\\\/10\\\/logo_azul-1.png\",\"width\":1080,\"height\":1080,\"caption\":\"TERRA DO MANDU - NOT\u00cdCIAS DE POUSO ALEGRE E SUL DE MINAS\"},\"image\":{\"@id\":\"https:\\\/\\\/terradomandu.com.br\\\/#\\\/schema\\\/logo\\\/image\\\/\"},\"sameAs\":[\"https:\\\/\\\/www.facebook.com\\\/terradomandu\\\/\",\"https:\\\/\\\/x.com\\\/terradomandu\",\"https:\\\/\\\/www.instagram.com\\\/terradomandu\",\"https:\\\/\\\/www.youtube.com\\\/terradomandu\"]},{\"@type\":\"Person\",\"@id\":\"https:\\\/\\\/terradomandu.com.br\\\/#\\\/schema\\\/person\\\/7de057f269b2608e6ca8f7798f29f97b\",\"name\":\"Magson Gomes\",\"image\":{\"@type\":\"ImageObject\",\"inLanguage\":\"pt-BR\",\"@id\":\"https:\\\/\\\/secure.gravatar.com\\\/avatar\\\/dc9dc73e44360b2877063bf5a8519d382eff67a9ed7b83f0acbe1437d7ced006?s=96&d=mm&r=g\",\"url\":\"https:\\\/\\\/secure.gravatar.com\\\/avatar\\\/dc9dc73e44360b2877063bf5a8519d382eff67a9ed7b83f0acbe1437d7ced006?s=96&d=mm&r=g\",\"contentUrl\":\"https:\\\/\\\/secure.gravatar.com\\\/avatar\\\/dc9dc73e44360b2877063bf5a8519d382eff67a9ed7b83f0acbe1437d7ced006?s=96&d=mm&r=g\",\"caption\":\"Magson Gomes\"},\"sameAs\":[\"http:\\\/\\\/www.terradomandu.com.br\"],\"url\":\"https:\\\/\\\/terradomandu.com.br\\\/index.php\\\/author\\\/magson\\\/\"}]}<\/script>\n<!-- \/ Yoast SEO plugin. -->","yoast_head_json":{"title":"Cabo da PM \u00e9 preso em Ouro Fino; ele \u00e9 investigado por agress\u00e3o a civil","description":"Um cabo da Pol\u00edcia Militar foi preso em Ouro Fino, nesta ter\u00e7a-feira (1\u00ba\/9), ap\u00f3s pedido da justi\u00e7a comum. O militar \u00e9 investigado por agress\u00e3o a um civil quando estaria fora do exerc\u00edcio da fun\u00e7\u00e3o de policial.","robots":{"index":"index","follow":"follow","max-snippet":"max-snippet:-1","max-image-preview":"max-image-preview:large","max-video-preview":"max-video-preview:-1"},"canonical":"https:\/\/terradomandu.com.br\/index.php\/2026\/09\/01\/cabo-da-pm-e-preso-em-ouro-fino-ele-e-investigado-por-agressao-a-civil\/","og_locale":"pt_BR","og_type":"article","og_title":"Cabo da PM \u00e9 preso em Ouro Fino; ele \u00e9 investigado por agress\u00e3o a civil","og_description":"Um cabo da Pol\u00edcia Militar foi preso em Ouro Fino, nesta ter\u00e7a-feira (1\u00ba\/9), ap\u00f3s pedido da justi\u00e7a comum. O militar \u00e9 investigado por agress\u00e3o a um civil quando estaria fora do exerc\u00edcio da fun\u00e7\u00e3o de policial.","og_url":"https:\/\/terradomandu.com.br\/index.php\/2026\/09\/01\/cabo-da-pm-e-preso-em-ouro-fino-ele-e-investigado-por-agressao-a-civil\/","og_site_name":"Terra do Mandu - Not\u00edcias de Pouso Alegre e regi\u00e3o","article_publisher":"https:\/\/www.facebook.com\/terradomandu\/","article_published_time":"2026-09-01T23:01:49+00:00","og_image":[{"width":940,"height":529,"url":"http:\/\/terradomandu.com.br\/wp-content\/uploads\/2026\/09\/WhatsApp-Image-2026-09-01-at-17.47.27.jpeg","type":"image\/jpeg"}],"author":"Magson Gomes","twitter_card":"summary_large_image","twitter_creator":"@terradomandu","twitter_site":"@terradomandu","twitter_misc":{"Escrito por":"Magson Gomes","Est. tempo de leitura":"2 minutos"},"schema":{"@context":"https:\/\/schema.org","@graph":[{"@type":"Article","@id":"https:\/\/terradomandu.com.br\/index.php\/2026\/09\/01\/cabo-da-pm-e-preso-em-ouro-fino-ele-e-investigado-por-agressao-a-civil\/#article","isPartOf":{"@id":"https:\/\/terradomandu.com.br\/index.php\/2026\/09\/01\/cabo-da-pm-e-preso-em-ouro-fino-ele-e-investigado-por-agressao-a-civil\/"},"author":{"name":"Magson Gomes","@id":"https:\/\/terradomandu.com.br\/#\/schema\/person\/7de057f269b2608e6ca8f7798f29f97b"},"headline":"Cabo da PM \u00e9 preso em Ouro Fino; ele \u00e9 investigado por agress\u00e3o a civil","datePublished":"2026-09-01T23:01:49+00:00","mainEntityOfPage":{"@id":"https:\/\/terradomandu.com.br\/index.php\/2026\/09\/01\/cabo-da-pm-e-preso-em-ouro-fino-ele-e-investigado-por-agressao-a-civil\/"},"wordCount":260,"commentCount":0,"publisher":{"@id":"https:\/\/terradomandu.com.br\/#organization"},"image":{"@id":"https:\/\/terradomandu.com.br\/index.php\/2026\/09\/01\/cabo-da-pm-e-preso-em-ouro-fino-ele-e-investigado-por-agressao-a-civil\/#primaryimage"},"thumbnailUrl":"https:\/\/terradomandu.com.br\/wp-content\/uploads\/2026\/09\/WhatsApp-Image-2026-09-01-at-17.47.27.jpeg","keywords":["MANDU NEWS!"],"articleSection":["DESTAQUE"],"inLanguage":"pt-BR","potentialAction":[{"@type":"CommentAction","name":"Comment","target":["https:\/\/terradomandu.com.br\/index.php\/2026\/09\/01\/cabo-da-pm-e-preso-em-ouro-fino-ele-e-investigado-por-agressao-a-civil\/#respond"]}]},{"@type":"WebPage","@id":"https:\/\/terradomandu.com.br\/index.php\/2026\/09\/01\/cabo-da-pm-e-preso-em-ouro-fino-ele-e-investigado-por-agressao-a-civil\/","url":"https:\/\/terradomandu.com.br\/index.php\/2026\/09\/01\/cabo-da-pm-e-preso-em-ouro-fino-ele-e-investigado-por-agressao-a-civil\/","name":"Cabo da PM \u00e9 preso em Ouro Fino; ele \u00e9 investigado por agress\u00e3o a civil","isPartOf":{"@id":"https:\/\/terradomandu.com.br\/#website"},"primaryImageOfPage":{"@id":"https:\/\/terradomandu.com.br\/index.php\/2026\/09\/01\/cabo-da-pm-e-preso-em-ouro-fino-ele-e-investigado-por-agressao-a-civil\/#primaryimage"},"image":{"@id":"https:\/\/terradomandu.com.br\/index.php\/2026\/09\/01\/cabo-da-pm-e-preso-em-ouro-fino-ele-e-investigado-por-agressao-a-civil\/#primaryimage"},"thumbnailUrl":"https:\/\/terradomandu.com.br\/wp-content\/uploads\/2026\/09\/WhatsApp-Image-2026-09-01-at-17.47.27.jpeg","datePublished":"2026-09-01T23:01:49+00:00","description":"Um cabo da Pol\u00edcia Militar foi preso em Ouro Fino, nesta ter\u00e7a-feira (1\u00ba\/9), ap\u00f3s pedido da justi\u00e7a comum. O militar \u00e9 investigado por agress\u00e3o a um civil quando estaria fora do exerc\u00edcio da fun\u00e7\u00e3o de policial.","breadcrumb":{"@id":"https:\/\/terradomandu.com.br\/index.php\/2026\/09\/01\/cabo-da-pm-e-preso-em-ouro-fino-ele-e-investigado-por-agressao-a-civil\/#breadcrumb"},"inLanguage":"pt-BR","potentialAction":[{"@type":"ReadAction","target":["https:\/\/terradomandu.com.br\/index.php\/2026\/09\/01\/cabo-da-pm-e-preso-em-ouro-fino-ele-e-investigado-por-agressao-a-civil\/"]}]},{"@type":"ImageObject","inLanguage":"pt-BR","@id":"https:\/\/terradomandu.com.br\/index.php\/2026\/09\/01\/cabo-da-pm-e-preso-em-ouro-fino-ele-e-investigado-por-agressao-a-civil\/#primaryimage","url":"https:\/\/terradomandu.com.br\/wp-content\/uploads\/2026\/09\/WhatsApp-Image-2026-09-01-at-17.47.27.jpeg","contentUrl":"https:\/\/terradomandu.com.br\/wp-content\/uploads\/2026\/09\/WhatsApp-Image-2026-09-01-at-17.47.27.jpeg","width":940,"height":529,"caption":"Cabo da PM \u00e9 preso em Ouro Fino; ele \u00e9 investigado por agress\u00e3o a civil. Imagem: reprodu\u00e7\u00e3o Canal Sul das Gerais"},{"@type":"BreadcrumbList","@id":"https:\/\/terradomandu.com.br\/index.php\/2026\/09\/01\/cabo-da-pm-e-preso-em-ouro-fino-ele-e-investigado-por-agressao-a-civil\/#breadcrumb","itemListElement":[{"@type":"ListItem","position":1,"name":"In\u00edcio","item":"http:\/\/terradomandu.com.br\/"},{"@type":"ListItem","position":2,"name":"Cabo da PM \u00e9 preso em Ouro Fino; ele \u00e9 investigado por agress\u00e3o a civil"}]},{"@type":"WebSite","@id":"https:\/\/terradomandu.com.br\/#website","url":"https:\/\/terradomandu.com.br\/","name":"Terra do Mandu - Not\u00edcias de Pouso Alegre e regi\u00e3o","description":"Not\u00edcias de Pouso Alegre e regi\u00e3o. Terra do Mandu \u00e9 jornalismo s\u00e9rio e conte\u00fado pr\u00f3prio.","publisher":{"@id":"https:\/\/terradomandu.com.br\/#organization"},"potentialAction":[{"@type":"SearchAction","target":{"@type":"EntryPoint","urlTemplate":"https:\/\/terradomandu.com.br\/?s={search_term_string}"},"query-input":{"@type":"PropertyValueSpecification","valueRequired":true,"valueName":"search_term_string"}}],"inLanguage":"pt-BR"},{"@type":"Organization","@id":"https:\/\/terradomandu.com.br\/#organization","name":"TERRA DO MANDU - NOT\u00cdCIAS DE POUSO ALEGRE E SUL DE MINAS","url":"https:\/\/terradomandu.com.br\/","logo":{"@type":"ImageObject","inLanguage":"pt-BR","@id":"https:\/\/terradomandu.com.br\/#\/schema\/logo\/image\/","url":"https:\/\/terradomandu.com.br\/wp-content\/uploads\/2020\/10\/logo_azul-1.png","contentUrl":"https:\/\/terradomandu.com.br\/wp-content\/uploads\/2020\/10\/logo_azul-1.png","width":1080,"height":1080,"caption":"TERRA DO MANDU - NOT\u00cdCIAS DE POUSO ALEGRE E SUL DE MINAS"},"image":{"@id":"https:\/\/terradomandu.com.br\/#\/schema\/logo\/image\/"},"sameAs":["https:\/\/www.facebook.com\/terradomandu\/","https:\/\/x.com\/terradomandu","https:\/\/www.instagram.com\/terradomandu","https:\/\/www.youtube.com\/terradomandu"]},{"@type":"Person","@id":"https:\/\/terradomandu.com.br\/#\/schema\/person\/7de057f269b2608e6ca8f7798f29f97b","name":"Magson Gomes","image":{"@type":"ImageObject","inLanguage":"pt-BR","@id":"https:\/\/secure.gravatar.com\/avatar\/dc9dc73e44360b2877063bf5a8519d382eff67a9ed7b83f0acbe1437d7ced006?s=96&d=mm&r=g","url":"https:\/\/secure.gravatar.com\/avatar\/dc9dc73e44360b2877063bf5a8519d382eff67a9ed7b83f0acbe1437d7ced006?s=96&d=mm&r=g","contentUrl":"https:\/\/secure.gravatar.com\/avatar\/dc9dc73e44360b2877063bf5a8519d382eff67a9ed7b83f0acbe1437d7ced006?s=96&d=mm&r=g","caption":"Magson Gomes"},"sameAs":["http:\/\/www.terradomandu.com.br"],"url":"https:\/\/terradomandu.com.br\/index.php\/author\/magson\/"}]}},"jetpack_featured_media_url":"https:\/\/terradomandu.com.br\/wp-content\/uploads\/2026\/09\/WhatsApp-Image-2026-09-01-at-17.47.27.jpeg","jetpack_sharing_enabled":true,"_links":{"self":[{"href":"https:\/\/terradomandu.com.br\/index.php\/wp-json\/wp\/v2\/posts\/124318","targetHints":{"allow":["GET"]}}],"collection":[{"href":"https:\/\/terradomandu.com.br\/index.php\/wp-json\/wp\/v2\/posts"}],"about":[{"href":"https:\/\/terradomandu.com.br\/index.php\/wp-json\/wp\/v2\/types\/post"}],"author":[{"embeddable":true,"href":"https:\/\/terradomandu.com.br\/index.php\/wp-json\/wp\/v2\/users\/2"}],"replies":[{"embeddable":true,"href":"https:\/\/terradomandu.com.br\/index.php\/wp-json\/wp\/v2\/comments?post=124318"}],"version-history":[{"count":1,"href":"https:\/\/terradomandu.com.br\/index.php\/wp-json\/wp\/v2\/posts\/124318\/revisions"}],"predecessor-version":[{"id":124320,"href":"https:\/\/terradomandu.com.br\/index.php\/wp-json\/wp\/v2\/posts\/124318\/revisions\/124320"}],"wp:featuredmedia":[{"embeddable":true,"href":"https:\/\/terradomandu.com.br\/index.php\/wp-json\/wp\/v2\/media\/124319"}],"wp:attachment":[{"href":"https:\/\/terradomandu.com.br\/index.php\/wp-json\/wp\/v2\/media?parent=124318"}],"wp:term":[{"taxonomy":"category","embeddable":true,"href":"https:\/\/terradomandu.com.br\/index.php\/wp-json\/wp\/v2\/categories?post=124318"},{"taxonomy":"post_tag","embeddable":true,"href":"https:\/\/terradomandu.com.br\/index.php\/wp-json\/wp\/v2\/tags?post=124318"}],"curies":[{"name":"wp","href":"https:\/\/api.w.org\/{rel}","templated":true}]}}