


{"id":124261,"date":"2026-08-31T10:45:55","date_gmt":"2026-08-31T13:45:55","guid":{"rendered":"https:\/\/terradomandu.com.br\/?p=124261"},"modified":"2026-08-31T10:45:55","modified_gmt":"2026-08-31T13:45:55","slug":"cegonheira-tomba-apos-colidir-com-onibus-na-fernao-dias-em-sao-sebastiao-da-bela-vista","status":"publish","type":"post","link":"https:\/\/terradomandu.com.br\/index.php\/2026\/08\/31\/cegonheira-tomba-apos-colidir-com-onibus-na-fernao-dias-em-sao-sebastiao-da-bela-vista\/","title":{"rendered":"Cegonheira tomba ap\u00f3s colidir com \u00f4nibus na Fern\u00e3o Dias, em S\u00e3o Sebasti\u00e3o da Bela Vista"},"content":{"rendered":"<div id=\"attachment_124265\" style=\"width: 830px\" class=\"wp-caption aligncenter\"><img loading=\"lazy\" decoding=\"async\" aria-describedby=\"caption-attachment-124265\" class=\"wp-image-124265 size-full\" src=\"http:\/\/terradomandu.com.br\/wp-content\/uploads\/2026\/08\/333-2.jpg\" alt=\"Cegonheira tomba ap\u00f3s colidir com \u00f4nibus na Fern\u00e3o Dias, em S\u00e3o Sebasti\u00e3o da Bela Vista\" width=\"820\" height=\"461\" srcset=\"https:\/\/terradomandu.com.br\/wp-content\/uploads\/2026\/08\/333-2.jpg 820w, https:\/\/terradomandu.com.br\/wp-content\/uploads\/2026\/08\/333-2-300x169.jpg 300w, https:\/\/terradomandu.com.br\/wp-content\/uploads\/2026\/08\/333-2-768x432.jpg 768w\" sizes=\"auto, (max-width: 820px) 100vw, 820px\" \/><p id=\"caption-attachment-124265\" class=\"wp-caption-text\">Foto: Redes sociais<\/p><\/div>\n<p data-start=\"192\" data-end=\"422\">Um \u00f4nibus e uma cegonheira colidiram na Rodovia Fern\u00e3o Dias, na noite deste domingo (30\/8), na regi\u00e3o de S\u00e3o Sebasti\u00e3o da Bela Vista\/MG. Ap\u00f3s a colis\u00e3o, a cegonheira, que estava carregada com v\u00e1rios carros, tombou no canteiro central da rodovia.<\/p>\n<p data-start=\"424\" data-end=\"619\">Segundo a concession\u00e1ria, a ocorr\u00eancia foi registrada \u00e0s 22h24, no km 844, no sentido S\u00e3o Paulo. As v\u00edtimas envolvidas no acidente sa\u00edram ilesas e recusaram encaminhamento hospitalar.<\/p>\n<p data-start=\"621\" data-end=\"800\">Equipes operacionais e de resgate foram deslocadas para o local para realizar a sinaliza\u00e7\u00e3o da \u00e1rea, garantir a seguran\u00e7a vi\u00e1ria e orientar os motoristas que passavam pelo trecho.<\/p>\n<p data-start=\"802\" data-end=\"963\">Apesar do tombamento, n\u00e3o foi necess\u00e1ria a interdi\u00e7\u00e3o de faixas e n\u00e3o houve registro de congestionamento. O ve\u00edculo permanece no canteiro central da rodovia. Imagens gravadas por usu\u00e1rios mostram o ve\u00edculo tombado no canteiro central, nesta segunda-feira.<\/p>\n<h3 data-section-id=\"51xbpn\" data-start=\"1237\" data-end=\"1327\">Outro acidente deixa um morto na divisa com Extrema<\/h3>\n<p data-start=\"1329\" data-end=\"1492\">Na manh\u00e3 desta segunda-feira (31\/8), outro acidente grave foi registrado na Fern\u00e3o Dias, desta vez no km 1, em Vargem (SP), na regi\u00e3o da divisa com Extrema (MG).\u00a0A ocorr\u00eancia aconteceu por volta das 5h58 e envolveu tr\u00eas carretas e um carro, seguida pelo inc\u00eandio de uma das carretas.<\/p>\n<div id=\"attachment_124264\" style=\"width: 830px\" class=\"wp-caption aligncenter\"><img loading=\"lazy\" decoding=\"async\" aria-describedby=\"caption-attachment-124264\" class=\"wp-image-124264 size-full\" src=\"http:\/\/terradomandu.com.br\/wp-content\/uploads\/2026\/08\/31a762a8-eb9e-4174-a083-2b86c3b5ba6c.jpg\" alt=\"Cegonheira tomba ap\u00f3s colidir com \u00f4nibus na Fern\u00e3o Dias, em S\u00e3o Sebasti\u00e3o da Bela Vista\" width=\"820\" height=\"461\" srcset=\"https:\/\/terradomandu.com.br\/wp-content\/uploads\/2026\/08\/31a762a8-eb9e-4174-a083-2b86c3b5ba6c.jpg 820w, https:\/\/terradomandu.com.br\/wp-content\/uploads\/2026\/08\/31a762a8-eb9e-4174-a083-2b86c3b5ba6c-300x169.jpg 300w, https:\/\/terradomandu.com.br\/wp-content\/uploads\/2026\/08\/31a762a8-eb9e-4174-a083-2b86c3b5ba6c-768x432.jpg 768w\" sizes=\"auto, (max-width: 820px) 100vw, 820px\" \/><p id=\"caption-attachment-124264\" class=\"wp-caption-text\">Foto: Redes sociais<\/p><\/div>\n<p data-start=\"1329\" data-end=\"1492\">Conforme a Motiva Minas_SP, uma pessoa morreu, uma sofreu ferimentos leves e foi atendida no local, enquanto outras tr\u00eas v\u00edtimas sa\u00edram ilesas e recusaram encaminhamento hospitalar.\u00a0Equipes da concession\u00e1ria atuam no atendimento com apoio do Corpo de Bombeiros e da Pol\u00edcia Rodovi\u00e1ria Federal (PRF).<\/p>\n<p data-start=\"1934\" data-end=\"2227\">No sentido S\u00e3o Paulo, a pista estava totalmente interditada \u00e0s 9h30, com cerca de 3 quil\u00f4metros de congestionamento. No sentido Belo Horizonte, a faixa da esquerda permanecia bloqueada e o tr\u00e1fego seguia pela faixa da direita e pelo acostamento, com aproximadamente 2 quil\u00f4metros de lentid\u00e3o.<\/p>\n<div id=\"attachment_124263\" style=\"width: 830px\" class=\"wp-caption aligncenter\"><img loading=\"lazy\" decoding=\"async\" aria-describedby=\"caption-attachment-124263\" class=\"wp-image-124263 size-full\" src=\"http:\/\/terradomandu.com.br\/wp-content\/uploads\/2026\/08\/6e227fd5-af10-460b-91c9-5cb7ad71efb6.jpg\" alt=\"Cegonheira tomba ap\u00f3s colidir com \u00f4nibus na Fern\u00e3o Dias, em S\u00e3o Sebasti\u00e3o da Bela Vista\" width=\"820\" height=\"461\" srcset=\"https:\/\/terradomandu.com.br\/wp-content\/uploads\/2026\/08\/6e227fd5-af10-460b-91c9-5cb7ad71efb6.jpg 820w, https:\/\/terradomandu.com.br\/wp-content\/uploads\/2026\/08\/6e227fd5-af10-460b-91c9-5cb7ad71efb6-300x169.jpg 300w, https:\/\/terradomandu.com.br\/wp-content\/uploads\/2026\/08\/6e227fd5-af10-460b-91c9-5cb7ad71efb6-768x432.jpg 768w\" sizes=\"auto, (max-width: 820px) 100vw, 820px\" \/><p id=\"caption-attachment-124263\" class=\"wp-caption-text\">Foto: Redes sociais<\/p><\/div>\n<div id=\"attachment_124262\" style=\"width: 830px\" class=\"wp-caption aligncenter\"><img loading=\"lazy\" decoding=\"async\" aria-describedby=\"caption-attachment-124262\" class=\"wp-image-124262 size-full\" src=\"http:\/\/terradomandu.com.br\/wp-content\/uploads\/2026\/08\/fcd6e609-5c12-42d8-9d90-b0bd0ae7169b.jpg\" alt=\"Cegonheira tomba ap\u00f3s colidir com \u00f4nibus na Fern\u00e3o Dias, em S\u00e3o Sebasti\u00e3o da Bela Vista\" width=\"820\" height=\"461\" srcset=\"https:\/\/terradomandu.com.br\/wp-content\/uploads\/2026\/08\/fcd6e609-5c12-42d8-9d90-b0bd0ae7169b.jpg 820w, https:\/\/terradomandu.com.br\/wp-content\/uploads\/2026\/08\/fcd6e609-5c12-42d8-9d90-b0bd0ae7169b-300x169.jpg 300w, https:\/\/terradomandu.com.br\/wp-content\/uploads\/2026\/08\/fcd6e609-5c12-42d8-9d90-b0bd0ae7169b-768x432.jpg 768w\" sizes=\"auto, (max-width: 820px) 100vw, 820px\" \/><p id=\"caption-attachment-124262\" class=\"wp-caption-text\">Foto: Redes sociais<\/p><\/div>\n<div class=\"fb-background-color\">\n\t\t\t  <div \n\t\t\t  \tclass = \"fb-comments\" \n\t\t\t  \tdata-href = \"https:\/\/terradomandu.com.br\/index.php\/2026\/08\/31\/cegonheira-tomba-apos-colidir-com-onibus-na-fernao-dias-em-sao-sebastiao-da-bela-vista\/\"\n\t\t\t  \tdata-numposts = \"10\"\n\t\t\t  \tdata-lazy = \"true\"\n\t\t\t\tdata-colorscheme = \"light\"\n\t\t\t\tdata-order-by = \"social\"\n\t\t\t\tdata-mobile=true>\n\t\t\t  <\/div><\/div>\n\t\t  <style>\n\t\t    .fb-background-color {\n\t\t\t\tbackground: #ffffff !important;\n\t\t\t}\n\t\t\t.fb_iframe_widget_fluid_desktop iframe {\n\t\t\t    width: 100% !important;\n\t\t\t}\n\t\t  <\/style>\n\t\t  ","protected":false},"excerpt":{"rendered":"<p>Um \u00f4nibus e uma cegonheira colidiram na Rodovia Fern\u00e3o Dias, na noite deste domingo (30\/8), na regi\u00e3o de S\u00e3o Sebasti\u00e3o da Bela Vista\/MG. Ap\u00f3s a colis\u00e3o, a cegonheira, que estava carregada com v\u00e1rios carros, tombou no canteiro central da rodovia. Segundo a concession\u00e1ria, a ocorr\u00eancia foi registrada \u00e0s 22h24, no km 844, no sentido S\u00e3o [&hellip;]<\/p>\n","protected":false},"author":17,"featured_media":124265,"comment_status":"open","ping_status":"closed","sticky":false,"template":"","format":"standard","meta":{"_acf_changed":false,"kia_subtitle":"Outro acidente grave foi registrado na rodovia, entre Vargem\/SP e Extrema\/MG, entre tr\u00eas carretas e um carro, seguida pelo inc\u00eandio em uma das carretas","_jetpack_newsletter_access":"","_jetpack_dont_email_post_to_subs":false,"_jetpack_newsletter_tier_id":0,"_jetpack_memberships_contains_paywalled_content":false,"_jetpack_feature_clip_id":0,"_jetpack_memberships_contains_paid_content":false,"footnotes":"","jetpack_post_was_ever_published":false},"categories":[526],"tags":[9715],"class_list":["post-124261","post","type-post","status-publish","format-standard","has-post-thumbnail","hentry","category-destaque","tag-acidentes-na-rodovia"],"acf":[],"yoast_head":"<!-- This site is optimized with the Yoast SEO plugin v27.9 - https:\/\/yoast.com\/product\/yoast-seo-wordpress\/ -->\n<title>Cegonheira tomba ap\u00f3s colidir com \u00f4nibus na Fern\u00e3o Dias, em Bela Vista<\/title>\n<meta name=\"description\" content=\"Outro acidente grave foi registrado na rodovia, entre Vargem\/SP e Extrema\/MG, entre tr\u00eas carretas e um carro, seguida pelo inc\u00eandio em uma das carretas\" \/>\n<meta name=\"robots\" content=\"index, follow, max-snippet:-1, max-image-preview:large, max-video-preview:-1\" \/>\n<link rel=\"canonical\" href=\"https:\/\/terradomandu.com.br\/index.php\/2026\/08\/31\/cegonheira-tomba-apos-colidir-com-onibus-na-fernao-dias-em-sao-sebastiao-da-bela-vista\/\" \/>\n<meta property=\"og:locale\" content=\"pt_BR\" \/>\n<meta property=\"og:type\" content=\"article\" \/>\n<meta property=\"og:title\" content=\"Cegonheira tomba ap\u00f3s colidir com \u00f4nibus na Fern\u00e3o Dias, em Bela Vista\" \/>\n<meta property=\"og:description\" content=\"Outro acidente grave foi registrado na rodovia, entre Vargem\/SP e Extrema\/MG, entre tr\u00eas carretas e um carro, seguida pelo inc\u00eandio em uma das carretas\" \/>\n<meta property=\"og:url\" content=\"https:\/\/terradomandu.com.br\/index.php\/2026\/08\/31\/cegonheira-tomba-apos-colidir-com-onibus-na-fernao-dias-em-sao-sebastiao-da-bela-vista\/\" \/>\n<meta property=\"og:site_name\" content=\"Terra do Mandu - Not\u00edcias de Pouso Alegre e regi\u00e3o\" \/>\n<meta property=\"article:publisher\" content=\"https:\/\/www.facebook.com\/terradomandu\/\" \/>\n<meta property=\"article:published_time\" content=\"2026-08-31T13:45:55+00:00\" \/>\n<meta property=\"og:image\" content=\"http:\/\/terradomandu.com.br\/wp-content\/uploads\/2026\/08\/333-2.jpg\" \/>\n\t<meta property=\"og:image:width\" content=\"820\" \/>\n\t<meta property=\"og:image:height\" content=\"461\" \/>\n\t<meta property=\"og:image:type\" content=\"image\/jpeg\" \/>\n<meta name=\"author\" content=\"Iago Almeida\" \/>\n<meta name=\"twitter:card\" content=\"summary_large_image\" \/>\n<meta name=\"twitter:creator\" content=\"@terradomandu\" \/>\n<meta name=\"twitter:site\" content=\"@terradomandu\" \/>\n<meta name=\"twitter:label1\" content=\"Escrito por\" \/>\n\t<meta name=\"twitter:data1\" content=\"Iago Almeida\" \/>\n\t<meta name=\"twitter:label2\" content=\"Est. tempo de leitura\" \/>\n\t<meta name=\"twitter:data2\" content=\"3 minutos\" \/>\n<script type=\"application\/ld+json\" class=\"yoast-schema-graph\">{\"@context\":\"https:\\\/\\\/schema.org\",\"@graph\":[{\"@type\":\"Article\",\"@id\":\"https:\\\/\\\/terradomandu.com.br\\\/index.php\\\/2026\\\/08\\\/31\\\/cegonheira-tomba-apos-colidir-com-onibus-na-fernao-dias-em-sao-sebastiao-da-bela-vista\\\/#article\",\"isPartOf\":{\"@id\":\"https:\\\/\\\/terradomandu.com.br\\\/index.php\\\/2026\\\/08\\\/31\\\/cegonheira-tomba-apos-colidir-com-onibus-na-fernao-dias-em-sao-sebastiao-da-bela-vista\\\/\"},\"author\":{\"name\":\"Iago Almeida\",\"@id\":\"https:\\\/\\\/terradomandu.com.br\\\/#\\\/schema\\\/person\\\/85e4925923043514fb783fc0d9b0643f\"},\"headline\":\"Cegonheira tomba ap\u00f3s colidir com \u00f4nibus na Fern\u00e3o Dias, em S\u00e3o Sebasti\u00e3o da Bela Vista\",\"datePublished\":\"2026-08-31T13:45:55+00:00\",\"mainEntityOfPage\":{\"@id\":\"https:\\\/\\\/terradomandu.com.br\\\/index.php\\\/2026\\\/08\\\/31\\\/cegonheira-tomba-apos-colidir-com-onibus-na-fernao-dias-em-sao-sebastiao-da-bela-vista\\\/\"},\"wordCount\":372,\"commentCount\":0,\"publisher\":{\"@id\":\"https:\\\/\\\/terradomandu.com.br\\\/#organization\"},\"image\":{\"@id\":\"https:\\\/\\\/terradomandu.com.br\\\/index.php\\\/2026\\\/08\\\/31\\\/cegonheira-tomba-apos-colidir-com-onibus-na-fernao-dias-em-sao-sebastiao-da-bela-vista\\\/#primaryimage\"},\"thumbnailUrl\":\"https:\\\/\\\/terradomandu.com.br\\\/wp-content\\\/uploads\\\/2026\\\/08\\\/333-2.jpg\",\"keywords\":[\"Acidentes na rodovia\"],\"articleSection\":[\"DESTAQUE\"],\"inLanguage\":\"pt-BR\",\"potentialAction\":[{\"@type\":\"CommentAction\",\"name\":\"Comment\",\"target\":[\"https:\\\/\\\/terradomandu.com.br\\\/index.php\\\/2026\\\/08\\\/31\\\/cegonheira-tomba-apos-colidir-com-onibus-na-fernao-dias-em-sao-sebastiao-da-bela-vista\\\/#respond\"]}]},{\"@type\":\"WebPage\",\"@id\":\"https:\\\/\\\/terradomandu.com.br\\\/index.php\\\/2026\\\/08\\\/31\\\/cegonheira-tomba-apos-colidir-com-onibus-na-fernao-dias-em-sao-sebastiao-da-bela-vista\\\/\",\"url\":\"https:\\\/\\\/terradomandu.com.br\\\/index.php\\\/2026\\\/08\\\/31\\\/cegonheira-tomba-apos-colidir-com-onibus-na-fernao-dias-em-sao-sebastiao-da-bela-vista\\\/\",\"name\":\"Cegonheira tomba ap\u00f3s colidir com \u00f4nibus na Fern\u00e3o Dias, em Bela Vista\",\"isPartOf\":{\"@id\":\"https:\\\/\\\/terradomandu.com.br\\\/#website\"},\"primaryImageOfPage\":{\"@id\":\"https:\\\/\\\/terradomandu.com.br\\\/index.php\\\/2026\\\/08\\\/31\\\/cegonheira-tomba-apos-colidir-com-onibus-na-fernao-dias-em-sao-sebastiao-da-bela-vista\\\/#primaryimage\"},\"image\":{\"@id\":\"https:\\\/\\\/terradomandu.com.br\\\/index.php\\\/2026\\\/08\\\/31\\\/cegonheira-tomba-apos-colidir-com-onibus-na-fernao-dias-em-sao-sebastiao-da-bela-vista\\\/#primaryimage\"},\"thumbnailUrl\":\"https:\\\/\\\/terradomandu.com.br\\\/wp-content\\\/uploads\\\/2026\\\/08\\\/333-2.jpg\",\"datePublished\":\"2026-08-31T13:45:55+00:00\",\"description\":\"Outro acidente grave foi registrado na rodovia, entre Vargem\\\/SP e Extrema\\\/MG, entre tr\u00eas carretas e um carro, seguida pelo inc\u00eandio em uma das carretas\",\"breadcrumb\":{\"@id\":\"https:\\\/\\\/terradomandu.com.br\\\/index.php\\\/2026\\\/08\\\/31\\\/cegonheira-tomba-apos-colidir-com-onibus-na-fernao-dias-em-sao-sebastiao-da-bela-vista\\\/#breadcrumb\"},\"inLanguage\":\"pt-BR\",\"potentialAction\":[{\"@type\":\"ReadAction\",\"target\":[\"https:\\\/\\\/terradomandu.com.br\\\/index.php\\\/2026\\\/08\\\/31\\\/cegonheira-tomba-apos-colidir-com-onibus-na-fernao-dias-em-sao-sebastiao-da-bela-vista\\\/\"]}]},{\"@type\":\"ImageObject\",\"inLanguage\":\"pt-BR\",\"@id\":\"https:\\\/\\\/terradomandu.com.br\\\/index.php\\\/2026\\\/08\\\/31\\\/cegonheira-tomba-apos-colidir-com-onibus-na-fernao-dias-em-sao-sebastiao-da-bela-vista\\\/#primaryimage\",\"url\":\"https:\\\/\\\/terradomandu.com.br\\\/wp-content\\\/uploads\\\/2026\\\/08\\\/333-2.jpg\",\"contentUrl\":\"https:\\\/\\\/terradomandu.com.br\\\/wp-content\\\/uploads\\\/2026\\\/08\\\/333-2.jpg\",\"width\":820,\"height\":461,\"caption\":\"Cegonheira tomba ap\u00f3s colidir com \u00f4nibus na Fern\u00e3o Dias, em S\u00e3o Sebasti\u00e3o da Bela Vista\"},{\"@type\":\"BreadcrumbList\",\"@id\":\"https:\\\/\\\/terradomandu.com.br\\\/index.php\\\/2026\\\/08\\\/31\\\/cegonheira-tomba-apos-colidir-com-onibus-na-fernao-dias-em-sao-sebastiao-da-bela-vista\\\/#breadcrumb\",\"itemListElement\":[{\"@type\":\"ListItem\",\"position\":1,\"name\":\"In\u00edcio\",\"item\":\"https:\\\/\\\/terradomandu.com.br\\\/\"},{\"@type\":\"ListItem\",\"position\":2,\"name\":\"Cegonheira tomba ap\u00f3s colidir com \u00f4nibus na Fern\u00e3o Dias, em S\u00e3o Sebasti\u00e3o da Bela Vista\"}]},{\"@type\":\"WebSite\",\"@id\":\"https:\\\/\\\/terradomandu.com.br\\\/#website\",\"url\":\"https:\\\/\\\/terradomandu.com.br\\\/\",\"name\":\"Terra do Mandu - Not\u00edcias de Pouso Alegre e regi\u00e3o\",\"description\":\"Not\u00edcias de Pouso Alegre e regi\u00e3o. Terra do Mandu \u00e9 jornalismo s\u00e9rio e conte\u00fado pr\u00f3prio.\",\"publisher\":{\"@id\":\"https:\\\/\\\/terradomandu.com.br\\\/#organization\"},\"potentialAction\":[{\"@type\":\"SearchAction\",\"target\":{\"@type\":\"EntryPoint\",\"urlTemplate\":\"https:\\\/\\\/terradomandu.com.br\\\/?s={search_term_string}\"},\"query-input\":{\"@type\":\"PropertyValueSpecification\",\"valueRequired\":true,\"valueName\":\"search_term_string\"}}],\"inLanguage\":\"pt-BR\"},{\"@type\":\"Organization\",\"@id\":\"https:\\\/\\\/terradomandu.com.br\\\/#organization\",\"name\":\"TERRA DO MANDU - NOT\u00cdCIAS DE POUSO ALEGRE E SUL DE MINAS\",\"url\":\"https:\\\/\\\/terradomandu.com.br\\\/\",\"logo\":{\"@type\":\"ImageObject\",\"inLanguage\":\"pt-BR\",\"@id\":\"https:\\\/\\\/terradomandu.com.br\\\/#\\\/schema\\\/logo\\\/image\\\/\",\"url\":\"https:\\\/\\\/terradomandu.com.br\\\/wp-content\\\/uploads\\\/2020\\\/10\\\/logo_azul-1.png\",\"contentUrl\":\"https:\\\/\\\/terradomandu.com.br\\\/wp-content\\\/uploads\\\/2020\\\/10\\\/logo_azul-1.png\",\"width\":1080,\"height\":1080,\"caption\":\"TERRA DO MANDU - NOT\u00cdCIAS DE POUSO ALEGRE E SUL DE MINAS\"},\"image\":{\"@id\":\"https:\\\/\\\/terradomandu.com.br\\\/#\\\/schema\\\/logo\\\/image\\\/\"},\"sameAs\":[\"https:\\\/\\\/www.facebook.com\\\/terradomandu\\\/\",\"https:\\\/\\\/x.com\\\/terradomandu\",\"https:\\\/\\\/www.instagram.com\\\/terradomandu\",\"https:\\\/\\\/www.youtube.com\\\/terradomandu\"]},{\"@type\":\"Person\",\"@id\":\"https:\\\/\\\/terradomandu.com.br\\\/#\\\/schema\\\/person\\\/85e4925923043514fb783fc0d9b0643f\",\"name\":\"Iago Almeida\",\"image\":{\"@type\":\"ImageObject\",\"inLanguage\":\"pt-BR\",\"@id\":\"https:\\\/\\\/secure.gravatar.com\\\/avatar\\\/1c0d735e1391113652fee430a32ef5febd55afc9d31a33f95e354727dbdbedd9?s=96&d=mm&r=g\",\"url\":\"https:\\\/\\\/secure.gravatar.com\\\/avatar\\\/1c0d735e1391113652fee430a32ef5febd55afc9d31a33f95e354727dbdbedd9?s=96&d=mm&r=g\",\"contentUrl\":\"https:\\\/\\\/secure.gravatar.com\\\/avatar\\\/1c0d735e1391113652fee430a32ef5febd55afc9d31a33f95e354727dbdbedd9?s=96&d=mm&r=g\",\"caption\":\"Iago Almeida\"},\"sameAs\":[\"https:\\\/\\\/terradomandu.com.br\"],\"url\":\"https:\\\/\\\/terradomandu.com.br\\\/index.php\\\/author\\\/iago\\\/\"}]}<\/script>\n<!-- \/ Yoast SEO plugin. -->","yoast_head_json":{"title":"Cegonheira tomba ap\u00f3s colidir com \u00f4nibus na Fern\u00e3o Dias, em Bela Vista","description":"Outro acidente grave foi registrado na rodovia, entre Vargem\/SP e Extrema\/MG, entre tr\u00eas carretas e um carro, seguida pelo inc\u00eandio em uma das carretas","robots":{"index":"index","follow":"follow","max-snippet":"max-snippet:-1","max-image-preview":"max-image-preview:large","max-video-preview":"max-video-preview:-1"},"canonical":"https:\/\/terradomandu.com.br\/index.php\/2026\/08\/31\/cegonheira-tomba-apos-colidir-com-onibus-na-fernao-dias-em-sao-sebastiao-da-bela-vista\/","og_locale":"pt_BR","og_type":"article","og_title":"Cegonheira tomba ap\u00f3s colidir com \u00f4nibus na Fern\u00e3o Dias, em Bela Vista","og_description":"Outro acidente grave foi registrado na rodovia, entre Vargem\/SP e Extrema\/MG, entre tr\u00eas carretas e um carro, seguida pelo inc\u00eandio em uma das carretas","og_url":"https:\/\/terradomandu.com.br\/index.php\/2026\/08\/31\/cegonheira-tomba-apos-colidir-com-onibus-na-fernao-dias-em-sao-sebastiao-da-bela-vista\/","og_site_name":"Terra do Mandu - Not\u00edcias de Pouso Alegre e regi\u00e3o","article_publisher":"https:\/\/www.facebook.com\/terradomandu\/","article_published_time":"2026-08-31T13:45:55+00:00","og_image":[{"width":820,"height":461,"url":"http:\/\/terradomandu.com.br\/wp-content\/uploads\/2026\/08\/333-2.jpg","type":"image\/jpeg"}],"author":"Iago Almeida","twitter_card":"summary_large_image","twitter_creator":"@terradomandu","twitter_site":"@terradomandu","twitter_misc":{"Escrito por":"Iago Almeida","Est. tempo de leitura":"3 minutos"},"schema":{"@context":"https:\/\/schema.org","@graph":[{"@type":"Article","@id":"https:\/\/terradomandu.com.br\/index.php\/2026\/08\/31\/cegonheira-tomba-apos-colidir-com-onibus-na-fernao-dias-em-sao-sebastiao-da-bela-vista\/#article","isPartOf":{"@id":"https:\/\/terradomandu.com.br\/index.php\/2026\/08\/31\/cegonheira-tomba-apos-colidir-com-onibus-na-fernao-dias-em-sao-sebastiao-da-bela-vista\/"},"author":{"name":"Iago Almeida","@id":"https:\/\/terradomandu.com.br\/#\/schema\/person\/85e4925923043514fb783fc0d9b0643f"},"headline":"Cegonheira tomba ap\u00f3s colidir com \u00f4nibus na Fern\u00e3o Dias, em S\u00e3o Sebasti\u00e3o da Bela Vista","datePublished":"2026-08-31T13:45:55+00:00","mainEntityOfPage":{"@id":"https:\/\/terradomandu.com.br\/index.php\/2026\/08\/31\/cegonheira-tomba-apos-colidir-com-onibus-na-fernao-dias-em-sao-sebastiao-da-bela-vista\/"},"wordCount":372,"commentCount":0,"publisher":{"@id":"https:\/\/terradomandu.com.br\/#organization"},"image":{"@id":"https:\/\/terradomandu.com.br\/index.php\/2026\/08\/31\/cegonheira-tomba-apos-colidir-com-onibus-na-fernao-dias-em-sao-sebastiao-da-bela-vista\/#primaryimage"},"thumbnailUrl":"https:\/\/terradomandu.com.br\/wp-content\/uploads\/2026\/08\/333-2.jpg","keywords":["Acidentes na rodovia"],"articleSection":["DESTAQUE"],"inLanguage":"pt-BR","potentialAction":[{"@type":"CommentAction","name":"Comment","target":["https:\/\/terradomandu.com.br\/index.php\/2026\/08\/31\/cegonheira-tomba-apos-colidir-com-onibus-na-fernao-dias-em-sao-sebastiao-da-bela-vista\/#respond"]}]},{"@type":"WebPage","@id":"https:\/\/terradomandu.com.br\/index.php\/2026\/08\/31\/cegonheira-tomba-apos-colidir-com-onibus-na-fernao-dias-em-sao-sebastiao-da-bela-vista\/","url":"https:\/\/terradomandu.com.br\/index.php\/2026\/08\/31\/cegonheira-tomba-apos-colidir-com-onibus-na-fernao-dias-em-sao-sebastiao-da-bela-vista\/","name":"Cegonheira tomba ap\u00f3s colidir com \u00f4nibus na Fern\u00e3o Dias, em Bela Vista","isPartOf":{"@id":"https:\/\/terradomandu.com.br\/#website"},"primaryImageOfPage":{"@id":"https:\/\/terradomandu.com.br\/index.php\/2026\/08\/31\/cegonheira-tomba-apos-colidir-com-onibus-na-fernao-dias-em-sao-sebastiao-da-bela-vista\/#primaryimage"},"image":{"@id":"https:\/\/terradomandu.com.br\/index.php\/2026\/08\/31\/cegonheira-tomba-apos-colidir-com-onibus-na-fernao-dias-em-sao-sebastiao-da-bela-vista\/#primaryimage"},"thumbnailUrl":"https:\/\/terradomandu.com.br\/wp-content\/uploads\/2026\/08\/333-2.jpg","datePublished":"2026-08-31T13:45:55+00:00","description":"Outro acidente grave foi registrado na rodovia, entre Vargem\/SP e Extrema\/MG, entre tr\u00eas carretas e um carro, seguida pelo inc\u00eandio em uma das carretas","breadcrumb":{"@id":"https:\/\/terradomandu.com.br\/index.php\/2026\/08\/31\/cegonheira-tomba-apos-colidir-com-onibus-na-fernao-dias-em-sao-sebastiao-da-bela-vista\/#breadcrumb"},"inLanguage":"pt-BR","potentialAction":[{"@type":"ReadAction","target":["https:\/\/terradomandu.com.br\/index.php\/2026\/08\/31\/cegonheira-tomba-apos-colidir-com-onibus-na-fernao-dias-em-sao-sebastiao-da-bela-vista\/"]}]},{"@type":"ImageObject","inLanguage":"pt-BR","@id":"https:\/\/terradomandu.com.br\/index.php\/2026\/08\/31\/cegonheira-tomba-apos-colidir-com-onibus-na-fernao-dias-em-sao-sebastiao-da-bela-vista\/#primaryimage","url":"https:\/\/terradomandu.com.br\/wp-content\/uploads\/2026\/08\/333-2.jpg","contentUrl":"https:\/\/terradomandu.com.br\/wp-content\/uploads\/2026\/08\/333-2.jpg","width":820,"height":461,"caption":"Cegonheira tomba ap\u00f3s colidir com \u00f4nibus na Fern\u00e3o Dias, em S\u00e3o Sebasti\u00e3o da Bela Vista"},{"@type":"BreadcrumbList","@id":"https:\/\/terradomandu.com.br\/index.php\/2026\/08\/31\/cegonheira-tomba-apos-colidir-com-onibus-na-fernao-dias-em-sao-sebastiao-da-bela-vista\/#breadcrumb","itemListElement":[{"@type":"ListItem","position":1,"name":"In\u00edcio","item":"https:\/\/terradomandu.com.br\/"},{"@type":"ListItem","position":2,"name":"Cegonheira tomba ap\u00f3s colidir com \u00f4nibus na Fern\u00e3o Dias, em S\u00e3o Sebasti\u00e3o da Bela Vista"}]},{"@type":"WebSite","@id":"https:\/\/terradomandu.com.br\/#website","url":"https:\/\/terradomandu.com.br\/","name":"Terra do Mandu - Not\u00edcias de Pouso Alegre e regi\u00e3o","description":"Not\u00edcias de Pouso Alegre e regi\u00e3o. Terra do Mandu \u00e9 jornalismo s\u00e9rio e conte\u00fado pr\u00f3prio.","publisher":{"@id":"https:\/\/terradomandu.com.br\/#organization"},"potentialAction":[{"@type":"SearchAction","target":{"@type":"EntryPoint","urlTemplate":"https:\/\/terradomandu.com.br\/?s={search_term_string}"},"query-input":{"@type":"PropertyValueSpecification","valueRequired":true,"valueName":"search_term_string"}}],"inLanguage":"pt-BR"},{"@type":"Organization","@id":"https:\/\/terradomandu.com.br\/#organization","name":"TERRA DO MANDU - NOT\u00cdCIAS DE POUSO ALEGRE E SUL DE MINAS","url":"https:\/\/terradomandu.com.br\/","logo":{"@type":"ImageObject","inLanguage":"pt-BR","@id":"https:\/\/terradomandu.com.br\/#\/schema\/logo\/image\/","url":"https:\/\/terradomandu.com.br\/wp-content\/uploads\/2020\/10\/logo_azul-1.png","contentUrl":"https:\/\/terradomandu.com.br\/wp-content\/uploads\/2020\/10\/logo_azul-1.png","width":1080,"height":1080,"caption":"TERRA DO MANDU - NOT\u00cdCIAS DE POUSO ALEGRE E SUL DE MINAS"},"image":{"@id":"https:\/\/terradomandu.com.br\/#\/schema\/logo\/image\/"},"sameAs":["https:\/\/www.facebook.com\/terradomandu\/","https:\/\/x.com\/terradomandu","https:\/\/www.instagram.com\/terradomandu","https:\/\/www.youtube.com\/terradomandu"]},{"@type":"Person","@id":"https:\/\/terradomandu.com.br\/#\/schema\/person\/85e4925923043514fb783fc0d9b0643f","name":"Iago Almeida","image":{"@type":"ImageObject","inLanguage":"pt-BR","@id":"https:\/\/secure.gravatar.com\/avatar\/1c0d735e1391113652fee430a32ef5febd55afc9d31a33f95e354727dbdbedd9?s=96&d=mm&r=g","url":"https:\/\/secure.gravatar.com\/avatar\/1c0d735e1391113652fee430a32ef5febd55afc9d31a33f95e354727dbdbedd9?s=96&d=mm&r=g","contentUrl":"https:\/\/secure.gravatar.com\/avatar\/1c0d735e1391113652fee430a32ef5febd55afc9d31a33f95e354727dbdbedd9?s=96&d=mm&r=g","caption":"Iago Almeida"},"sameAs":["https:\/\/terradomandu.com.br"],"url":"https:\/\/terradomandu.com.br\/index.php\/author\/iago\/"}]}},"jetpack_featured_media_url":"https:\/\/terradomandu.com.br\/wp-content\/uploads\/2026\/08\/333-2.jpg","jetpack_sharing_enabled":true,"_links":{"self":[{"href":"https:\/\/terradomandu.com.br\/index.php\/wp-json\/wp\/v2\/posts\/124261","targetHints":{"allow":["GET"]}}],"collection":[{"href":"https:\/\/terradomandu.com.br\/index.php\/wp-json\/wp\/v2\/posts"}],"about":[{"href":"https:\/\/terradomandu.com.br\/index.php\/wp-json\/wp\/v2\/types\/post"}],"author":[{"embeddable":true,"href":"https:\/\/terradomandu.com.br\/index.php\/wp-json\/wp\/v2\/users\/17"}],"replies":[{"embeddable":true,"href":"https:\/\/terradomandu.com.br\/index.php\/wp-json\/wp\/v2\/comments?post=124261"}],"version-history":[{"count":1,"href":"https:\/\/terradomandu.com.br\/index.php\/wp-json\/wp\/v2\/posts\/124261\/revisions"}],"predecessor-version":[{"id":124266,"href":"https:\/\/terradomandu.com.br\/index.php\/wp-json\/wp\/v2\/posts\/124261\/revisions\/124266"}],"wp:featuredmedia":[{"embeddable":true,"href":"https:\/\/terradomandu.com.br\/index.php\/wp-json\/wp\/v2\/media\/124265"}],"wp:attachment":[{"href":"https:\/\/terradomandu.com.br\/index.php\/wp-json\/wp\/v2\/media?parent=124261"}],"wp:term":[{"taxonomy":"category","embeddable":true,"href":"https:\/\/terradomandu.com.br\/index.php\/wp-json\/wp\/v2\/categories?post=124261"},{"taxonomy":"post_tag","embeddable":true,"href":"https:\/\/terradomandu.com.br\/index.php\/wp-json\/wp\/v2\/tags?post=124261"}],"curies":[{"name":"wp","href":"https:\/\/api.w.org\/{rel}","templated":true}]}}