


{"id":124253,"date":"2026-08-30T19:23:54","date_gmt":"2026-08-30T22:23:54","guid":{"rendered":"https:\/\/terradomandu.com.br\/?p=124253"},"modified":"2026-08-30T19:26:46","modified_gmt":"2026-08-30T22:26:46","slug":"vestibular-de-medicina-da-univas-esta-com-inscricoes-abertas-para-70-vagas","status":"publish","type":"post","link":"https:\/\/terradomandu.com.br\/index.php\/2026\/08\/30\/vestibular-de-medicina-da-univas-esta-com-inscricoes-abertas-para-70-vagas\/","title":{"rendered":"Vestibular de Medicina da Univ\u00e1s est\u00e1 com inscri\u00e7\u00f5es abertas para 70 vagas"},"content":{"rendered":"<div id=\"attachment_124255\" style=\"width: 950px\" class=\"wp-caption aligncenter\"><img loading=\"lazy\" decoding=\"async\" aria-describedby=\"caption-attachment-124255\" class=\"size-full wp-image-124255\" src=\"http:\/\/terradomandu.com.br\/wp-content\/uploads\/2026\/08\/capa-materia-medicina-8.jpg\" alt=\"\" width=\"940\" height=\"627\" srcset=\"https:\/\/terradomandu.com.br\/wp-content\/uploads\/2026\/08\/capa-materia-medicina-8.jpg 940w, https:\/\/terradomandu.com.br\/wp-content\/uploads\/2026\/08\/capa-materia-medicina-8-300x200.jpg 300w, https:\/\/terradomandu.com.br\/wp-content\/uploads\/2026\/08\/capa-materia-medicina-8-768x512.jpg 768w\" sizes=\"auto, (max-width: 940px) 100vw, 940px\" \/><p id=\"caption-attachment-124255\" class=\"wp-caption-text\">Vestibular de Medicina da Univ\u00e1s est\u00e1 com inscri\u00e7\u00f5es abertas para 70 vagas. Foto: divulga\u00e7\u00e3o<\/p><\/div>\n<p>Est\u00e3o abertas as inscri\u00e7\u00f5es para o processo seletivo do curso de Medicina da Univ\u00e1s. Para a pr\u00f3xima turma, s\u00e3o oferecidas 70 vagas, com duas possibilidades de ingresso: pela modalidade tradicional, com inscri\u00e7\u00f5es at\u00e9 o dia 22 de setembro, e por meio da nota do Exame Nacional do Ensino M\u00e9dio (Enem), com inscri\u00e7\u00f5es at\u00e9 7 de dezembro.<\/p>\n<p>Com mais de cinco d\u00e9cadas de hist\u00f3ria, o curso de Medicina da Univ\u00e1s alia forma\u00e7\u00e3o te\u00f3rica e pr\u00e1tica desde os primeiros anos da gradua\u00e7\u00e3o. Os estudantes contam com laborat\u00f3rios, ambulat\u00f3rios, projetos de extens\u00e3o e diferentes espa\u00e7os de aprendizagem, al\u00e9m da proximidade com o Complexo Hospitalar Samuel Lib\u00e2nio (CHSL), hospital de ensino que integra a forma\u00e7\u00e3o dos futuros m\u00e9dicos.<\/p>\n<p>A qualidade da forma\u00e7\u00e3o tamb\u00e9m \u00e9 reconhecida em avalia\u00e7\u00f5es nacionais. Na primeira edi\u00e7\u00e3o do Exame Nacional de Avalia\u00e7\u00e3o da Forma\u00e7\u00e3o M\u00e9dica (Enamed), realizada em 2025, o curso de Medicina da Univ\u00e1s conquistou nota 4, sendo a institui\u00e7\u00e3o privada com a maior nota de Minas Gerais e a 8\u00aa colocada entre institui\u00e7\u00f5es p\u00fablicas e privadas de todo o estado. Em \u00e2mbito nacional, o curso ficou em 11\u00ba lugar entre as institui\u00e7\u00f5es privadas. O Enamed tamb\u00e9m permite o aproveitamento dos resultados nos processos seletivos de programas de resid\u00eancia m\u00e9dica.<\/p>\n<div id=\"attachment_124256\" style=\"width: 950px\" class=\"wp-caption aligncenter\"><img loading=\"lazy\" decoding=\"async\" aria-describedby=\"caption-attachment-124256\" class=\"size-full wp-image-124256\" src=\"http:\/\/terradomandu.com.br\/wp-content\/uploads\/2026\/08\/materia-medicina-9.jpg\" alt=\"\" width=\"940\" height=\"627\" srcset=\"https:\/\/terradomandu.com.br\/wp-content\/uploads\/2026\/08\/materia-medicina-9.jpg 940w, https:\/\/terradomandu.com.br\/wp-content\/uploads\/2026\/08\/materia-medicina-9-300x200.jpg 300w, https:\/\/terradomandu.com.br\/wp-content\/uploads\/2026\/08\/materia-medicina-9-768x512.jpg 768w\" sizes=\"auto, (max-width: 940px) 100vw, 940px\" \/><p id=\"caption-attachment-124256\" class=\"wp-caption-text\">Vestibular de Medicina da Univ\u00e1s est\u00e1 com inscri\u00e7\u00f5es abertas para 70 vagas. Foto: divulga\u00e7\u00e3o<\/p><\/div>\n<p>O curso de Medicina da Univ\u00e1s tamb\u00e9m possui nota 5 no MEC (nota m\u00e1xima), resultado da avalia\u00e7\u00e3o de aspectos como organiza\u00e7\u00e3o did\u00e1tico-pedag\u00f3gica, corpo docente e infraestrutura.<\/p>\n<p>Al\u00e9m dos resultados acad\u00eamicos, a forma\u00e7\u00e3o busca preparar profissionais capazes de aliar conhecimento t\u00e9cnico, \u00e9tica e humaniza\u00e7\u00e3o. Para a coordenadora do curso de Medicina da Univ\u00e1s, Dra. Marta Garroni Magalh\u00e3es, a viv\u00eancia em diferentes ambientes de atendimento \u00e9 fundamental para esse processo.<\/p>\n<p>\u201c\u00c9 um ambiente fundamental at\u00e9 para um ensino de excel\u00eancia, porque ser\u00e1 na vida real, essa forma\u00e7\u00e3o \u00e9tica, a forma\u00e7\u00e3o tamb\u00e9m emp\u00e1tica desses alunos para lidar com os pacientes, as pessoas de forma humanizada e com alto padr\u00e3o de qualidade\u201d, destaca.<\/p>\n<p>Outro diferencial \u00e9 a proximidade entre a universidade e o Complexo Hospitalar Samuel Lib\u00e2nio. De acordo com o vice-coordenador do curso, Dr. Rafael Santos, essa integra\u00e7\u00e3o permite que os acad\u00eamicos tenham contato pr\u00f3ximo com a pr\u00e1tica m\u00e9dica.<\/p>\n<p>\u201cEm menos de um minuto a gente sai de dentro da universidade e chega dentro do Complexo Hospitalar Samuel Lib\u00e2nio. Eu acho que isso traz a inser\u00e7\u00e3o da pr\u00e1tica para os alunos que est\u00e3o dentro do curso de Medicina da universidade. O hospital \u00e9 uma parte da Faculdade de Medicina, uma parte muito importante. Eu diria que \u00e9 onde se treina e realmente se aprende a ser m\u00e9dico\u201d, ressalta.<\/p>\n<div id=\"attachment_124257\" style=\"width: 950px\" class=\"wp-caption aligncenter\"><img loading=\"lazy\" decoding=\"async\" aria-describedby=\"caption-attachment-124257\" class=\"size-full wp-image-124257\" src=\"http:\/\/terradomandu.com.br\/wp-content\/uploads\/2026\/08\/materia-medicina-1.png\" alt=\"\" width=\"940\" height=\"627\" srcset=\"https:\/\/terradomandu.com.br\/wp-content\/uploads\/2026\/08\/materia-medicina-1.png 940w, https:\/\/terradomandu.com.br\/wp-content\/uploads\/2026\/08\/materia-medicina-1-300x200.png 300w, https:\/\/terradomandu.com.br\/wp-content\/uploads\/2026\/08\/materia-medicina-1-768x512.png 768w\" sizes=\"auto, (max-width: 940px) 100vw, 940px\" \/><p id=\"caption-attachment-124257\" class=\"wp-caption-text\">Vestibular de Medicina da Univ\u00e1s est\u00e1 com inscri\u00e7\u00f5es abertas para 70 vagas. Foto: divulga\u00e7\u00e3o<\/p><\/div>\n<p>Segundo o professor, a forma\u00e7\u00e3o \u00e9 complementada por laborat\u00f3rios, ambulat\u00f3rios externos, projetos de extens\u00e3o e outras atividades acad\u00eamicas. \u201cNa universidade n\u00f3s temos os laborat\u00f3rios, os ambulat\u00f3rios externos, a gente tem o projeto de extens\u00e3o, a gente tem outras atividades que complementam a forma\u00e7\u00e3o com essa cereja, que \u00e9 o nosso Complexo Hospitalar Samuel Lib\u00e2nio\u201d, completa.<\/p>\n<p>A integra\u00e7\u00e3o entre universidade, hospital, laborat\u00f3rios, pesquisa e extens\u00e3o proporciona aos estudantes uma forma\u00e7\u00e3o ampla e conectada \u00e0 realidade da profiss\u00e3o, preparando-os para os desafios da pr\u00e1tica m\u00e9dica e para uma atua\u00e7\u00e3o pautada pelo conhecimento, pela \u00e9tica e pelo cuidado humanizado.<\/p>\n<p><strong>Inscri\u00e7\u00f5es<\/strong><\/p>\n<p>Os interessados em ingressar no curso de Medicina da Univ\u00e1s podem escolher entre duas modalidades. Na entrada tradicional, as inscri\u00e7\u00f5es seguem at\u00e9 22 de setembro. J\u00e1 para quem deseja utilizar a nota do Enem, as inscri\u00e7\u00f5es podem ser realizadas at\u00e9 7 de dezembro.<\/p>\n<p>S\u00e3o 70 vagas dispon\u00edveis para o curso de Medicina. Mais informa\u00e7\u00f5es sobre o processo seletivo, crit\u00e9rios de ingresso e inscri\u00e7\u00f5es est\u00e3o dispon\u00edveis no link abaixo: <a href=\"https:\/\/www.univas.edu.br\/medicina?utm_source=terra-mandu&amp;utm_medium=link&amp;utm_campaign=UNIVAS+MEDICINA+2027&amp;utm_content=\" target=\"_blank\" rel=\"noopener\">Vestibular de Medicina da Univ\u00e1s<\/a><\/p>\n<div id=\"attachment_124258\" style=\"width: 950px\" class=\"wp-caption aligncenter\"><img loading=\"lazy\" decoding=\"async\" aria-describedby=\"caption-attachment-124258\" class=\"size-full wp-image-124258\" src=\"http:\/\/terradomandu.com.br\/wp-content\/uploads\/2026\/08\/materia-medicina-3.jpg\" alt=\"\" width=\"940\" height=\"627\" srcset=\"https:\/\/terradomandu.com.br\/wp-content\/uploads\/2026\/08\/materia-medicina-3.jpg 940w, https:\/\/terradomandu.com.br\/wp-content\/uploads\/2026\/08\/materia-medicina-3-300x200.jpg 300w, https:\/\/terradomandu.com.br\/wp-content\/uploads\/2026\/08\/materia-medicina-3-768x512.jpg 768w\" sizes=\"auto, (max-width: 940px) 100vw, 940px\" \/><p id=\"caption-attachment-124258\" class=\"wp-caption-text\">Vestibular de Medicina da Univ\u00e1s est\u00e1 com inscri\u00e7\u00f5es abertas para 70 vagas. Foto: divulga\u00e7\u00e3o<\/p><\/div>\n<div class=\"fb-background-color\">\n\t\t\t  <div \n\t\t\t  \tclass = \"fb-comments\" \n\t\t\t  \tdata-href = \"https:\/\/terradomandu.com.br\/index.php\/2026\/08\/30\/vestibular-de-medicina-da-univas-esta-com-inscricoes-abertas-para-70-vagas\/\"\n\t\t\t  \tdata-numposts = \"10\"\n\t\t\t  \tdata-lazy = \"true\"\n\t\t\t\tdata-colorscheme = \"light\"\n\t\t\t\tdata-order-by = \"social\"\n\t\t\t\tdata-mobile=true>\n\t\t\t  <\/div><\/div>\n\t\t  <style>\n\t\t    .fb-background-color {\n\t\t\t\tbackground: #ffffff !important;\n\t\t\t}\n\t\t\t.fb_iframe_widget_fluid_desktop iframe {\n\t\t\t    width: 100% !important;\n\t\t\t}\n\t\t  <\/style>\n\t\t  ","protected":false},"excerpt":{"rendered":"<p>Est\u00e3o abertas as inscri\u00e7\u00f5es para o processo seletivo do curso de Medicina da Univ\u00e1s. Para a pr\u00f3xima turma, s\u00e3o oferecidas 70 vagas, com duas possibilidades de ingresso: pela modalidade tradicional, com inscri\u00e7\u00f5es at\u00e9 o dia 22 de setembro, e por meio da nota do Exame Nacional do Ensino M\u00e9dio (Enem), com inscri\u00e7\u00f5es at\u00e9 7 de [&hellip;]<\/p>\n","protected":false},"author":2,"featured_media":124255,"comment_status":"open","ping_status":"closed","sticky":false,"template":"","format":"standard","meta":{"_acf_changed":false,"kia_subtitle":"As inscri\u00e7\u00f5es v\u00e3o at\u00e9 o dia 22 de setembro. Link na mat\u00e9ria. Outra op\u00e7\u00e3o de ingresso \u00e9 pelo Enem, com inscri\u00e7\u00f5es at\u00e9 7 de dezembro. Leia detalhes.","_jetpack_newsletter_access":"","_jetpack_dont_email_post_to_subs":false,"_jetpack_newsletter_tier_id":0,"_jetpack_memberships_contains_paywalled_content":false,"_jetpack_feature_clip_id":0,"_jetpack_memberships_contains_paid_content":false,"footnotes":"","jetpack_post_was_ever_published":false},"categories":[526,9595],"tags":[781],"class_list":["post-124253","post","type-post","status-publish","format-standard","has-post-thumbnail","hentry","category-destaque","category-informe-publicitario","tag-especial-publicitario"],"acf":[],"yoast_head":"<!-- This site is optimized with the Yoast SEO plugin v27.9 - https:\/\/yoast.com\/product\/yoast-seo-wordpress\/ -->\n<title>Vestibular de Medicina da Univ\u00e1s est\u00e1 com inscri\u00e7\u00f5es abertas para 70 vagas<\/title>\n<meta name=\"description\" content=\"As inscri\u00e7\u00f5es para o vestibular de Medicina da Univ\u00e1s v\u00e3o at\u00e9 o dia 22 de setembro. O curso tem a maior nota do Enamed entre as institui\u00e7\u00f5es privadas de Minas.\" \/>\n<meta name=\"robots\" content=\"index, follow, max-snippet:-1, max-image-preview:large, max-video-preview:-1\" \/>\n<link rel=\"canonical\" href=\"https:\/\/terradomandu.com.br\/index.php\/2026\/08\/30\/vestibular-de-medicina-da-univas-esta-com-inscricoes-abertas-para-70-vagas\/\" \/>\n<meta property=\"og:locale\" content=\"pt_BR\" \/>\n<meta property=\"og:type\" content=\"article\" \/>\n<meta property=\"og:title\" content=\"Vestibular de Medicina da Univ\u00e1s est\u00e1 com inscri\u00e7\u00f5es abertas para 70 vagas\" \/>\n<meta property=\"og:description\" content=\"As inscri\u00e7\u00f5es para o vestibular de Medicina da Univ\u00e1s v\u00e3o at\u00e9 o dia 22 de setembro. O curso tem a maior nota do Enamed entre as institui\u00e7\u00f5es privadas de Minas.\" \/>\n<meta property=\"og:url\" content=\"https:\/\/terradomandu.com.br\/index.php\/2026\/08\/30\/vestibular-de-medicina-da-univas-esta-com-inscricoes-abertas-para-70-vagas\/\" \/>\n<meta property=\"og:site_name\" content=\"Terra do Mandu - Not\u00edcias de Pouso Alegre e regi\u00e3o\" \/>\n<meta property=\"article:publisher\" content=\"https:\/\/www.facebook.com\/terradomandu\/\" \/>\n<meta property=\"article:published_time\" content=\"2026-08-30T22:23:54+00:00\" \/>\n<meta property=\"article:modified_time\" content=\"2026-08-30T22:26:46+00:00\" \/>\n<meta property=\"og:image\" content=\"http:\/\/terradomandu.com.br\/wp-content\/uploads\/2026\/08\/capa-materia-medicina-8.jpg\" \/>\n\t<meta property=\"og:image:width\" content=\"940\" \/>\n\t<meta property=\"og:image:height\" content=\"627\" \/>\n\t<meta property=\"og:image:type\" content=\"image\/jpeg\" \/>\n<meta name=\"author\" content=\"Magson Gomes\" \/>\n<meta name=\"twitter:card\" content=\"summary_large_image\" \/>\n<meta name=\"twitter:creator\" content=\"@terradomandu\" \/>\n<meta name=\"twitter:site\" content=\"@terradomandu\" \/>\n<meta name=\"twitter:label1\" content=\"Escrito por\" \/>\n\t<meta name=\"twitter:data1\" content=\"Magson Gomes\" \/>\n\t<meta name=\"twitter:label2\" content=\"Est. tempo de leitura\" \/>\n\t<meta name=\"twitter:data2\" content=\"5 minutos\" \/>\n<script type=\"application\/ld+json\" class=\"yoast-schema-graph\">{\"@context\":\"https:\\\/\\\/schema.org\",\"@graph\":[{\"@type\":\"Article\",\"@id\":\"https:\\\/\\\/terradomandu.com.br\\\/index.php\\\/2026\\\/08\\\/30\\\/vestibular-de-medicina-da-univas-esta-com-inscricoes-abertas-para-70-vagas\\\/#article\",\"isPartOf\":{\"@id\":\"https:\\\/\\\/terradomandu.com.br\\\/index.php\\\/2026\\\/08\\\/30\\\/vestibular-de-medicina-da-univas-esta-com-inscricoes-abertas-para-70-vagas\\\/\"},\"author\":{\"name\":\"Magson Gomes\",\"@id\":\"https:\\\/\\\/terradomandu.com.br\\\/#\\\/schema\\\/person\\\/7de057f269b2608e6ca8f7798f29f97b\"},\"headline\":\"Vestibular de Medicina da Univ\u00e1s est\u00e1 com inscri\u00e7\u00f5es abertas para 70 vagas\",\"datePublished\":\"2026-08-30T22:23:54+00:00\",\"dateModified\":\"2026-08-30T22:26:46+00:00\",\"mainEntityOfPage\":{\"@id\":\"https:\\\/\\\/terradomandu.com.br\\\/index.php\\\/2026\\\/08\\\/30\\\/vestibular-de-medicina-da-univas-esta-com-inscricoes-abertas-para-70-vagas\\\/\"},\"wordCount\":772,\"commentCount\":0,\"publisher\":{\"@id\":\"https:\\\/\\\/terradomandu.com.br\\\/#organization\"},\"image\":{\"@id\":\"https:\\\/\\\/terradomandu.com.br\\\/index.php\\\/2026\\\/08\\\/30\\\/vestibular-de-medicina-da-univas-esta-com-inscricoes-abertas-para-70-vagas\\\/#primaryimage\"},\"thumbnailUrl\":\"https:\\\/\\\/terradomandu.com.br\\\/wp-content\\\/uploads\\\/2026\\\/08\\\/capa-materia-medicina-8.jpg\",\"keywords\":[\"Especial Publicit\u00e1rio\"],\"articleSection\":[\"DESTAQUE\",\"Informe Publicit\u00e1rio\"],\"inLanguage\":\"pt-BR\",\"potentialAction\":[{\"@type\":\"CommentAction\",\"name\":\"Comment\",\"target\":[\"https:\\\/\\\/terradomandu.com.br\\\/index.php\\\/2026\\\/08\\\/30\\\/vestibular-de-medicina-da-univas-esta-com-inscricoes-abertas-para-70-vagas\\\/#respond\"]}]},{\"@type\":\"WebPage\",\"@id\":\"https:\\\/\\\/terradomandu.com.br\\\/index.php\\\/2026\\\/08\\\/30\\\/vestibular-de-medicina-da-univas-esta-com-inscricoes-abertas-para-70-vagas\\\/\",\"url\":\"https:\\\/\\\/terradomandu.com.br\\\/index.php\\\/2026\\\/08\\\/30\\\/vestibular-de-medicina-da-univas-esta-com-inscricoes-abertas-para-70-vagas\\\/\",\"name\":\"Vestibular de Medicina da Univ\u00e1s est\u00e1 com inscri\u00e7\u00f5es abertas para 70 vagas\",\"isPartOf\":{\"@id\":\"https:\\\/\\\/terradomandu.com.br\\\/#website\"},\"primaryImageOfPage\":{\"@id\":\"https:\\\/\\\/terradomandu.com.br\\\/index.php\\\/2026\\\/08\\\/30\\\/vestibular-de-medicina-da-univas-esta-com-inscricoes-abertas-para-70-vagas\\\/#primaryimage\"},\"image\":{\"@id\":\"https:\\\/\\\/terradomandu.com.br\\\/index.php\\\/2026\\\/08\\\/30\\\/vestibular-de-medicina-da-univas-esta-com-inscricoes-abertas-para-70-vagas\\\/#primaryimage\"},\"thumbnailUrl\":\"https:\\\/\\\/terradomandu.com.br\\\/wp-content\\\/uploads\\\/2026\\\/08\\\/capa-materia-medicina-8.jpg\",\"datePublished\":\"2026-08-30T22:23:54+00:00\",\"dateModified\":\"2026-08-30T22:26:46+00:00\",\"description\":\"As inscri\u00e7\u00f5es para o vestibular de Medicina da Univ\u00e1s v\u00e3o at\u00e9 o dia 22 de setembro. O curso tem a maior nota do Enamed entre as institui\u00e7\u00f5es privadas de Minas.\",\"breadcrumb\":{\"@id\":\"https:\\\/\\\/terradomandu.com.br\\\/index.php\\\/2026\\\/08\\\/30\\\/vestibular-de-medicina-da-univas-esta-com-inscricoes-abertas-para-70-vagas\\\/#breadcrumb\"},\"inLanguage\":\"pt-BR\",\"potentialAction\":[{\"@type\":\"ReadAction\",\"target\":[\"https:\\\/\\\/terradomandu.com.br\\\/index.php\\\/2026\\\/08\\\/30\\\/vestibular-de-medicina-da-univas-esta-com-inscricoes-abertas-para-70-vagas\\\/\"]}]},{\"@type\":\"ImageObject\",\"inLanguage\":\"pt-BR\",\"@id\":\"https:\\\/\\\/terradomandu.com.br\\\/index.php\\\/2026\\\/08\\\/30\\\/vestibular-de-medicina-da-univas-esta-com-inscricoes-abertas-para-70-vagas\\\/#primaryimage\",\"url\":\"https:\\\/\\\/terradomandu.com.br\\\/wp-content\\\/uploads\\\/2026\\\/08\\\/capa-materia-medicina-8.jpg\",\"contentUrl\":\"https:\\\/\\\/terradomandu.com.br\\\/wp-content\\\/uploads\\\/2026\\\/08\\\/capa-materia-medicina-8.jpg\",\"width\":940,\"height\":627,\"caption\":\"Vestibular de Medicina da Univ\u00e1s est\u00e1 com inscri\u00e7\u00f5es abertas para 70 vagas. Foto: divulga\u00e7\u00e3o\"},{\"@type\":\"BreadcrumbList\",\"@id\":\"https:\\\/\\\/terradomandu.com.br\\\/index.php\\\/2026\\\/08\\\/30\\\/vestibular-de-medicina-da-univas-esta-com-inscricoes-abertas-para-70-vagas\\\/#breadcrumb\",\"itemListElement\":[{\"@type\":\"ListItem\",\"position\":1,\"name\":\"In\u00edcio\",\"item\":\"https:\\\/\\\/terradomandu.com.br\\\/\"},{\"@type\":\"ListItem\",\"position\":2,\"name\":\"Vestibular de Medicina da Univ\u00e1s est\u00e1 com inscri\u00e7\u00f5es abertas para 70 vagas\"}]},{\"@type\":\"WebSite\",\"@id\":\"https:\\\/\\\/terradomandu.com.br\\\/#website\",\"url\":\"https:\\\/\\\/terradomandu.com.br\\\/\",\"name\":\"Terra do Mandu - Not\u00edcias de Pouso Alegre e regi\u00e3o\",\"description\":\"Not\u00edcias de Pouso Alegre e regi\u00e3o. Terra do Mandu \u00e9 jornalismo s\u00e9rio e conte\u00fado pr\u00f3prio.\",\"publisher\":{\"@id\":\"https:\\\/\\\/terradomandu.com.br\\\/#organization\"},\"potentialAction\":[{\"@type\":\"SearchAction\",\"target\":{\"@type\":\"EntryPoint\",\"urlTemplate\":\"https:\\\/\\\/terradomandu.com.br\\\/?s={search_term_string}\"},\"query-input\":{\"@type\":\"PropertyValueSpecification\",\"valueRequired\":true,\"valueName\":\"search_term_string\"}}],\"inLanguage\":\"pt-BR\"},{\"@type\":\"Organization\",\"@id\":\"https:\\\/\\\/terradomandu.com.br\\\/#organization\",\"name\":\"TERRA DO MANDU - NOT\u00cdCIAS DE POUSO ALEGRE E SUL DE MINAS\",\"url\":\"https:\\\/\\\/terradomandu.com.br\\\/\",\"logo\":{\"@type\":\"ImageObject\",\"inLanguage\":\"pt-BR\",\"@id\":\"https:\\\/\\\/terradomandu.com.br\\\/#\\\/schema\\\/logo\\\/image\\\/\",\"url\":\"https:\\\/\\\/terradomandu.com.br\\\/wp-content\\\/uploads\\\/2020\\\/10\\\/logo_azul-1.png\",\"contentUrl\":\"https:\\\/\\\/terradomandu.com.br\\\/wp-content\\\/uploads\\\/2020\\\/10\\\/logo_azul-1.png\",\"width\":1080,\"height\":1080,\"caption\":\"TERRA DO MANDU - NOT\u00cdCIAS DE POUSO ALEGRE E SUL DE MINAS\"},\"image\":{\"@id\":\"https:\\\/\\\/terradomandu.com.br\\\/#\\\/schema\\\/logo\\\/image\\\/\"},\"sameAs\":[\"https:\\\/\\\/www.facebook.com\\\/terradomandu\\\/\",\"https:\\\/\\\/x.com\\\/terradomandu\",\"https:\\\/\\\/www.instagram.com\\\/terradomandu\",\"https:\\\/\\\/www.youtube.com\\\/terradomandu\"]},{\"@type\":\"Person\",\"@id\":\"https:\\\/\\\/terradomandu.com.br\\\/#\\\/schema\\\/person\\\/7de057f269b2608e6ca8f7798f29f97b\",\"name\":\"Magson Gomes\",\"image\":{\"@type\":\"ImageObject\",\"inLanguage\":\"pt-BR\",\"@id\":\"https:\\\/\\\/secure.gravatar.com\\\/avatar\\\/dc9dc73e44360b2877063bf5a8519d382eff67a9ed7b83f0acbe1437d7ced006?s=96&d=mm&r=g\",\"url\":\"https:\\\/\\\/secure.gravatar.com\\\/avatar\\\/dc9dc73e44360b2877063bf5a8519d382eff67a9ed7b83f0acbe1437d7ced006?s=96&d=mm&r=g\",\"contentUrl\":\"https:\\\/\\\/secure.gravatar.com\\\/avatar\\\/dc9dc73e44360b2877063bf5a8519d382eff67a9ed7b83f0acbe1437d7ced006?s=96&d=mm&r=g\",\"caption\":\"Magson Gomes\"},\"sameAs\":[\"http:\\\/\\\/www.terradomandu.com.br\"],\"url\":\"https:\\\/\\\/terradomandu.com.br\\\/index.php\\\/author\\\/magson\\\/\"}]}<\/script>\n<!-- \/ Yoast SEO plugin. -->","yoast_head_json":{"title":"Vestibular de Medicina da Univ\u00e1s est\u00e1 com inscri\u00e7\u00f5es abertas para 70 vagas","description":"As inscri\u00e7\u00f5es para o vestibular de Medicina da Univ\u00e1s v\u00e3o at\u00e9 o dia 22 de setembro. O curso tem a maior nota do Enamed entre as institui\u00e7\u00f5es privadas de Minas.","robots":{"index":"index","follow":"follow","max-snippet":"max-snippet:-1","max-image-preview":"max-image-preview:large","max-video-preview":"max-video-preview:-1"},"canonical":"https:\/\/terradomandu.com.br\/index.php\/2026\/08\/30\/vestibular-de-medicina-da-univas-esta-com-inscricoes-abertas-para-70-vagas\/","og_locale":"pt_BR","og_type":"article","og_title":"Vestibular de Medicina da Univ\u00e1s est\u00e1 com inscri\u00e7\u00f5es abertas para 70 vagas","og_description":"As inscri\u00e7\u00f5es para o vestibular de Medicina da Univ\u00e1s v\u00e3o at\u00e9 o dia 22 de setembro. O curso tem a maior nota do Enamed entre as institui\u00e7\u00f5es privadas de Minas.","og_url":"https:\/\/terradomandu.com.br\/index.php\/2026\/08\/30\/vestibular-de-medicina-da-univas-esta-com-inscricoes-abertas-para-70-vagas\/","og_site_name":"Terra do Mandu - Not\u00edcias de Pouso Alegre e regi\u00e3o","article_publisher":"https:\/\/www.facebook.com\/terradomandu\/","article_published_time":"2026-08-30T22:23:54+00:00","article_modified_time":"2026-08-30T22:26:46+00:00","og_image":[{"width":940,"height":627,"url":"http:\/\/terradomandu.com.br\/wp-content\/uploads\/2026\/08\/capa-materia-medicina-8.jpg","type":"image\/jpeg"}],"author":"Magson Gomes","twitter_card":"summary_large_image","twitter_creator":"@terradomandu","twitter_site":"@terradomandu","twitter_misc":{"Escrito por":"Magson Gomes","Est. tempo de leitura":"5 minutos"},"schema":{"@context":"https:\/\/schema.org","@graph":[{"@type":"Article","@id":"https:\/\/terradomandu.com.br\/index.php\/2026\/08\/30\/vestibular-de-medicina-da-univas-esta-com-inscricoes-abertas-para-70-vagas\/#article","isPartOf":{"@id":"https:\/\/terradomandu.com.br\/index.php\/2026\/08\/30\/vestibular-de-medicina-da-univas-esta-com-inscricoes-abertas-para-70-vagas\/"},"author":{"name":"Magson Gomes","@id":"https:\/\/terradomandu.com.br\/#\/schema\/person\/7de057f269b2608e6ca8f7798f29f97b"},"headline":"Vestibular de Medicina da Univ\u00e1s est\u00e1 com inscri\u00e7\u00f5es abertas para 70 vagas","datePublished":"2026-08-30T22:23:54+00:00","dateModified":"2026-08-30T22:26:46+00:00","mainEntityOfPage":{"@id":"https:\/\/terradomandu.com.br\/index.php\/2026\/08\/30\/vestibular-de-medicina-da-univas-esta-com-inscricoes-abertas-para-70-vagas\/"},"wordCount":772,"commentCount":0,"publisher":{"@id":"https:\/\/terradomandu.com.br\/#organization"},"image":{"@id":"https:\/\/terradomandu.com.br\/index.php\/2026\/08\/30\/vestibular-de-medicina-da-univas-esta-com-inscricoes-abertas-para-70-vagas\/#primaryimage"},"thumbnailUrl":"https:\/\/terradomandu.com.br\/wp-content\/uploads\/2026\/08\/capa-materia-medicina-8.jpg","keywords":["Especial Publicit\u00e1rio"],"articleSection":["DESTAQUE","Informe Publicit\u00e1rio"],"inLanguage":"pt-BR","potentialAction":[{"@type":"CommentAction","name":"Comment","target":["https:\/\/terradomandu.com.br\/index.php\/2026\/08\/30\/vestibular-de-medicina-da-univas-esta-com-inscricoes-abertas-para-70-vagas\/#respond"]}]},{"@type":"WebPage","@id":"https:\/\/terradomandu.com.br\/index.php\/2026\/08\/30\/vestibular-de-medicina-da-univas-esta-com-inscricoes-abertas-para-70-vagas\/","url":"https:\/\/terradomandu.com.br\/index.php\/2026\/08\/30\/vestibular-de-medicina-da-univas-esta-com-inscricoes-abertas-para-70-vagas\/","name":"Vestibular de Medicina da Univ\u00e1s est\u00e1 com inscri\u00e7\u00f5es abertas para 70 vagas","isPartOf":{"@id":"https:\/\/terradomandu.com.br\/#website"},"primaryImageOfPage":{"@id":"https:\/\/terradomandu.com.br\/index.php\/2026\/08\/30\/vestibular-de-medicina-da-univas-esta-com-inscricoes-abertas-para-70-vagas\/#primaryimage"},"image":{"@id":"https:\/\/terradomandu.com.br\/index.php\/2026\/08\/30\/vestibular-de-medicina-da-univas-esta-com-inscricoes-abertas-para-70-vagas\/#primaryimage"},"thumbnailUrl":"https:\/\/terradomandu.com.br\/wp-content\/uploads\/2026\/08\/capa-materia-medicina-8.jpg","datePublished":"2026-08-30T22:23:54+00:00","dateModified":"2026-08-30T22:26:46+00:00","description":"As inscri\u00e7\u00f5es para o vestibular de Medicina da Univ\u00e1s v\u00e3o at\u00e9 o dia 22 de setembro. O curso tem a maior nota do Enamed entre as institui\u00e7\u00f5es privadas de Minas.","breadcrumb":{"@id":"https:\/\/terradomandu.com.br\/index.php\/2026\/08\/30\/vestibular-de-medicina-da-univas-esta-com-inscricoes-abertas-para-70-vagas\/#breadcrumb"},"inLanguage":"pt-BR","potentialAction":[{"@type":"ReadAction","target":["https:\/\/terradomandu.com.br\/index.php\/2026\/08\/30\/vestibular-de-medicina-da-univas-esta-com-inscricoes-abertas-para-70-vagas\/"]}]},{"@type":"ImageObject","inLanguage":"pt-BR","@id":"https:\/\/terradomandu.com.br\/index.php\/2026\/08\/30\/vestibular-de-medicina-da-univas-esta-com-inscricoes-abertas-para-70-vagas\/#primaryimage","url":"https:\/\/terradomandu.com.br\/wp-content\/uploads\/2026\/08\/capa-materia-medicina-8.jpg","contentUrl":"https:\/\/terradomandu.com.br\/wp-content\/uploads\/2026\/08\/capa-materia-medicina-8.jpg","width":940,"height":627,"caption":"Vestibular de Medicina da Univ\u00e1s est\u00e1 com inscri\u00e7\u00f5es abertas para 70 vagas. Foto: divulga\u00e7\u00e3o"},{"@type":"BreadcrumbList","@id":"https:\/\/terradomandu.com.br\/index.php\/2026\/08\/30\/vestibular-de-medicina-da-univas-esta-com-inscricoes-abertas-para-70-vagas\/#breadcrumb","itemListElement":[{"@type":"ListItem","position":1,"name":"In\u00edcio","item":"https:\/\/terradomandu.com.br\/"},{"@type":"ListItem","position":2,"name":"Vestibular de Medicina da Univ\u00e1s est\u00e1 com inscri\u00e7\u00f5es abertas para 70 vagas"}]},{"@type":"WebSite","@id":"https:\/\/terradomandu.com.br\/#website","url":"https:\/\/terradomandu.com.br\/","name":"Terra do Mandu - Not\u00edcias de Pouso Alegre e regi\u00e3o","description":"Not\u00edcias de Pouso Alegre e regi\u00e3o. Terra do Mandu \u00e9 jornalismo s\u00e9rio e conte\u00fado pr\u00f3prio.","publisher":{"@id":"https:\/\/terradomandu.com.br\/#organization"},"potentialAction":[{"@type":"SearchAction","target":{"@type":"EntryPoint","urlTemplate":"https:\/\/terradomandu.com.br\/?s={search_term_string}"},"query-input":{"@type":"PropertyValueSpecification","valueRequired":true,"valueName":"search_term_string"}}],"inLanguage":"pt-BR"},{"@type":"Organization","@id":"https:\/\/terradomandu.com.br\/#organization","name":"TERRA DO MANDU - NOT\u00cdCIAS DE POUSO ALEGRE E SUL DE MINAS","url":"https:\/\/terradomandu.com.br\/","logo":{"@type":"ImageObject","inLanguage":"pt-BR","@id":"https:\/\/terradomandu.com.br\/#\/schema\/logo\/image\/","url":"https:\/\/terradomandu.com.br\/wp-content\/uploads\/2020\/10\/logo_azul-1.png","contentUrl":"https:\/\/terradomandu.com.br\/wp-content\/uploads\/2020\/10\/logo_azul-1.png","width":1080,"height":1080,"caption":"TERRA DO MANDU - NOT\u00cdCIAS DE POUSO ALEGRE E SUL DE MINAS"},"image":{"@id":"https:\/\/terradomandu.com.br\/#\/schema\/logo\/image\/"},"sameAs":["https:\/\/www.facebook.com\/terradomandu\/","https:\/\/x.com\/terradomandu","https:\/\/www.instagram.com\/terradomandu","https:\/\/www.youtube.com\/terradomandu"]},{"@type":"Person","@id":"https:\/\/terradomandu.com.br\/#\/schema\/person\/7de057f269b2608e6ca8f7798f29f97b","name":"Magson Gomes","image":{"@type":"ImageObject","inLanguage":"pt-BR","@id":"https:\/\/secure.gravatar.com\/avatar\/dc9dc73e44360b2877063bf5a8519d382eff67a9ed7b83f0acbe1437d7ced006?s=96&d=mm&r=g","url":"https:\/\/secure.gravatar.com\/avatar\/dc9dc73e44360b2877063bf5a8519d382eff67a9ed7b83f0acbe1437d7ced006?s=96&d=mm&r=g","contentUrl":"https:\/\/secure.gravatar.com\/avatar\/dc9dc73e44360b2877063bf5a8519d382eff67a9ed7b83f0acbe1437d7ced006?s=96&d=mm&r=g","caption":"Magson Gomes"},"sameAs":["http:\/\/www.terradomandu.com.br"],"url":"https:\/\/terradomandu.com.br\/index.php\/author\/magson\/"}]}},"jetpack_featured_media_url":"https:\/\/terradomandu.com.br\/wp-content\/uploads\/2026\/08\/capa-materia-medicina-8.jpg","jetpack_sharing_enabled":true,"_links":{"self":[{"href":"https:\/\/terradomandu.com.br\/index.php\/wp-json\/wp\/v2\/posts\/124253","targetHints":{"allow":["GET"]}}],"collection":[{"href":"https:\/\/terradomandu.com.br\/index.php\/wp-json\/wp\/v2\/posts"}],"about":[{"href":"https:\/\/terradomandu.com.br\/index.php\/wp-json\/wp\/v2\/types\/post"}],"author":[{"embeddable":true,"href":"https:\/\/terradomandu.com.br\/index.php\/wp-json\/wp\/v2\/users\/2"}],"replies":[{"embeddable":true,"href":"https:\/\/terradomandu.com.br\/index.php\/wp-json\/wp\/v2\/comments?post=124253"}],"version-history":[{"count":2,"href":"https:\/\/terradomandu.com.br\/index.php\/wp-json\/wp\/v2\/posts\/124253\/revisions"}],"predecessor-version":[{"id":124260,"href":"https:\/\/terradomandu.com.br\/index.php\/wp-json\/wp\/v2\/posts\/124253\/revisions\/124260"}],"wp:featuredmedia":[{"embeddable":true,"href":"https:\/\/terradomandu.com.br\/index.php\/wp-json\/wp\/v2\/media\/124255"}],"wp:attachment":[{"href":"https:\/\/terradomandu.com.br\/index.php\/wp-json\/wp\/v2\/media?parent=124253"}],"wp:term":[{"taxonomy":"category","embeddable":true,"href":"https:\/\/terradomandu.com.br\/index.php\/wp-json\/wp\/v2\/categories?post=124253"},{"taxonomy":"post_tag","embeddable":true,"href":"https:\/\/terradomandu.com.br\/index.php\/wp-json\/wp\/v2\/tags?post=124253"}],"curies":[{"name":"wp","href":"https:\/\/api.w.org\/{rel}","templated":true}]}}