


{"id":124250,"date":"2026-08-30T18:51:09","date_gmt":"2026-08-30T21:51:09","guid":{"rendered":"https:\/\/terradomandu.com.br\/?p=124250"},"modified":"2026-08-30T18:51:09","modified_gmt":"2026-08-30T21:51:09","slug":"jovem-de-23-anos-morre-em-acidente-na-mg-179-entre-moto-e-caminhonete","status":"publish","type":"post","link":"https:\/\/terradomandu.com.br\/index.php\/2026\/08\/30\/jovem-de-23-anos-morre-em-acidente-na-mg-179-entre-moto-e-caminhonete\/","title":{"rendered":"Jovem de 23 anos morre em acidente na MG-179 entre moto e caminhonete"},"content":{"rendered":"<div id=\"attachment_124251\" style=\"width: 950px\" class=\"wp-caption aligncenter\"><img loading=\"lazy\" decoding=\"async\" aria-describedby=\"caption-attachment-124251\" class=\"size-full wp-image-124251\" src=\"http:\/\/terradomandu.com.br\/wp-content\/uploads\/2026\/08\/WhatsApp-Image-2026-08-30-at-17.13.37.jpeg\" alt=\"\" width=\"940\" height=\"705\" srcset=\"https:\/\/terradomandu.com.br\/wp-content\/uploads\/2026\/08\/WhatsApp-Image-2026-08-30-at-17.13.37.jpeg 940w, https:\/\/terradomandu.com.br\/wp-content\/uploads\/2026\/08\/WhatsApp-Image-2026-08-30-at-17.13.37-300x225.jpeg 300w, https:\/\/terradomandu.com.br\/wp-content\/uploads\/2026\/08\/WhatsApp-Image-2026-08-30-at-17.13.37-768x576.jpeg 768w\" sizes=\"auto, (max-width: 940px) 100vw, 940px\" \/><p id=\"caption-attachment-124251\" class=\"wp-caption-text\">Jovem de 23 anos morre em acidente na MG-179 entre moto e caminhonete. Imagem: reprodu\u00e7\u00e3o PMRV<\/p><\/div>\n<p>Um motociclista, de 23 anos, morreu em um acidente na MG-179, na noite deste s\u00e1bado (29\/8), pr\u00f3ximo a Po\u00e7o Fundo. De acordo com a Pol\u00edcia Militar Rodovi\u00e1ria, a motorista da caminhonete envolvida no acidente contou que sa\u00eda de uma estrada vicinal e, ao entrar na rodovia, a moto atingiu a lateral do carro.<\/p>\n<p>A moto foi parar debaixo da caminhonete. A motorista, de 76 anos, ficou no local e acionou o socorro. Corpo de Bombeiros e o SAMU estiveram na ocorr\u00eancia. A morte do motociclista foi confirmada ainda na rodovia.<\/p>\n<p>A per\u00edcia da Pol\u00edcia Civil realizou os trabalhos de an\u00e1lise da cena do acidente. A identidade da v\u00edtima fatal n\u00e3o foi informada.<\/p>\n<div class=\"fb-background-color\">\n\t\t\t  <div \n\t\t\t  \tclass = \"fb-comments\" \n\t\t\t  \tdata-href = \"https:\/\/terradomandu.com.br\/index.php\/2026\/08\/30\/jovem-de-23-anos-morre-em-acidente-na-mg-179-entre-moto-e-caminhonete\/\"\n\t\t\t  \tdata-numposts = \"10\"\n\t\t\t  \tdata-lazy = \"true\"\n\t\t\t\tdata-colorscheme = \"light\"\n\t\t\t\tdata-order-by = \"social\"\n\t\t\t\tdata-mobile=true>\n\t\t\t  <\/div><\/div>\n\t\t  <style>\n\t\t    .fb-background-color {\n\t\t\t\tbackground: #ffffff !important;\n\t\t\t}\n\t\t\t.fb_iframe_widget_fluid_desktop iframe {\n\t\t\t    width: 100% !important;\n\t\t\t}\n\t\t  <\/style>\n\t\t  ","protected":false},"excerpt":{"rendered":"<p>Um motociclista, de 23 anos, morreu em um acidente na MG-179, na noite deste s\u00e1bado (29\/8), pr\u00f3ximo a Po\u00e7o Fundo. De acordo com a Pol\u00edcia Militar Rodovi\u00e1ria, a motorista da caminhonete envolvida no acidente contou que sa\u00eda de uma estrada vicinal e, ao entrar na rodovia, a moto atingiu a lateral do carro. A moto [&hellip;]<\/p>\n","protected":false},"author":2,"featured_media":124251,"comment_status":"open","ping_status":"closed","sticky":false,"template":"","format":"standard","meta":{"_acf_changed":false,"kia_subtitle":"A motorista de 76 anos afirmou que sa\u00eda de uma estrada de terra e, ao entrar na rodovia, o motociclista atingiu a lateral do carro.","_jetpack_newsletter_access":"","_jetpack_dont_email_post_to_subs":false,"_jetpack_newsletter_tier_id":0,"_jetpack_memberships_contains_paywalled_content":false,"_jetpack_feature_clip_id":0,"_jetpack_memberships_contains_paid_content":false,"footnotes":"","jetpack_post_was_ever_published":false},"categories":[526],"tags":[9714],"class_list":["post-124250","post","type-post","status-publish","format-standard","has-post-thumbnail","hentry","category-destaque","tag-proximo-a-poco-fundo"],"acf":[],"yoast_head":"<!-- This site is optimized with the Yoast SEO plugin v27.9 - https:\/\/yoast.com\/product\/yoast-seo-wordpress\/ -->\n<title>Jovem de 23 anos morre em acidente na MG-179 entre moto e caminhonete<\/title>\n<meta name=\"description\" content=\"Um motociclista, de 23 anos, morreu em um acidente na MG-179, na noite deste s\u00e1bado (29\/8), pr\u00f3ximo a Po\u00e7o Fundo.\" \/>\n<meta name=\"robots\" content=\"index, follow, max-snippet:-1, max-image-preview:large, max-video-preview:-1\" \/>\n<link rel=\"canonical\" href=\"https:\/\/terradomandu.com.br\/index.php\/2026\/08\/30\/jovem-de-23-anos-morre-em-acidente-na-mg-179-entre-moto-e-caminhonete\/\" \/>\n<meta property=\"og:locale\" content=\"pt_BR\" \/>\n<meta property=\"og:type\" content=\"article\" \/>\n<meta property=\"og:title\" content=\"Jovem de 23 anos morre em acidente na MG-179 entre moto e caminhonete\" \/>\n<meta property=\"og:description\" content=\"Um motociclista, de 23 anos, morreu em um acidente na MG-179, na noite deste s\u00e1bado (29\/8), pr\u00f3ximo a Po\u00e7o Fundo.\" \/>\n<meta property=\"og:url\" content=\"https:\/\/terradomandu.com.br\/index.php\/2026\/08\/30\/jovem-de-23-anos-morre-em-acidente-na-mg-179-entre-moto-e-caminhonete\/\" \/>\n<meta property=\"og:site_name\" content=\"Terra do Mandu - Not\u00edcias de Pouso Alegre e regi\u00e3o\" \/>\n<meta property=\"article:publisher\" content=\"https:\/\/www.facebook.com\/terradomandu\/\" \/>\n<meta property=\"article:published_time\" content=\"2026-08-30T21:51:09+00:00\" \/>\n<meta property=\"og:image\" content=\"http:\/\/terradomandu.com.br\/wp-content\/uploads\/2026\/08\/WhatsApp-Image-2026-08-30-at-17.13.37.jpeg\" \/>\n\t<meta property=\"og:image:width\" content=\"940\" \/>\n\t<meta property=\"og:image:height\" content=\"705\" \/>\n\t<meta property=\"og:image:type\" content=\"image\/jpeg\" \/>\n<meta name=\"author\" content=\"Magson Gomes\" \/>\n<meta name=\"twitter:card\" content=\"summary_large_image\" \/>\n<meta name=\"twitter:creator\" content=\"@terradomandu\" \/>\n<meta name=\"twitter:site\" content=\"@terradomandu\" \/>\n<meta name=\"twitter:label1\" content=\"Escrito por\" \/>\n\t<meta name=\"twitter:data1\" content=\"Magson Gomes\" \/>\n\t<meta name=\"twitter:label2\" content=\"Est. tempo de leitura\" \/>\n\t<meta name=\"twitter:data2\" content=\"2 minutos\" \/>\n<script type=\"application\/ld+json\" class=\"yoast-schema-graph\">{\"@context\":\"https:\\\/\\\/schema.org\",\"@graph\":[{\"@type\":\"Article\",\"@id\":\"https:\\\/\\\/terradomandu.com.br\\\/index.php\\\/2026\\\/08\\\/30\\\/jovem-de-23-anos-morre-em-acidente-na-mg-179-entre-moto-e-caminhonete\\\/#article\",\"isPartOf\":{\"@id\":\"https:\\\/\\\/terradomandu.com.br\\\/index.php\\\/2026\\\/08\\\/30\\\/jovem-de-23-anos-morre-em-acidente-na-mg-179-entre-moto-e-caminhonete\\\/\"},\"author\":{\"name\":\"Magson Gomes\",\"@id\":\"https:\\\/\\\/terradomandu.com.br\\\/#\\\/schema\\\/person\\\/7de057f269b2608e6ca8f7798f29f97b\"},\"headline\":\"Jovem de 23 anos morre em acidente na MG-179 entre moto e caminhonete\",\"datePublished\":\"2026-08-30T21:51:09+00:00\",\"mainEntityOfPage\":{\"@id\":\"https:\\\/\\\/terradomandu.com.br\\\/index.php\\\/2026\\\/08\\\/30\\\/jovem-de-23-anos-morre-em-acidente-na-mg-179-entre-moto-e-caminhonete\\\/\"},\"wordCount\":156,\"commentCount\":0,\"publisher\":{\"@id\":\"https:\\\/\\\/terradomandu.com.br\\\/#organization\"},\"image\":{\"@id\":\"https:\\\/\\\/terradomandu.com.br\\\/index.php\\\/2026\\\/08\\\/30\\\/jovem-de-23-anos-morre-em-acidente-na-mg-179-entre-moto-e-caminhonete\\\/#primaryimage\"},\"thumbnailUrl\":\"https:\\\/\\\/terradomandu.com.br\\\/wp-content\\\/uploads\\\/2026\\\/08\\\/WhatsApp-Image-2026-08-30-at-17.13.37.jpeg\",\"keywords\":[\"Pr\u00f3ximo a Po\u00e7o Fundo\"],\"articleSection\":[\"DESTAQUE\"],\"inLanguage\":\"pt-BR\",\"potentialAction\":[{\"@type\":\"CommentAction\",\"name\":\"Comment\",\"target\":[\"https:\\\/\\\/terradomandu.com.br\\\/index.php\\\/2026\\\/08\\\/30\\\/jovem-de-23-anos-morre-em-acidente-na-mg-179-entre-moto-e-caminhonete\\\/#respond\"]}]},{\"@type\":\"WebPage\",\"@id\":\"https:\\\/\\\/terradomandu.com.br\\\/index.php\\\/2026\\\/08\\\/30\\\/jovem-de-23-anos-morre-em-acidente-na-mg-179-entre-moto-e-caminhonete\\\/\",\"url\":\"https:\\\/\\\/terradomandu.com.br\\\/index.php\\\/2026\\\/08\\\/30\\\/jovem-de-23-anos-morre-em-acidente-na-mg-179-entre-moto-e-caminhonete\\\/\",\"name\":\"Jovem de 23 anos morre em acidente na MG-179 entre moto e caminhonete\",\"isPartOf\":{\"@id\":\"https:\\\/\\\/terradomandu.com.br\\\/#website\"},\"primaryImageOfPage\":{\"@id\":\"https:\\\/\\\/terradomandu.com.br\\\/index.php\\\/2026\\\/08\\\/30\\\/jovem-de-23-anos-morre-em-acidente-na-mg-179-entre-moto-e-caminhonete\\\/#primaryimage\"},\"image\":{\"@id\":\"https:\\\/\\\/terradomandu.com.br\\\/index.php\\\/2026\\\/08\\\/30\\\/jovem-de-23-anos-morre-em-acidente-na-mg-179-entre-moto-e-caminhonete\\\/#primaryimage\"},\"thumbnailUrl\":\"https:\\\/\\\/terradomandu.com.br\\\/wp-content\\\/uploads\\\/2026\\\/08\\\/WhatsApp-Image-2026-08-30-at-17.13.37.jpeg\",\"datePublished\":\"2026-08-30T21:51:09+00:00\",\"description\":\"Um motociclista, de 23 anos, morreu em um acidente na MG-179, na noite deste s\u00e1bado (29\\\/8), pr\u00f3ximo a Po\u00e7o Fundo.\",\"breadcrumb\":{\"@id\":\"https:\\\/\\\/terradomandu.com.br\\\/index.php\\\/2026\\\/08\\\/30\\\/jovem-de-23-anos-morre-em-acidente-na-mg-179-entre-moto-e-caminhonete\\\/#breadcrumb\"},\"inLanguage\":\"pt-BR\",\"potentialAction\":[{\"@type\":\"ReadAction\",\"target\":[\"https:\\\/\\\/terradomandu.com.br\\\/index.php\\\/2026\\\/08\\\/30\\\/jovem-de-23-anos-morre-em-acidente-na-mg-179-entre-moto-e-caminhonete\\\/\"]}]},{\"@type\":\"ImageObject\",\"inLanguage\":\"pt-BR\",\"@id\":\"https:\\\/\\\/terradomandu.com.br\\\/index.php\\\/2026\\\/08\\\/30\\\/jovem-de-23-anos-morre-em-acidente-na-mg-179-entre-moto-e-caminhonete\\\/#primaryimage\",\"url\":\"https:\\\/\\\/terradomandu.com.br\\\/wp-content\\\/uploads\\\/2026\\\/08\\\/WhatsApp-Image-2026-08-30-at-17.13.37.jpeg\",\"contentUrl\":\"https:\\\/\\\/terradomandu.com.br\\\/wp-content\\\/uploads\\\/2026\\\/08\\\/WhatsApp-Image-2026-08-30-at-17.13.37.jpeg\",\"width\":940,\"height\":705,\"caption\":\"Jovem de 23 anos morre em acidente na MG-179 entre moto e caminhonete. Imagem: reprodu\u00e7\u00e3o PMRV\"},{\"@type\":\"BreadcrumbList\",\"@id\":\"https:\\\/\\\/terradomandu.com.br\\\/index.php\\\/2026\\\/08\\\/30\\\/jovem-de-23-anos-morre-em-acidente-na-mg-179-entre-moto-e-caminhonete\\\/#breadcrumb\",\"itemListElement\":[{\"@type\":\"ListItem\",\"position\":1,\"name\":\"In\u00edcio\",\"item\":\"https:\\\/\\\/terradomandu.com.br\\\/\"},{\"@type\":\"ListItem\",\"position\":2,\"name\":\"Jovem de 23 anos morre em acidente na MG-179 entre moto e caminhonete\"}]},{\"@type\":\"WebSite\",\"@id\":\"https:\\\/\\\/terradomandu.com.br\\\/#website\",\"url\":\"https:\\\/\\\/terradomandu.com.br\\\/\",\"name\":\"Terra do Mandu - Not\u00edcias de Pouso Alegre e regi\u00e3o\",\"description\":\"Not\u00edcias de Pouso Alegre e regi\u00e3o. Terra do Mandu \u00e9 jornalismo s\u00e9rio e conte\u00fado pr\u00f3prio.\",\"publisher\":{\"@id\":\"https:\\\/\\\/terradomandu.com.br\\\/#organization\"},\"potentialAction\":[{\"@type\":\"SearchAction\",\"target\":{\"@type\":\"EntryPoint\",\"urlTemplate\":\"https:\\\/\\\/terradomandu.com.br\\\/?s={search_term_string}\"},\"query-input\":{\"@type\":\"PropertyValueSpecification\",\"valueRequired\":true,\"valueName\":\"search_term_string\"}}],\"inLanguage\":\"pt-BR\"},{\"@type\":\"Organization\",\"@id\":\"https:\\\/\\\/terradomandu.com.br\\\/#organization\",\"name\":\"TERRA DO MANDU - NOT\u00cdCIAS DE POUSO ALEGRE E SUL DE MINAS\",\"url\":\"https:\\\/\\\/terradomandu.com.br\\\/\",\"logo\":{\"@type\":\"ImageObject\",\"inLanguage\":\"pt-BR\",\"@id\":\"https:\\\/\\\/terradomandu.com.br\\\/#\\\/schema\\\/logo\\\/image\\\/\",\"url\":\"https:\\\/\\\/terradomandu.com.br\\\/wp-content\\\/uploads\\\/2020\\\/10\\\/logo_azul-1.png\",\"contentUrl\":\"https:\\\/\\\/terradomandu.com.br\\\/wp-content\\\/uploads\\\/2020\\\/10\\\/logo_azul-1.png\",\"width\":1080,\"height\":1080,\"caption\":\"TERRA DO MANDU - NOT\u00cdCIAS DE POUSO ALEGRE E SUL DE MINAS\"},\"image\":{\"@id\":\"https:\\\/\\\/terradomandu.com.br\\\/#\\\/schema\\\/logo\\\/image\\\/\"},\"sameAs\":[\"https:\\\/\\\/www.facebook.com\\\/terradomandu\\\/\",\"https:\\\/\\\/x.com\\\/terradomandu\",\"https:\\\/\\\/www.instagram.com\\\/terradomandu\",\"https:\\\/\\\/www.youtube.com\\\/terradomandu\"]},{\"@type\":\"Person\",\"@id\":\"https:\\\/\\\/terradomandu.com.br\\\/#\\\/schema\\\/person\\\/7de057f269b2608e6ca8f7798f29f97b\",\"name\":\"Magson Gomes\",\"image\":{\"@type\":\"ImageObject\",\"inLanguage\":\"pt-BR\",\"@id\":\"https:\\\/\\\/secure.gravatar.com\\\/avatar\\\/dc9dc73e44360b2877063bf5a8519d382eff67a9ed7b83f0acbe1437d7ced006?s=96&d=mm&r=g\",\"url\":\"https:\\\/\\\/secure.gravatar.com\\\/avatar\\\/dc9dc73e44360b2877063bf5a8519d382eff67a9ed7b83f0acbe1437d7ced006?s=96&d=mm&r=g\",\"contentUrl\":\"https:\\\/\\\/secure.gravatar.com\\\/avatar\\\/dc9dc73e44360b2877063bf5a8519d382eff67a9ed7b83f0acbe1437d7ced006?s=96&d=mm&r=g\",\"caption\":\"Magson Gomes\"},\"sameAs\":[\"http:\\\/\\\/www.terradomandu.com.br\"],\"url\":\"https:\\\/\\\/terradomandu.com.br\\\/index.php\\\/author\\\/magson\\\/\"}]}<\/script>\n<!-- \/ Yoast SEO plugin. -->","yoast_head_json":{"title":"Jovem de 23 anos morre em acidente na MG-179 entre moto e caminhonete","description":"Um motociclista, de 23 anos, morreu em um acidente na MG-179, na noite deste s\u00e1bado (29\/8), pr\u00f3ximo a Po\u00e7o Fundo.","robots":{"index":"index","follow":"follow","max-snippet":"max-snippet:-1","max-image-preview":"max-image-preview:large","max-video-preview":"max-video-preview:-1"},"canonical":"https:\/\/terradomandu.com.br\/index.php\/2026\/08\/30\/jovem-de-23-anos-morre-em-acidente-na-mg-179-entre-moto-e-caminhonete\/","og_locale":"pt_BR","og_type":"article","og_title":"Jovem de 23 anos morre em acidente na MG-179 entre moto e caminhonete","og_description":"Um motociclista, de 23 anos, morreu em um acidente na MG-179, na noite deste s\u00e1bado (29\/8), pr\u00f3ximo a Po\u00e7o Fundo.","og_url":"https:\/\/terradomandu.com.br\/index.php\/2026\/08\/30\/jovem-de-23-anos-morre-em-acidente-na-mg-179-entre-moto-e-caminhonete\/","og_site_name":"Terra do Mandu - Not\u00edcias de Pouso Alegre e regi\u00e3o","article_publisher":"https:\/\/www.facebook.com\/terradomandu\/","article_published_time":"2026-08-30T21:51:09+00:00","og_image":[{"width":940,"height":705,"url":"http:\/\/terradomandu.com.br\/wp-content\/uploads\/2026\/08\/WhatsApp-Image-2026-08-30-at-17.13.37.jpeg","type":"image\/jpeg"}],"author":"Magson Gomes","twitter_card":"summary_large_image","twitter_creator":"@terradomandu","twitter_site":"@terradomandu","twitter_misc":{"Escrito por":"Magson Gomes","Est. tempo de leitura":"2 minutos"},"schema":{"@context":"https:\/\/schema.org","@graph":[{"@type":"Article","@id":"https:\/\/terradomandu.com.br\/index.php\/2026\/08\/30\/jovem-de-23-anos-morre-em-acidente-na-mg-179-entre-moto-e-caminhonete\/#article","isPartOf":{"@id":"https:\/\/terradomandu.com.br\/index.php\/2026\/08\/30\/jovem-de-23-anos-morre-em-acidente-na-mg-179-entre-moto-e-caminhonete\/"},"author":{"name":"Magson Gomes","@id":"https:\/\/terradomandu.com.br\/#\/schema\/person\/7de057f269b2608e6ca8f7798f29f97b"},"headline":"Jovem de 23 anos morre em acidente na MG-179 entre moto e caminhonete","datePublished":"2026-08-30T21:51:09+00:00","mainEntityOfPage":{"@id":"https:\/\/terradomandu.com.br\/index.php\/2026\/08\/30\/jovem-de-23-anos-morre-em-acidente-na-mg-179-entre-moto-e-caminhonete\/"},"wordCount":156,"commentCount":0,"publisher":{"@id":"https:\/\/terradomandu.com.br\/#organization"},"image":{"@id":"https:\/\/terradomandu.com.br\/index.php\/2026\/08\/30\/jovem-de-23-anos-morre-em-acidente-na-mg-179-entre-moto-e-caminhonete\/#primaryimage"},"thumbnailUrl":"https:\/\/terradomandu.com.br\/wp-content\/uploads\/2026\/08\/WhatsApp-Image-2026-08-30-at-17.13.37.jpeg","keywords":["Pr\u00f3ximo a Po\u00e7o Fundo"],"articleSection":["DESTAQUE"],"inLanguage":"pt-BR","potentialAction":[{"@type":"CommentAction","name":"Comment","target":["https:\/\/terradomandu.com.br\/index.php\/2026\/08\/30\/jovem-de-23-anos-morre-em-acidente-na-mg-179-entre-moto-e-caminhonete\/#respond"]}]},{"@type":"WebPage","@id":"https:\/\/terradomandu.com.br\/index.php\/2026\/08\/30\/jovem-de-23-anos-morre-em-acidente-na-mg-179-entre-moto-e-caminhonete\/","url":"https:\/\/terradomandu.com.br\/index.php\/2026\/08\/30\/jovem-de-23-anos-morre-em-acidente-na-mg-179-entre-moto-e-caminhonete\/","name":"Jovem de 23 anos morre em acidente na MG-179 entre moto e caminhonete","isPartOf":{"@id":"https:\/\/terradomandu.com.br\/#website"},"primaryImageOfPage":{"@id":"https:\/\/terradomandu.com.br\/index.php\/2026\/08\/30\/jovem-de-23-anos-morre-em-acidente-na-mg-179-entre-moto-e-caminhonete\/#primaryimage"},"image":{"@id":"https:\/\/terradomandu.com.br\/index.php\/2026\/08\/30\/jovem-de-23-anos-morre-em-acidente-na-mg-179-entre-moto-e-caminhonete\/#primaryimage"},"thumbnailUrl":"https:\/\/terradomandu.com.br\/wp-content\/uploads\/2026\/08\/WhatsApp-Image-2026-08-30-at-17.13.37.jpeg","datePublished":"2026-08-30T21:51:09+00:00","description":"Um motociclista, de 23 anos, morreu em um acidente na MG-179, na noite deste s\u00e1bado (29\/8), pr\u00f3ximo a Po\u00e7o Fundo.","breadcrumb":{"@id":"https:\/\/terradomandu.com.br\/index.php\/2026\/08\/30\/jovem-de-23-anos-morre-em-acidente-na-mg-179-entre-moto-e-caminhonete\/#breadcrumb"},"inLanguage":"pt-BR","potentialAction":[{"@type":"ReadAction","target":["https:\/\/terradomandu.com.br\/index.php\/2026\/08\/30\/jovem-de-23-anos-morre-em-acidente-na-mg-179-entre-moto-e-caminhonete\/"]}]},{"@type":"ImageObject","inLanguage":"pt-BR","@id":"https:\/\/terradomandu.com.br\/index.php\/2026\/08\/30\/jovem-de-23-anos-morre-em-acidente-na-mg-179-entre-moto-e-caminhonete\/#primaryimage","url":"https:\/\/terradomandu.com.br\/wp-content\/uploads\/2026\/08\/WhatsApp-Image-2026-08-30-at-17.13.37.jpeg","contentUrl":"https:\/\/terradomandu.com.br\/wp-content\/uploads\/2026\/08\/WhatsApp-Image-2026-08-30-at-17.13.37.jpeg","width":940,"height":705,"caption":"Jovem de 23 anos morre em acidente na MG-179 entre moto e caminhonete. Imagem: reprodu\u00e7\u00e3o PMRV"},{"@type":"BreadcrumbList","@id":"https:\/\/terradomandu.com.br\/index.php\/2026\/08\/30\/jovem-de-23-anos-morre-em-acidente-na-mg-179-entre-moto-e-caminhonete\/#breadcrumb","itemListElement":[{"@type":"ListItem","position":1,"name":"In\u00edcio","item":"https:\/\/terradomandu.com.br\/"},{"@type":"ListItem","position":2,"name":"Jovem de 23 anos morre em acidente na MG-179 entre moto e caminhonete"}]},{"@type":"WebSite","@id":"https:\/\/terradomandu.com.br\/#website","url":"https:\/\/terradomandu.com.br\/","name":"Terra do Mandu - Not\u00edcias de Pouso Alegre e regi\u00e3o","description":"Not\u00edcias de Pouso Alegre e regi\u00e3o. Terra do Mandu \u00e9 jornalismo s\u00e9rio e conte\u00fado pr\u00f3prio.","publisher":{"@id":"https:\/\/terradomandu.com.br\/#organization"},"potentialAction":[{"@type":"SearchAction","target":{"@type":"EntryPoint","urlTemplate":"https:\/\/terradomandu.com.br\/?s={search_term_string}"},"query-input":{"@type":"PropertyValueSpecification","valueRequired":true,"valueName":"search_term_string"}}],"inLanguage":"pt-BR"},{"@type":"Organization","@id":"https:\/\/terradomandu.com.br\/#organization","name":"TERRA DO MANDU - NOT\u00cdCIAS DE POUSO ALEGRE E SUL DE MINAS","url":"https:\/\/terradomandu.com.br\/","logo":{"@type":"ImageObject","inLanguage":"pt-BR","@id":"https:\/\/terradomandu.com.br\/#\/schema\/logo\/image\/","url":"https:\/\/terradomandu.com.br\/wp-content\/uploads\/2020\/10\/logo_azul-1.png","contentUrl":"https:\/\/terradomandu.com.br\/wp-content\/uploads\/2020\/10\/logo_azul-1.png","width":1080,"height":1080,"caption":"TERRA DO MANDU - NOT\u00cdCIAS DE POUSO ALEGRE E SUL DE MINAS"},"image":{"@id":"https:\/\/terradomandu.com.br\/#\/schema\/logo\/image\/"},"sameAs":["https:\/\/www.facebook.com\/terradomandu\/","https:\/\/x.com\/terradomandu","https:\/\/www.instagram.com\/terradomandu","https:\/\/www.youtube.com\/terradomandu"]},{"@type":"Person","@id":"https:\/\/terradomandu.com.br\/#\/schema\/person\/7de057f269b2608e6ca8f7798f29f97b","name":"Magson Gomes","image":{"@type":"ImageObject","inLanguage":"pt-BR","@id":"https:\/\/secure.gravatar.com\/avatar\/dc9dc73e44360b2877063bf5a8519d382eff67a9ed7b83f0acbe1437d7ced006?s=96&d=mm&r=g","url":"https:\/\/secure.gravatar.com\/avatar\/dc9dc73e44360b2877063bf5a8519d382eff67a9ed7b83f0acbe1437d7ced006?s=96&d=mm&r=g","contentUrl":"https:\/\/secure.gravatar.com\/avatar\/dc9dc73e44360b2877063bf5a8519d382eff67a9ed7b83f0acbe1437d7ced006?s=96&d=mm&r=g","caption":"Magson Gomes"},"sameAs":["http:\/\/www.terradomandu.com.br"],"url":"https:\/\/terradomandu.com.br\/index.php\/author\/magson\/"}]}},"jetpack_featured_media_url":"https:\/\/terradomandu.com.br\/wp-content\/uploads\/2026\/08\/WhatsApp-Image-2026-08-30-at-17.13.37.jpeg","jetpack_sharing_enabled":true,"_links":{"self":[{"href":"https:\/\/terradomandu.com.br\/index.php\/wp-json\/wp\/v2\/posts\/124250","targetHints":{"allow":["GET"]}}],"collection":[{"href":"https:\/\/terradomandu.com.br\/index.php\/wp-json\/wp\/v2\/posts"}],"about":[{"href":"https:\/\/terradomandu.com.br\/index.php\/wp-json\/wp\/v2\/types\/post"}],"author":[{"embeddable":true,"href":"https:\/\/terradomandu.com.br\/index.php\/wp-json\/wp\/v2\/users\/2"}],"replies":[{"embeddable":true,"href":"https:\/\/terradomandu.com.br\/index.php\/wp-json\/wp\/v2\/comments?post=124250"}],"version-history":[{"count":1,"href":"https:\/\/terradomandu.com.br\/index.php\/wp-json\/wp\/v2\/posts\/124250\/revisions"}],"predecessor-version":[{"id":124252,"href":"https:\/\/terradomandu.com.br\/index.php\/wp-json\/wp\/v2\/posts\/124250\/revisions\/124252"}],"wp:featuredmedia":[{"embeddable":true,"href":"https:\/\/terradomandu.com.br\/index.php\/wp-json\/wp\/v2\/media\/124251"}],"wp:attachment":[{"href":"https:\/\/terradomandu.com.br\/index.php\/wp-json\/wp\/v2\/media?parent=124250"}],"wp:term":[{"taxonomy":"category","embeddable":true,"href":"https:\/\/terradomandu.com.br\/index.php\/wp-json\/wp\/v2\/categories?post=124250"},{"taxonomy":"post_tag","embeddable":true,"href":"https:\/\/terradomandu.com.br\/index.php\/wp-json\/wp\/v2\/tags?post=124250"}],"curies":[{"name":"wp","href":"https:\/\/api.w.org\/{rel}","templated":true}]}}